{"id":3392,"date":"2013-02-21T16:33:06","date_gmt":"2013-02-21T15:33:06","guid":{"rendered":"http:\/\/stockportal.hu\/?p=3392"},"modified":"2013-02-21T16:33:06","modified_gmt":"2013-02-21T15:33:06","slug":"felbukkant-az-apple-iwatch-feltetelezheto-szabadalma","status":"publish","type":"post","link":"https:\/\/gazdasagportal.hu\/index.php\/felbukkant-az-apple-iwatch-feltetelezheto-szabadalma\/","title":{"rendered":"Felbukkant az Apple iWatch felt\u00e9telezhet\u0151 szabadalma"},"content":{"rendered":"<p><strong>Az Appleinsider blog szerkeszt\u0151i r\u00e1bukkantak az Apple iWatch\u00a0\u00a0felt\u00e9telezhet\u0151 szabadalm\u00e1ra &#8211; \u00edrja a TechChrunch sz\u00e1m\u00edt\u00e1stechnikai h\u00edrport\u00e1l.<!--more--><\/strong><\/p>\n<p>Az Apple sz\u00e1mos olyan technol\u00f3giai szabadalommal rendelkezik m\u00e1r, amelyeket felt\u00e9tezhet\u0151en valamif\u00e9le &#8222;viselhet\u0151 sz\u00e1m\u00edt\u00e1stechnikai&#8221; eszk\u00f6z\u00f6kn\u00e9l k\u00edv\u00e1n majd alkalmazni, de az a szabadalom, amelyre az Appleinsider bukkant r\u00e1, a felt\u00e9telez\u00e9sek szerint konkr\u00e9tan azt az \u00faj &#8222;kar\u00f3ra-okostelefon&#8221; term\u00e9ket fedi, amelyr\u0151l iWatch n\u00e9v alatt egyre gyakrabban foglalkozik a sajt\u00f3.<br \/>\nA szabadalom egy olyan, az alkaron viselhet\u0151 sz\u00e1m\u00edt\u00e1stechnikai eszk\u00f6zt fed, amelynek flexibilis k\u00e9perny\u0151je egy rug\u00f3s karperechez hasonl\u00f3an fogja k\u00f6r\u00fcl a csukl\u00f3t, \u00e9s teljes fel\u00fclet\u00e9n k\u00f6rk\u00f6r\u00f6sen folytonos k\u00e9pi megjelen\u00edt\u00e9st biztos\u00edt.<br \/>\nA karperec egym\u00e1shoz \u00e9rintkez\u0151 fel\u00fcletei alapj\u00e1n a k\u00e9sz\u00fcl\u00e9k felismeri, hogy hol helyezkedik el a k\u00e9perny\u0151 eleje \u00e9s a v\u00e9ge, \u00e9s azok egym\u00e1shoz illeszt\u00e9s\u00e9vel k\u00f6rk\u00f6r\u00f6sen folytonos k\u00e9pet ad. A szabadalmi le\u00edr\u00e1s szerint a k\u00e9sz\u00fcl\u00e9k mind csukl\u00f3ra hajl\u00edtva, mind laposra kiter\u00edtve haszn\u00e1lhat\u00f3 lesz.<br \/>\nA karperec-eszk\u00f6z funkcionalit\u00e1sai k\u00f6z\u00f6tt a szabadalom olyanokat eml\u00edt, mint p\u00e9ld\u00e1ul &#8222;zenesz\u00e1m lej\u00e1tsz\u00e1si lista \u00f6ssze\u00e1ll\u00edt\u00e1sa&#8221;, &#8222;h\u00edv\u00e1slista&#8221;, vagy &#8222;\u00fczenetek \u00edr\u00e1sa a k\u00e9sz\u00fcl\u00e9k teljes fel\u00fclet\u00e9t kit\u00f6lt\u0151 virtu\u00e1lis billenty\u0171zettel&#8221;. Az aj\u00e1nlott felhaszn\u00e1l\u00e1si m\u00f3dok k\u00f6z\u00f6tt eml\u00edt\u00e9sre ker\u00fcl m\u00e9g a &#8222;navig\u00e1ci\u00f3s input&#8221; is.<br \/>\nAz eszk\u00f6z akkumul\u00e1tor\u00e1nak \u00fczemidej\u00e9t napenergia \u00e9s kinetikai energia hasznos\u00edt\u00f3 egys\u00e9gek n\u00f6veln\u00e9k meg.<br \/>\nA karperec kivitel mellett a szabadalom eml\u00edt\u00e9st tesz egy a hagyom\u00e1nyos kar\u00f3r\u00e1hoz jobban hasonl\u00edt\u00f3 megold\u00e1si lehet\u0151s\u00e9gr\u0151l is.<br \/>\nAz Apple iWatch a Bloomberg h\u00edr\u00fcgyn\u00f6ks\u00e9g, a New York Times \u00e9s a Wall Street Journal egym\u00e1st\u00f3l f\u00fcggetlen \u00e9rtes\u00fcl\u00e9sei szerint m\u00e1r gy\u00e1rt\u00e1sban van. (MTI)<\/p>\n","protected":false},"excerpt":{"rendered":"<p>Az Appleinsider blog szerkeszt\u0151i r\u00e1bukkantak az Apple iWatch\u00a0\u00a0felt\u00e9telezhet\u0151 szabadalm\u00e1ra &#8211; \u00edrja a TechChrunch sz\u00e1m\u00edt\u00e1stechnikai h\u00edrport\u00e1l.<\/p>\n","protected":false},"author":1,"featured_media":3393,"comment_status":"closed","ping_status":"open","sticky":false,"template":"","format":"standard","meta":[],"categories":[8],"tags":[],"_links":{"self":[{"href":"https:\/\/gazdasagportal.hu\/index.php\/wp-json\/wp\/v2\/posts\/3392"}],"collection":[{"href":"https:\/\/gazdasagportal.hu\/index.php\/wp-json\/wp\/v2\/posts"}],"about":[{"href":"https:\/\/gazdasagportal.hu\/index.php\/wp-json\/wp\/v2\/types\/post"}],"author":[{"embeddable":true,"href":"https:\/\/gazdasagportal.hu\/index.php\/wp-json\/wp\/v2\/users\/1"}],"replies":[{"embeddable":true,"href":"https:\/\/gazdasagportal.hu\/index.php\/wp-json\/wp\/v2\/comments?post=3392"}],"version-history":[{"count":2,"href":"https:\/\/gazdasagportal.hu\/index.php\/wp-json\/wp\/v2\/posts\/3392\/revisions"}],"predecessor-version":[{"id":3395,"href":"https:\/\/gazdasagportal.hu\/index.php\/wp-json\/wp\/v2\/posts\/3392\/revisions\/3395"}],"wp:featuredmedia":[{"embeddable":true,"href":"https:\/\/gazdasagportal.hu\/index.php\/wp-json\/wp\/v2\/media\/3393"}],"wp:attachment":[{"href":"https:\/\/gazdasagportal.hu\/index.php\/wp-json\/wp\/v2\/media?parent=3392"}],"wp:term":[{"taxonomy":"category","embeddable":true,"href":"https:\/\/gazdasagportal.hu\/index.php\/wp-json\/wp\/v2\/categories?post=3392"},{"taxonomy":"post_tag","embeddable":true,"href":"https:\/\/gazdasagportal.hu\/index.php\/wp-json\/wp\/v2\/tags?post=3392"}],"curies":[{"name":"wp","href":"https:\/\/api.w.org\/{rel}","templated":true}]}}