{"id":33908,"date":"2014-04-30T04:50:48","date_gmt":"2014-04-30T02:50:48","guid":{"rendered":"http:\/\/stockportal.hu\/?p=33908"},"modified":"2014-04-29T21:30:20","modified_gmt":"2014-04-29T19:30:20","slug":"kran-valsag-fegyveres-szakadarok-bekeritettek-a-luhanszki-belugyi-parancsnoksag-epuletet","status":"publish","type":"post","link":"https:\/\/gazdasagportal.hu\/index.php\/kran-valsag-fegyveres-szakadarok-bekeritettek-a-luhanszki-belugyi-parancsnoksag-epuletet\/","title":{"rendered":"Ukr\u00e1n v\u00e1ls\u00e1g: Fegyveres szakad\u00e1rok beker\u00edtett\u00e9k a luhanszki bel\u00fcgyi parancsnoks\u00e1g \u00e9p\u00fclet\u00e9t"},"content":{"rendered":"<p><strong>Oroszbar\u00e1t t\u00fcntet\u0151k \u00e9s fegyveres szakad\u00e1rok beker\u00edtett\u00e9k kedden a kelet-ukrajnai Luhanszkban a bel\u00fcgyminiszt\u00e9rium megyei f\u0151parancsnoks\u00e1g\u00e1nak \u00e9p\u00fclet\u00e9t.<!--more--><\/strong><\/p>\n<div id=\"vid4u\"><\/div>\n<p><script type=\"text\/javascript\">var rid = 100000 + Math.floor(Math.random()*99999); var b = document.createElement(\"div\"); b.setAttribute(\"id\", \"v4u_c_\"+rid+\"_3\"); var r = document.getElementById(\"vid4u\"); r.parentNode.insertBefore(b,r); r.setAttribute(\"id\", \"\"); (function(w, d, s, rid) { function go(){ var js, fjs = d.getElementsByTagName(s)[0], load = function(url, id) { if (d.getElementById(id)) { d.getElementById(id).onload = d.getElementById(id).onreadystatechange = function() { if (typeof vid4u != 'undefined') vid4u.init(480,289,\"0scneAox4k\",null,3, rid);}; return; } js = d.createElement(s); js.src = url; js.id = id; fjs.parentNode.insertBefore(js, fjs); js.onload = js.onreadystatechange = function() { if (typeof vid4u != 'undefined') vid4u.init(480,289,\"0scneAox4k\",null,3, rid); };}; load(\"\/\/video.vid4u.org\/vid4ul.js\", \"vjs_\"+rid); } go(); }(window, document, \"script\", rid));<\/script><\/p>\n<p>Helysz\u00edni jelent\u00e9sek szerint mintegy k\u00e9t-h\u00e1romezer t\u00fcntet\u0151, k\u00f6zt\u00fck harminc-\u00f6tven s\u00edmaszkot, goly\u00f3\u00e1ll\u00f3 mell\u00e9nyt visel\u0151, g\u00e9pkarab\u00e9lyokkal fegyverzett szakad\u00e1r vette k\u00f6r\u00fcl az \u00e9p\u00fcletet. Bent a rendv\u00e9delmiek elbarik\u00e1dozt\u00e1k magukat.<br \/>\nAz UNIAN ukr\u00e1n h\u00edr\u00fcgyn\u00f6ks\u00e9g helysz\u00edni tud\u00f3s\u00edt\u00e1sa szerint a rend\u0151r\u00f6k oszlat\u00f3gr\u00e1n\u00e1tokat vetettek be, a szeparatist\u00e1k Molotov-kokt\u00e9lokat dob\u00e1ltak, \u00e9s r\u00e1l\u0151ttek az \u00e9p\u00fcletre. S\u00e9r\u00fcltekr\u0151l egyel\u0151re nem \u00e9rkezett h\u00edr. Helysz\u00edni forr\u00e1sok arr\u00f3l is besz\u00e1moltak, hogy fegyvertelen t\u00fcntet\u0151kkel fedezik magukat a fegyveres szeparatist\u00e1k.<br \/>\nA nap folyam\u00e1n a t\u00fcntet\u0151k elfoglalt\u00e1k a megyei adminisztr\u00e1ci\u00f3, az \u00fcgy\u00e9szs\u00e9g \u00e9s a telev\u00edzi\u00f3 \u00e9p\u00fcleteit. A szeparatist\u00e1k Luhanszkban \u00e1prilis 6-a \u00f3ta tartj\u00e1k megsz\u00e1llva az ukr\u00e1n biztons\u00e1gi szolg\u00e1lat (SZBU) helyi r\u00e9szleg\u00e9nek \u00e9p\u00fclet\u00e9t.<br \/>\nEgyes forr\u00e1sok szerint a megyeh\u00e1z\u00e1t v\u00e9d\u0151 rend\u0151r\u00f6k \u00e1t\u00e1lltak a t\u00fcntet\u0151k oldal\u00e1ra, \u00e9s kit\u0171zt\u00e9k magukra a kelet-ukrajnai szeparatist\u00e1k jelk\u00e9p\u00e9t, a fekete-narancs s\u00e1vos orosz c\u00e1ri Gy\u00f6rgy-szalagot. Fegyvereiket ugyanakkor nem adt\u00e1k \u00e1t a szakad\u00e1roknak.<br \/>\nA hivatali \u00e9p\u00fclet als\u00f3 szintj\u00e9n a behatol\u00f3k bet\u00f6rt\u00e9k az ajt\u00f3kat, ablakokat, a tet\u0151n \u00e9s az ablakokban Oroszorsz\u00e1g \u00e9s a &#8222;luhanszki n\u00e9pk\u00f6zt\u00e1rsas\u00e1g&#8221; z\u00e1szl\u00f3i l\u00e1that\u00f3k.<br \/>\nHelyi forr\u00e1sok arr\u00f3l is besz\u00e1moltak, hogy a v\u00e1rosban t\u00f6bb fegyveres szakad\u00e1rt l\u00e1ttak cirk\u00e1l\u00f3 rend\u0151raut\u00f3kban.<br \/>\nK\u00f6zben az \u00e1llamf\u0151i feladatok ell\u00e1t\u00e1s\u00e1val ideiglenesen megb\u00edzott Olekszandr Turcsinov h\u00e1zeln\u00f6k kedden b\u00edr\u00e1lta a kelet-ukrajnai &#8211; Donyeck \u00e9s Luhanszk megyei &#8211; rendv\u00e9delmiek munk\u00e1j\u00e1t, akik szavai szerint tehetetlenek, t\u00f6bben k\u00f6z\u00fcl\u00fck pedig el\u00e1rult\u00e1k esk\u00fcj\u00fcket. Az \u00fcgyviv\u0151 \u00e1llamf\u0151 ezzel magyar\u00e1zta a t\u00e9rs\u00e9gben ind\u00edtott terrorellenes m\u0171velet eredm\u00e9nytelens\u00e9g\u00e9t.<br \/>\n&#8222;Neh\u00e9z elismerni, de \u00edgy van. A kelet-ukrajnai rendv\u00e9delmi szervek tagjainak t\u00falnyom\u00f3 t\u00f6bbs\u00e9ge k\u00e9ptelen teljes\u00edteni az \u00e1llampolg\u00e1raink v\u00e9delm\u00e9re vonatkoz\u00f3 k\u00f6teless\u00e9g\u00e9t&#8221; &#8211; sz\u00f6gezte le Turcsinov az ukr\u00e1n parlament honlapj\u00e1n k\u00f6zz\u00e9tett \u00fczenet\u00e9ben.<br \/>\nFelsz\u00f3l\u00edtotta a bel\u00fcgyminisztert, hogy menessze tiszt\u00e9r\u0151l a Donyeck \u00e9s Luhanszk megyei bel\u00fcgyi vezet\u0151ket. K\u00f6z\u00f6lte, hogy elbocs\u00e1tj\u00e1k a biztons\u00e1gi er\u0151knek azokat a tagjait, akik nem k\u00e9pesek feladatukat ell\u00e1tni. &#8222;Azok pedig, akik el\u00e1rult\u00e1k Ukrajn\u00e1t, \u00e9s \u00e1t\u00e1lltak a terrorist\u00e1k oldal\u00e1ra, a t\u00f6rv\u00e9ny el\u0151tt fognak ez\u00e9rt felelni&#8221; &#8211; tette hozz\u00e1.<br \/>\nAz Ukrajinszka Pravda ukr\u00e1n h\u00edrport\u00e1l jelent\u00e9se szerint szakad\u00e1rok a Luhanszk megyei Pervomajszk telep\u00fcl\u00e9sen is elfoglalt\u00e1k a v\u00e1rosh\u00e1z\u00e1t.(MTI)<\/p>\n","protected":false},"excerpt":{"rendered":"<p>Oroszbar\u00e1t t\u00fcntet\u0151k \u00e9s fegyveres szakad\u00e1rok beker\u00edtett\u00e9k kedden a kelet-ukrajnai Luhanszkban a bel\u00fcgyminiszt\u00e9rium megyei f\u0151parancsnoks\u00e1g\u00e1nak \u00e9p\u00fclet\u00e9t.<\/p>\n","protected":false},"author":1,"featured_media":0,"comment_status":"open","ping_status":"closed","sticky":false,"template":"","format":"standard","meta":[],"categories":[139],"tags":[],"_links":{"self":[{"href":"https:\/\/gazdasagportal.hu\/index.php\/wp-json\/wp\/v2\/posts\/33908"}],"collection":[{"href":"https:\/\/gazdasagportal.hu\/index.php\/wp-json\/wp\/v2\/posts"}],"about":[{"href":"https:\/\/gazdasagportal.hu\/index.php\/wp-json\/wp\/v2\/types\/post"}],"author":[{"embeddable":true,"href":"https:\/\/gazdasagportal.hu\/index.php\/wp-json\/wp\/v2\/users\/1"}],"replies":[{"embeddable":true,"href":"https:\/\/gazdasagportal.hu\/index.php\/wp-json\/wp\/v2\/comments?post=33908"}],"version-history":[{"count":4,"href":"https:\/\/gazdasagportal.hu\/index.php\/wp-json\/wp\/v2\/posts\/33908\/revisions"}],"predecessor-version":[{"id":33918,"href":"https:\/\/gazdasagportal.hu\/index.php\/wp-json\/wp\/v2\/posts\/33908\/revisions\/33918"}],"wp:attachment":[{"href":"https:\/\/gazdasagportal.hu\/index.php\/wp-json\/wp\/v2\/media?parent=33908"}],"wp:term":[{"taxonomy":"category","embeddable":true,"href":"https:\/\/gazdasagportal.hu\/index.php\/wp-json\/wp\/v2\/categories?post=33908"},{"taxonomy":"post_tag","embeddable":true,"href":"https:\/\/gazdasagportal.hu\/index.php\/wp-json\/wp\/v2\/tags?post=33908"}],"curies":[{"name":"wp","href":"https:\/\/api.w.org\/{rel}","templated":true}]}}