{"id":33870,"date":"2014-04-29T15:56:00","date_gmt":"2014-04-29T13:56:00","guid":{"rendered":"http:\/\/stockportal.hu\/?p=33870"},"modified":"2014-04-29T15:56:00","modified_gmt":"2014-04-29T13:56:00","slug":"ep-valasztas-orszagjarasba-kezd-a-fidesz-kdnp","status":"publish","type":"post","link":"https:\/\/gazdasagportal.hu\/index.php\/ep-valasztas-orszagjarasba-kezd-a-fidesz-kdnp\/","title":{"rendered":"EP-v\u00e1laszt\u00e1s: Orsz\u00e1gj\u00e1r\u00e1sba kezd a Fidesz-KDNP"},"content":{"rendered":"<p><strong>Orsz\u00e1gj\u00e1r\u00e1sba kezd j\u00f6v\u0151 h\u00e9tf\u0151n a Fidesz-KDNP: a p\u00e1rtsz\u00f6vets\u00e9g eur\u00f3pai parlamenti (EP-) k\u00e9pvisel\u0151jel\u00f6ltjei \u00e9s vezet\u0151 politikusai mintegy 120 helysz\u00ednen tartanak majd kamp\u00e1nygy\u0171l\u00e9st &#8211; k\u00f6z\u00f6lte Hidv\u00e9ghi Bal\u00e1zs \u00e9s D\u00f6m\u00f6t\u00f6r Csaba Fidesz-KDNP-s EP-k\u00e9pvisel\u0151jel\u00f6lt kedden Budapesten, sajt\u00f3t\u00e1j\u00e9koztat\u00f3n.<!--more--><\/strong><\/p>\n<div id=\"vid4u\"><\/div>\n<p><script type=\"text\/javascript\">var rid = 100000 + Math.floor(Math.random()*99999); var b = document.createElement(\"div\"); b.setAttribute(\"id\", \"v4u_c_\"+rid+\"_3\"); var r = document.getElementById(\"vid4u\"); r.parentNode.insertBefore(b,r); r.setAttribute(\"id\", \"\"); (function(w, d, s, rid) { function go(){ var js, fjs = d.getElementsByTagName(s)[0], load = function(url, id) { if (d.getElementById(id)) { d.getElementById(id).onload = d.getElementById(id).onreadystatechange = function() { if (typeof vid4u != 'undefined') vid4u.init(480,289,\"0scneAox4k\",null,3, rid);}; return; } js = d.createElement(s); js.src = url; js.id = id; fjs.parentNode.insertBefore(js, fjs); js.onload = js.onreadystatechange = function() { if (typeof vid4u != 'undefined') vid4u.init(480,289,\"0scneAox4k\",null,3, rid); };}; load(\"\/\/video.vid4u.org\/vid4ul.js\", \"vjs_\"+rid); } go(); }(window, document, \"script\", rid));<\/script><\/p>\n<p>D\u00f6m\u00f6t\u00f6r Csaba azt mondta, orsz\u00e1gj\u00e1r\u00e1suk v\u00e1rhat\u00f3an m\u00e1jus 18-ig, vagyis az EP-v\u00e1laszt\u00e1s el\u0151tti vas\u00e1rnapig tart, a rendezv\u00e9nyek pedig legink\u00e1bb a kor\u00e1bbi &#8222;rezsif\u00f3rumokhoz&#8221; hasonl\u00edtanak majd.<br \/>\n&#8222;Az orsz\u00e1gj\u00e1r\u00e1son azt szeretn\u00e9nk elmondani, hogy olyan k\u00e9pvisel\u0151kre van sz\u00fcks\u00e9g Br\u00fcsszelben, akik k\u00e9pesek ki\u00e1llni a magyar \u00e9rdekek\u00e9rt, \u00e9s fell\u00e9pnek mind a baloldali, mind a jobboldali sz\u00e9ls\u0151s\u00e9gesek ellen&#8221; &#8211; fogalmazott a jel\u00f6lt.<br \/>\nHidv\u00e9ghi Bal\u00e1zs hangs\u00falyozta: a nemzeti \u00e9rdekek\u00e9rt hat\u00e1rozottan ki\u00e1ll\u00f3, kiegyens\u00falyozott politik\u00e1t kell k\u00e9pviselni az Eur\u00f3pai Uni\u00f3ban. &#8222;Nem akarjuk azt, hogy az EU belesz\u00f3ljon abba, hogyan f\u0151zz\u00fck a p\u00e1link\u00e1t, \u00e9s nem akarjuk azt sem, hogy meghat\u00e1rozz\u00e1k, mennyi ak\u00e1cf\u00e1t \u00fcltethet\u00fcnk Magyarorsz\u00e1gon&#8221; &#8211; mondta, kiemelve tov\u00e1bb\u00e1 a rezsics\u00f6kkent\u00e9s \u00e9s a magyar f\u00f6ld megv\u00e9d\u00e9s\u00e9nek fontoss\u00e1g\u00e1t.<br \/>\nEml\u00e9keztetett, a Fidesz-KDNP nemzeti, vagyis a hat\u00e1ron t\u00fali magyars\u00e1g k\u00e9pvisel\u0151it is felsorakoztat\u00f3 list\u00e1t \u00e1ll\u00edtott az EP-v\u00e1laszt\u00e1sra, kifejezve, hogy Magyarorsz\u00e1g felel\u0151ss\u00e9get v\u00e1llal az eg\u00e9sz magyar nemzet\u00e9rt.<br \/>\nAzzal kapcsolatban, hogy Ujhelyi Istv\u00e1n orsz\u00e1ggy\u0171l\u00e9si aleln\u00f6k, MSZP-s EP-k\u00e9pvisel\u0151jel\u00f6lt &#8211; mint azt sajt\u00f3t\u00e1j\u00e9koztat\u00f3j\u00e1n elmondta &#8211; Br\u00fcsszelbe mag\u00e1val visz a sajt\u00f3szabads\u00e1g korl\u00e1toz\u00e1sa ellen tiltakoz\u00f3, \u00fcres c\u00edmlappal megjelent napilapokat is, D\u00f6m\u00f6t\u00f6r Csaba azt k\u00e9rte: a baloldal fejezze be a &#8222;nemzetk\u00f6zi hiszt\u00e9riakelt\u00e9st&#8221;.<br \/>\nA Fidesz-KDNP-s k\u00e9pvisel\u0151jel\u00f6ltekt\u0151l megk\u00e9rdezt\u00e9k a sajt\u00f3t\u00e1j\u00e9koztat\u00f3n, mit sz\u00f3lnak ahhoz, hogy a Transparency International, a K-Monitor F\u00fcggetlen K\u00f6zp\u00e9nzfigyel\u0151 Iroda, valamint az atlatszo.hu oknyomoz\u00f3 port\u00e1l sz\u00e1m\u00edt\u00e1sai szerint a Fidesz-KDNP jelent\u0151sen t\u00fall\u00e9pte az orsz\u00e1ggy\u0171l\u00e9si v\u00e1laszt\u00e1si kamp\u00e1nyra ford\u00edthat\u00f3 maxim\u00e1lis k\u00f6lt\u00e9si \u00f6sszeget.<br \/>\nD\u00f6m\u00f6t\u00f6r Csaba ezt \u00fagy komment\u00e1lta: a Fidesz minden p\u00e9nz\u00fcgyi k\u00f6telezetts\u00e9g\u00e9nek eleget tesz, p\u00e9nz\u00fcgyi besz\u00e1mol\u00f3it az el\u0151\u00edrt hat\u00e1rid\u0151ig eljuttatja az \u00e1llami szerveknek. A politikus megalapozatlannak nevezte a kutat\u00e1st v\u00e9gz\u0151 szervezetek sz\u00e1m\u00edt\u00e1sait. Szerinte azonban nem is igen v\u00e1rhat\u00f3 elfogulatlan v\u00e9lem\u00e9ny egy olyan szervezett\u0151l, amely &#8222;Soros Gy\u00f6rgyt\u0151l kapja p\u00e9nz\u00fcgyi t\u00e1mogat\u00e1s\u00e1t, att\u00f3l a Soros Gy\u00f6rgyt\u0151l, aki egy\u00e9bk\u00e9nt Bajnai Gordon alap\u00edtv\u00e1ny\u00e1t \u00e9s Gyurcs\u00e1ny Ferenc c\u00e9g\u00e9t t\u00e1mogatta t\u00f6bbek k\u00f6z\u00f6tt&#8221;.(MTI)<\/p>\n","protected":false},"excerpt":{"rendered":"<p>Orsz\u00e1gj\u00e1r\u00e1sba kezd j\u00f6v\u0151 h\u00e9tf\u0151n a Fidesz-KDNP: a p\u00e1rtsz\u00f6vets\u00e9g eur\u00f3pai parlamenti (EP-) k\u00e9pvisel\u0151jel\u00f6ltjei \u00e9s vezet\u0151 politikusai mintegy 120 helysz\u00ednen tartanak majd kamp\u00e1nygy\u0171l\u00e9st &#8211; k\u00f6z\u00f6lte Hidv\u00e9ghi Bal\u00e1zs \u00e9s D\u00f6m\u00f6t\u00f6r Csaba Fidesz-KDNP-s EP-k\u00e9pvisel\u0151jel\u00f6lt kedden Budapesten, sajt\u00f3t\u00e1j\u00e9koztat\u00f3n.<\/p>\n","protected":false},"author":1,"featured_media":0,"comment_status":"open","ping_status":"closed","sticky":false,"template":"","format":"standard","meta":[],"categories":[18],"tags":[],"_links":{"self":[{"href":"https:\/\/gazdasagportal.hu\/index.php\/wp-json\/wp\/v2\/posts\/33870"}],"collection":[{"href":"https:\/\/gazdasagportal.hu\/index.php\/wp-json\/wp\/v2\/posts"}],"about":[{"href":"https:\/\/gazdasagportal.hu\/index.php\/wp-json\/wp\/v2\/types\/post"}],"author":[{"embeddable":true,"href":"https:\/\/gazdasagportal.hu\/index.php\/wp-json\/wp\/v2\/users\/1"}],"replies":[{"embeddable":true,"href":"https:\/\/gazdasagportal.hu\/index.php\/wp-json\/wp\/v2\/comments?post=33870"}],"version-history":[{"count":1,"href":"https:\/\/gazdasagportal.hu\/index.php\/wp-json\/wp\/v2\/posts\/33870\/revisions"}],"predecessor-version":[{"id":33871,"href":"https:\/\/gazdasagportal.hu\/index.php\/wp-json\/wp\/v2\/posts\/33870\/revisions\/33871"}],"wp:attachment":[{"href":"https:\/\/gazdasagportal.hu\/index.php\/wp-json\/wp\/v2\/media?parent=33870"}],"wp:term":[{"taxonomy":"category","embeddable":true,"href":"https:\/\/gazdasagportal.hu\/index.php\/wp-json\/wp\/v2\/categories?post=33870"},{"taxonomy":"post_tag","embeddable":true,"href":"https:\/\/gazdasagportal.hu\/index.php\/wp-json\/wp\/v2\/tags?post=33870"}],"curies":[{"name":"wp","href":"https:\/\/api.w.org\/{rel}","templated":true}]}}