{"id":33866,"date":"2014-04-29T15:26:33","date_gmt":"2014-04-29T13:26:33","guid":{"rendered":"http:\/\/stockportal.hu\/?p=33866"},"modified":"2014-04-29T15:26:33","modified_gmt":"2014-04-29T13:26:33","slug":"ebrd-elnok-ujra-kell-inditani-a-szerkezeti-reformokat-az-atalakulo-tersegben","status":"publish","type":"post","link":"https:\/\/gazdasagportal.hu\/index.php\/ebrd-elnok-ujra-kell-inditani-a-szerkezeti-reformokat-az-atalakulo-tersegben\/","title":{"rendered":"EBRD-eln\u00f6k: \u00fajra kell ind\u00edtani a szerkezeti reformokat az \u00e1talakul\u00f3 t\u00e9rs\u00e9gben"},"content":{"rendered":"<p><strong>\u00dajra kell ind\u00edtani a szerkezeti reformokat a k\u00f6z\u00e9p- \u00e9s kelet-eur\u00f3pai \u00e1talakul\u00f3 t\u00e9rs\u00e9gben, mert tov\u00e1bbi reformok n\u00e9lk\u00fcl a r\u00e9gi\u00f3 hossz\u00fa t\u00e1von is csak &#8222;v\u00e9rszeg\u00e9ny&#8221; n\u00f6veked\u00e9sre sz\u00e1m\u00edthat &#8211; mondta kedden az Eur\u00f3pai \u00dajj\u00e1\u00e9p\u00edt\u00e9si \u00e9s Fejleszt\u00e9si Bank (EBRD) eln\u00f6ke.<!--more--><\/strong><\/p>\n<div id=\"vid4u\"><\/div>\n<p><script type=\"text\/javascript\">var rid = 100000 + Math.floor(Math.random()*99999); var b = document.createElement(\"div\"); b.setAttribute(\"id\", \"v4u_c_\"+rid+\"_3\"); var r = document.getElementById(\"vid4u\"); r.parentNode.insertBefore(b,r); r.setAttribute(\"id\", \"\"); (function(w, d, s, rid) { function go(){ var js, fjs = d.getElementsByTagName(s)[0], load = function(url, id) { if (d.getElementById(id)) { d.getElementById(id).onload = d.getElementById(id).onreadystatechange = function() { if (typeof vid4u != 'undefined') vid4u.init(480,289,\"0scneAox4k\",null,3, rid);}; return; } js = d.createElement(s); js.src = url; js.id = id; fjs.parentNode.insertBefore(js, fjs); js.onload = js.onreadystatechange = function() { if (typeof vid4u != 'undefined') vid4u.init(480,289,\"0scneAox4k\",null,3, rid); };}; load(\"\/\/video.vid4u.org\/vid4ul.js\", \"vjs_\"+rid); } go(); }(window, document, \"script\", rid));<\/script><\/p>\n<p>Suma Chakrabarti, aki az Official Monetary and Financial Institutions Forum (OMFIF) nev\u0171 londoni sz\u00e9khely\u0171 glob\u00e1lis p\u00e9nz\u00fcgyi kutat\u00f3int\u00e9zet rendezv\u00e9ny\u00e9n sz\u00f3lalt fel, kiemelte a r\u00e9gi\u00f3 energiaszolg\u00e1ltat\u00e1si szektor\u00e1t azon \u00e1gazatok k\u00f6z\u00f6tt, amelyek eset\u00e9ben, az EBRD meg\u00edt\u00e9l\u00e9se szerint, a szerkezeti reformfolyamat a legink\u00e1bb &#8222;beragadt&#8221;.<br \/>\nSuma Chakrabarti szerint az \u00e1talakul\u00e1s el\u0151rehaladott szakasz\u00e1ban j\u00e1r\u00f3 egyes k\u00f6z\u00e9p-eur\u00f3pai gazdas\u00e1gokban az energiaszektorbeli reformfolyamat vissza is fordult. P\u00e9ldak\u00e9nt eml\u00edtette, hogy Magyarorsz\u00e1gon \u00e9s Bulg\u00e1ri\u00e1ban &#8222;adminisztrat\u00edv jelleg\u0171 d\u00edjcs\u00f6kkent\u00e9sek&#8221; t\u00f6rt\u00e9ntek, amelyek a k\u00f6lts\u00e9gmegt\u00e9r\u00fcl\u00e9si szintek al\u00e1 nyomj\u00e1k az \u00e1rakat.<br \/>\nAz EBRD eln\u00f6ke szerint ez elriasztja a beruh\u00e1z\u00f3kat a szektort\u00f3l, ami hosszabb t\u00e1von a gazdas\u00e1g versenyk\u00e9pess\u00e9g\u00e9t is al\u00e1\u00e1shatja.<br \/>\nSuma Chakrabarti szerint a bank m\u0171k\u00f6d\u00e9si ter\u00fclet\u00e9hez tartoz\u00f3 gazdas\u00e1gokban a n\u00f6veked\u00e9si \u00fctem tov\u00e1bbra is j\u00f3val elmarad a p\u00e9nz\u00fcgyi v\u00e1ls\u00e1g el\u0151tt m\u00e9rt szintekt\u0151l. R\u00e1ad\u00e1sul e gazdas\u00e1gok z\u00f6m\u00e9ben m\u00e1r a v\u00e1ls\u00e1g el\u0151tt, a 2000-es \u00e9vek k\u00f6zep\u00e9t\u0151l lanyhult a reformlend\u00fclet, ami a termel\u00e9kenys\u00e9g visszaes\u00e9s\u00e9hez vezetett.<br \/>\nA hossz\u00fa t\u00e1v\u00fa el\u0151rejelz\u00e9sek arra vallanak, hogy a jelenlegi gazdas\u00e1gpolitikai \u00e9s int\u00e9zm\u00e9nyi keretek k\u00f6z\u00f6tt a k\u00f6vetkez\u0151 \u00e9vtizedben is csak m\u00e9rs\u00e9kelt termel\u00e9kenys\u00e9g-n\u00f6veked\u00e9s v\u00e1rhat\u00f3 az \u00e1talakul\u00f3 t\u00e9rs\u00e9gben. Ez azt is jelenti, hogy le\u00e1llhat vagy &#8222;v\u00e1nszorg\u00e1ss\u00e1 lassulhat&#8221; az \u00e9letsz\u00ednvonal felz\u00e1rk\u00f3ztat\u00e1sa a nyugat-eur\u00f3pai szintekhez &#8211; mondta az EBRD eln\u00f6ke.<br \/>\nHozz\u00e1tette: ha az EBRD tev\u00e9kenys\u00e9gi r\u00e9gi\u00f3j\u00e1hoz tartoz\u00f3 orsz\u00e1gok \u00fajraind\u00edtj\u00e1k a szerkezeti reformokat, az hossz\u00fa t\u00e1von 0,8-1,5 sz\u00e1zal\u00e9kpontot adhat hozz\u00e1 az \u00e9ves szint\u0171 gazdas\u00e1gi n\u00f6veked\u00e9sekhez. Teljesen egy\u00e9rtelm\u0171 teh\u00e1t, hogy a szerkezeti reformok v\u00e9gigvitel\u00e9nek magas n\u00f6veked\u00e9si hozad\u00e9ka van, \u00e9s a gazdas\u00e1gi n\u00f6veked\u00e9s \u00fajb\u00f3li \u00e9l\u00e9nk\u00edt\u00e9se v\u00e9gett a t\u00e9rs\u00e9gi korm\u00e1nyoknak gyors\u00edtaniuk kell e struktur\u00e1lis \u00e1talak\u00edt\u00e1sokat &#8211; mondta keddi londoni besz\u00e9d\u00e9ben az EBRD eln\u00f6ke.<br \/>\nSuma Chakrabarti a bank \u00e1ltal a t\u00e9rs\u00e9gi \u00e1talakul\u00e1sban bet\u00f6lt\u00f6tt alapvet\u0151 szerep illusztr\u00e1l\u00e1s\u00e1ra felid\u00e9zte, hogy alap\u00edt\u00e1sa, vagyis 1991 \u00f3ta eddig \u00f6sszesen n\u00e9gyezer fejleszt\u00e9si programot finansz\u00edrozott m\u0171k\u00f6d\u00e9si ter\u00fclet\u00e9n 90 milli\u00e1rd eur\u00f3 \u00e9rt\u00e9kben.<br \/>\nAz EBRD t\u0151keell\u00e1totts\u00e1ga jelenleg \u00e9vi 8-9 milli\u00e1rd eur\u00f3 finansz\u00edroz\u00e1s foly\u00f3s\u00edt\u00e1s\u00e1t biztos\u00edtja hozz\u00e1vet\u0151leg n\u00e9gysz\u00e1z programra. A bank lehets\u00e9ges legjobb, &#8222;AAA&#8221; hitelmin\u0151s\u00edt\u0151i besorol\u00e1sa lehet\u0151v\u00e9 teszi t\u00e1rsfinansz\u00edroz\u00e1si forr\u00e1sok mozg\u00f3s\u00edt\u00e1s\u00e1t is, \u00e9s \u00edgy az EBRD \u00e1ltal t\u00e1mogatott fejleszt\u00e9si programok teljes \u00e9rt\u00e9ke mintegy a k\u00e9t \u00e9s f\u00e9lszerese a bank \u00e1ltal saj\u00e1t forr\u00e1sb\u00f3l ny\u00fajtott finansz\u00edroz\u00e1sok\u00e9nak &#8211; hangs\u00falyozta keddi el\u0151ad\u00e1s\u00e1ban az EBRD eln\u00f6ke.<\/p>\n<p>(MTI)<\/p><div id=\"gazda-1877858522\" class=\"gazda-tartalomban gazda-entity-placement\"><script async src=\"https:\/\/pagead2.googlesyndication.com\/pagead\/js\/adsbygoogle.js\"><\/script>\r\n<ins class=\"adsbygoogle\"\r\n     style=\"display:block\"\r\n     data-ad-format=\"fluid\"\r\n     data-ad-layout-key=\"-6t+ed+2i-1n-4w\"\r\n     data-ad-client=\"ca-pub-1959107119989764\"\r\n     data-ad-slot=\"4008251320\"><\/ins>\r\n<script>\r\n     (adsbygoogle = window.adsbygoogle || []).push({});\r\n<\/script><\/div>\n","protected":false},"excerpt":{"rendered":"<p>\u00dajra kell ind\u00edtani a szerkezeti reformokat a k\u00f6z\u00e9p- \u00e9s kelet-eur\u00f3pai \u00e1talakul\u00f3 t\u00e9rs\u00e9gben, mert tov\u00e1bbi reformok n\u00e9lk\u00fcl a r\u00e9gi\u00f3 hossz\u00fa t\u00e1von is csak &#8222;v\u00e9rszeg\u00e9ny&#8221; n\u00f6veked\u00e9sre sz\u00e1m\u00edthat &#8211; mondta kedden az Eur\u00f3pai \u00dajj\u00e1\u00e9p\u00edt\u00e9si \u00e9s Fejleszt\u00e9si Bank (EBRD) eln\u00f6ke.<\/p>\n","protected":false},"author":1,"featured_media":0,"comment_status":"open","ping_status":"closed","sticky":false,"template":"","format":"standard","meta":[],"categories":[12],"tags":[],"_links":{"self":[{"href":"https:\/\/gazdasagportal.hu\/index.php\/wp-json\/wp\/v2\/posts\/33866"}],"collection":[{"href":"https:\/\/gazdasagportal.hu\/index.php\/wp-json\/wp\/v2\/posts"}],"about":[{"href":"https:\/\/gazdasagportal.hu\/index.php\/wp-json\/wp\/v2\/types\/post"}],"author":[{"embeddable":true,"href":"https:\/\/gazdasagportal.hu\/index.php\/wp-json\/wp\/v2\/users\/1"}],"replies":[{"embeddable":true,"href":"https:\/\/gazdasagportal.hu\/index.php\/wp-json\/wp\/v2\/comments?post=33866"}],"version-history":[{"count":1,"href":"https:\/\/gazdasagportal.hu\/index.php\/wp-json\/wp\/v2\/posts\/33866\/revisions"}],"predecessor-version":[{"id":33867,"href":"https:\/\/gazdasagportal.hu\/index.php\/wp-json\/wp\/v2\/posts\/33866\/revisions\/33867"}],"wp:attachment":[{"href":"https:\/\/gazdasagportal.hu\/index.php\/wp-json\/wp\/v2\/media?parent=33866"}],"wp:term":[{"taxonomy":"category","embeddable":true,"href":"https:\/\/gazdasagportal.hu\/index.php\/wp-json\/wp\/v2\/categories?post=33866"},{"taxonomy":"post_tag","embeddable":true,"href":"https:\/\/gazdasagportal.hu\/index.php\/wp-json\/wp\/v2\/tags?post=33866"}],"curies":[{"name":"wp","href":"https:\/\/api.w.org\/{rel}","templated":true}]}}