{"id":33835,"date":"2014-04-29T12:33:08","date_gmt":"2014-04-29T10:33:08","guid":{"rendered":"http:\/\/stockportal.hu\/?p=33835"},"modified":"2014-04-29T12:33:08","modified_gmt":"2014-04-29T10:33:08","slug":"nfm-nem-epul-vizlepcso-a-paksi-bovites-miatt","status":"publish","type":"post","link":"https:\/\/gazdasagportal.hu\/index.php\/nfm-nem-epul-vizlepcso-a-paksi-bovites-miatt\/","title":{"rendered":"NFM: nem \u00e9p\u00fcl v\u00edzl\u00e9pcs\u0151 a paksi b\u0151v\u00edt\u00e9s miatt"},"content":{"rendered":"<p><strong>A paksi er\u0151m\u0171 tervezett b\u0151v\u00edt\u00e9se miatt nem sz\u00e1mol a Duna torlaszt\u00e1s\u00e1val az MVM Magyar Villamos M\u0171vek Paks II. Atomer\u0151m\u0171fejleszt\u0151 Zrt. &#8211; der\u00fcl ki N\u00e9meth L\u00e1szl\u00f3n\u00e9 nemzeti fejleszt\u00e9si miniszternek Sz\u00e9l Bernadett (LMP) k\u00e9pvisel\u0151 \u00edr\u00e1sbeli k\u00e9rd\u00e9s\u00e9re adott v\u00e1lasz\u00e1b\u00f3l.<!--more--><\/strong><\/p>\n<div id=\"vid4u\"><\/div>\n<p><script type=\"text\/javascript\">var rid = 100000 + Math.floor(Math.random()*99999); var b = document.createElement(\"div\"); b.setAttribute(\"id\", \"v4u_c_\"+rid+\"_3\"); var r = document.getElementById(\"vid4u\"); r.parentNode.insertBefore(b,r); r.setAttribute(\"id\", \"\"); (function(w, d, s, rid) { function go(){ var js, fjs = d.getElementsByTagName(s)[0], load = function(url, id) { if (d.getElementById(id)) { d.getElementById(id).onload = d.getElementById(id).onreadystatechange = function() { if (typeof vid4u != 'undefined') vid4u.init(480,289,\"0scneAox4k\",null,3, rid);}; return; } js = d.createElement(s); js.src = url; js.id = id; fjs.parentNode.insertBefore(js, fjs); js.onload = js.onreadystatechange = function() { if (typeof vid4u != 'undefined') vid4u.init(480,289,\"0scneAox4k\",null,3, rid); };}; load(\"\/\/video.vid4u.org\/vid4ul.js\", \"vjs_\"+rid); } go(); }(window, document, \"script\", rid));<\/script><\/p>\n<p>A parlament honlapj\u00e1n kedden k\u00f6zz\u00e9tett lev\u00e9l szerint arra a k\u00e9rd\u00e9sre, hogy \u00c9p\u00fcl-e v\u00edzl\u00e9pcs\u0151 a paksi b\u0151v\u00edt\u00e9s miatt, a miniszter azt \u00edrta: az atomer\u0151m\u0171 h\u0171t\u0151v\u00edzzel val\u00f3 ell\u00e1t\u00e1s\u00e1t jelenleg egy nagyj\u00e1b\u00f3l 1,4 kilom\u00e9ter hossz\u00fa hidegv\u00edz-csatorna biztos\u00edtja. A megfelel\u0151 m\u00e9lys\u00e9g\u0171 \u00e9s keresztmetszet\u0171 csatorna kialak\u00edt\u00e1s\u00e1val a sz\u00fcks\u00e9ges v\u00edzmennyis\u00e9g term\u00e9szetes hozz\u00e1foly\u00e1ssal, biztons\u00e1gosan eljuttathat\u00f3 a Dun\u00e1b\u00f3l a h\u0171t\u0151vizet kiemel\u0151 szivatty\u00fa\u00e1llom\u00e1sokig.<br \/>\nA t\u00e1j\u00e9koztat\u00e1s szerint ez a hidegv\u00edz csatorna szolg\u00e1lja majd ki a tervezett \u00faj blokkokat, ez\u00e9rt a m\u00e9ly\u00edt\u00e9se sz\u00fcks\u00e9ges, a tervezett b\u0151v\u00edt\u00e9s \u00e9s m\u00e9ly\u00edt\u00e9s sor\u00e1n figyelembe veszik a foly\u00f3meder &#8222;bel\u00e1that\u00f3 id\u0151n bel\u00fcli&#8221; m\u00e9ly\u00fcl\u00e9si \u00fctem\u00e9t is.<br \/>\nA megl\u00e9v\u0151 \u00e9s a tervezett \u00faj blokkok el\u0151rel\u00e1that\u00f3lag 5-6 \u00e9vet fognak egy\u00fctt \u00fczemelni. Az id\u0151szakban a Dun\u00e1b\u00f3l kiemelt frissv\u00edz mennyis\u00e9ge nagyj\u00e1b\u00f3l a jelenlegi 2,3-szoros\u00e1ra n\u0151, a jelenleg \u00fczemel\u0151 blokkok le\u00e1ll\u00edt\u00e1sa ut\u00e1n pedig ez a mennyis\u00e9g a jelenlegi v\u00edzkiv\u00e9teli mennyis\u00e9gnek k\u00f6r\u00fclbel\u00fcl 1,3 szoros\u00e1t teszi majd ki. \u00cdgy az \u00faj blokkok \u00f6n\u00e1ll\u00f3 \u00fczeme sor\u00e1n a Dun\u00e1b\u00f3l kiemelt frissv\u00edz-mennyis\u00e9g nem jelent jelent\u0151s t\u00f6bbletet a mostani mennyis\u00e9ghez k\u00e9pest.<br \/>\nA miniszter k\u00f6z\u00f6lte: a hat\u00e1lyos hazai \u00e9s nemzetk\u00f6zi szab\u00e1lyoz\u00e1s \u00e9rtelm\u00e9ben az er\u0151m\u0171vek biztons\u00e1gos h\u0171t\u0151v\u00edzell\u00e1t\u00e1s\u00e1t konzervat\u00edv m\u00f3don kell tervezni, ez\u00e9rt a megl\u00e9v\u0151 hidegv\u00edz-csatorn\u00e1t csak \u00fagy lehet b\u0151v\u00edteni \u00e9s m\u00e9ly\u00edteni, hogy az a Duna b\u00e1rminem\u0171 duzzaszt\u00e1sa n\u00e9lk\u00fcl k\u00e9pes legyen a l\u00e9tes\u00edtm\u00e9ny biztons\u00e1gos h\u0171t\u0151v\u00edzell\u00e1t\u00e1s\u00e1ra.<br \/>\nA Dun\u00e1b\u00f3l kiemelt h\u0171t\u0151v\u00edz h\u0151m\u00e9rs\u00e9klete az atomer\u0151m\u0171vi blokk kondenz\u00e1toraiban 8 fokkal emelkedik meg, a felmelegedett h\u0171t\u0151v\u00edz a melegv\u00edz-csatorn\u00e1n jut vissza a Dun\u00e1ba. Az \u00faj blokkok h\u0171t\u0151viz\u00e9nek visszajuttat\u00e1s\u00e1hoz olyan intenz\u00edv elkevered\u00e9st biztos\u00edt\u00f3 v\u00edzbevezet\u00e9si l\u00e9tes\u00edtm\u00e9nyt alak\u00edtanak ki, amelynek feladata a visszavezetett h\u0171t\u0151v\u00edz h\u0151m\u00e9rs\u00e9klet\u00e9t az el\u0151\u00edrt hat\u00e1r\u00e9rt\u00e9kek k\u00f6z\u00f6tt tartani, \u00edgy a h\u0151m\u00e9rs\u00e9kletemelked\u00e9s j\u00f3val az \u00f6kol\u00f3giailag toler\u00e1lhat\u00f3 k\u00fcsz\u00f6b\u00e9rt\u00e9k alatt marad az \u00faj \u00e9s a megl\u00e9v\u0151 blokkok eset\u00e9ben egyar\u00e1nt &#8211; olvashat\u00f3 a lev\u00e9lben.(MTI)<\/p>\n","protected":false},"excerpt":{"rendered":"<p>A paksi er\u0151m\u0171 tervezett b\u0151v\u00edt\u00e9se miatt nem sz\u00e1mol a Duna torlaszt\u00e1s\u00e1val az MVM Magyar Villamos M\u0171vek Paks II. Atomer\u0151m\u0171fejleszt\u0151 Zrt. &#8211; der\u00fcl ki N\u00e9meth L\u00e1szl\u00f3n\u00e9 nemzeti fejleszt\u00e9si miniszternek Sz\u00e9l Bernadett (LMP) k\u00e9pvisel\u0151 \u00edr\u00e1sbeli k\u00e9rd\u00e9s\u00e9re adott v\u00e1lasz\u00e1b\u00f3l.<\/p>\n","protected":false},"author":1,"featured_media":0,"comment_status":"open","ping_status":"closed","sticky":false,"template":"","format":"standard","meta":[],"categories":[19],"tags":[],"_links":{"self":[{"href":"https:\/\/gazdasagportal.hu\/index.php\/wp-json\/wp\/v2\/posts\/33835"}],"collection":[{"href":"https:\/\/gazdasagportal.hu\/index.php\/wp-json\/wp\/v2\/posts"}],"about":[{"href":"https:\/\/gazdasagportal.hu\/index.php\/wp-json\/wp\/v2\/types\/post"}],"author":[{"embeddable":true,"href":"https:\/\/gazdasagportal.hu\/index.php\/wp-json\/wp\/v2\/users\/1"}],"replies":[{"embeddable":true,"href":"https:\/\/gazdasagportal.hu\/index.php\/wp-json\/wp\/v2\/comments?post=33835"}],"version-history":[{"count":1,"href":"https:\/\/gazdasagportal.hu\/index.php\/wp-json\/wp\/v2\/posts\/33835\/revisions"}],"predecessor-version":[{"id":33836,"href":"https:\/\/gazdasagportal.hu\/index.php\/wp-json\/wp\/v2\/posts\/33835\/revisions\/33836"}],"wp:attachment":[{"href":"https:\/\/gazdasagportal.hu\/index.php\/wp-json\/wp\/v2\/media?parent=33835"}],"wp:term":[{"taxonomy":"category","embeddable":true,"href":"https:\/\/gazdasagportal.hu\/index.php\/wp-json\/wp\/v2\/categories?post=33835"},{"taxonomy":"post_tag","embeddable":true,"href":"https:\/\/gazdasagportal.hu\/index.php\/wp-json\/wp\/v2\/tags?post=33835"}],"curies":[{"name":"wp","href":"https:\/\/api.w.org\/{rel}","templated":true}]}}