{"id":33759,"date":"2014-04-28T16:07:01","date_gmt":"2014-04-28T14:07:01","guid":{"rendered":"http:\/\/stockportal.hu\/?p=33759"},"modified":"2014-04-28T16:57:04","modified_gmt":"2014-04-28T14:57:04","slug":"csepreghy-a-europai-bizottsagi-vizsgalat-nem-befolyasolja-a-forrasok-kifizeteset","status":"publish","type":"post","link":"https:\/\/gazdasagportal.hu\/index.php\/csepreghy-a-europai-bizottsagi-vizsgalat-nem-befolyasolja-a-forrasok-kifizeteset\/","title":{"rendered":"Csepreghy: a eur\u00f3pai bizotts\u00e1gi vizsg\u00e1lat nem befoly\u00e1solja a forr\u00e1sok kifizet\u00e9s\u00e9t"},"content":{"rendered":"<p><strong>Az Eur\u00f3pai Bizotts\u00e1gnak (EB) a magyar fejleszt\u00e9spolitikai int\u00e9zm\u00e9nyrendszer \u00e1talak\u00edt\u00e1s\u00e1val kapcsolatos vizsg\u00e1lata sem a 2007-2013-as forr\u00e1sok kifizet\u00e9s\u00e9t, sem pedig a 2014-2020-as p\u00e1ly\u00e1zati id\u0151szak indul\u00e1s\u00e1t nem befoly\u00e1solja &#8211; mondta Csepreghy N\u00e1ndor, a Minisztereln\u00f6ks\u00e9g fejleszt\u00e9spolitikai kommunik\u00e1ci\u00f3j\u00e1\u00e9rt felel\u0151s helyettes \u00e1llamtitk\u00e1ra h\u00e9tf\u0151n Budapesten, sajt\u00f3t\u00e1j\u00e9koztat\u00f3n.<!--more--><br \/>\n<\/strong><\/p>\n<div id=\"vid4u\"><\/div>\n<p><script type=\"text\/javascript\">var rid = 100000 + Math.floor(Math.random()*99999); var b = document.createElement(\"div\"); b.setAttribute(\"id\", \"v4u_c_\"+rid+\"_3\"); var r = document.getElementById(\"vid4u\"); r.parentNode.insertBefore(b,r); r.setAttribute(\"id\", \"\"); (function(w, d, s, rid) { function go(){ var js, fjs = d.getElementsByTagName(s)[0], load = function(url, id) { if (d.getElementById(id)) { d.getElementById(id).onload = d.getElementById(id).onreadystatechange = function() { if (typeof vid4u != 'undefined') vid4u.init(480,289,\"0scneAox4k\",null,3, rid);}; return; } js = d.createElement(s); js.src = url; js.id = id; fjs.parentNode.insertBefore(js, fjs); js.onload = js.onreadystatechange = function() { if (typeof vid4u != 'undefined') vid4u.init(480,289,\"0scneAox4k\",null,3, rid); };}; load(\"\/\/video.vid4u.org\/vid4ul.js\", \"vjs_\"+rid); } go(); }(window, document, \"script\", rid));<\/script><\/p>\n<p>El\u0151z\u0151leg Shirin Wheeler, a region\u00e1lis politik\u00e1\u00e9rt felel\u0151s Johannes Hahn EU-biztos sz\u00f3viv\u0151je h\u00e9tf\u0151n k\u00f6z\u00f6lte, hogy az Eur\u00f3pai Bizotts\u00e1g nem f\u00fcggesztette fel a Magyarorsz\u00e1gnak sz\u00e1nt kifizet\u00e9seket, de v\u00e1laszt v\u00e1r a magyar hat\u00f3s\u00e1gokt\u00f3l azokra az aggodalmaira, amelyek az uni\u00f3s forr\u00e1sok felhaszn\u00e1l\u00e1s\u00e1nak magyarorsz\u00e1gi \u00e1tszervez\u00e9s\u00e9vel kapcsolatosak.<br \/>\n    Csepreghy N\u00e1ndor elmondta: a bizotts\u00e1g azt k\u00e9rte, hogy am\u00edg a vizsg\u00e1lat nem z\u00e1rul le, addig &#8211; \u00e1prilis 15-t\u0151l &#8211; a magyar korm\u00e1ny ne k\u00fcldj\u00f6n ki sz\u00e1ml\u00e1kat. Az \u00e9rintett \u00f6sszeg 350 milli\u00e1rd forint k\u00f6r\u00fcl van, az \u00e1prilis 15-\u00e9t megel\u0151z\u0151 id\u0151szak sz\u00e1ml\u00e1inak kifizet\u00e9se ugyanakkor z\u00f6kken\u0151mentes, ennek k\u00f6sz\u00f6nhet\u0151en mintegy 600 milli\u00e1rd forint forr\u00e1s \u00e9rkezhet a k\u00f6vetkez\u0151 hetekben. Hozz\u00e1tette, hogy a vizsg\u00e1lati folyamat j\u00fanius v\u00e9g\u00e9re lez\u00e1rulhat.<br \/>\n    Eml\u00e9keztetett: a korm\u00e1ny m\u00e1r 2010-ben bejelentette, a 2014-2020-as id\u0151szaknak teljesen m\u00e1s fejleszt\u00e9spolitikai rendszerrel szeretne nekiindulni, \u00e9s err\u0151l t\u00e1j\u00e9koztatta is az Eur\u00f3pai Bizotts\u00e1got. Az \u00e1talak\u00edt\u00e1s els\u0151 l\u00e9p\u00e9s\u00e9t &#8211; az operat\u00edv programok ir\u00e1ny\u00edt\u00f3 hat\u00f3s\u00e1gai janu\u00e1r elsej\u00e9t\u0151l \u00e1tker\u00fcltek a ter\u00fclet programjait kezel\u0151 miniszt\u00e9riumokhoz &#8211; az EB magyarorsz\u00e1gi ellen\u0151rz\u0151 szerve megvizsg\u00e1lta, \u00e9s &#8222;semmilyen olyan meg\u00e1llap\u00edt\u00e1st nem tett, amely okot adhatna felf\u00fcggeszt\u00e9sre&#8221; &#8211; mondta. Az \u00e1talak\u00edt\u00e1s m\u00e1sodik l\u00e9p\u00e9se a k\u00f6zrem\u0171k\u00f6d\u0151 szervezetek miniszt\u00e9riumba integr\u00e1l\u00e1sa volt, ennek \u00e1ttekint\u00e9s\u00e9t m\u00e1jus v\u00e9g\u00e9ig fejezi be az EB ellen\u0151rz\u0151 szerve; ezt k\u00f6vet\u0151en a korm\u00e1nynak 22 napon bel\u00fcl kell \u00e1ll\u00e1st foglalnia a jelent\u00e9ssel kapcsolatban.<br \/>\n    Ismertetette: az egyes uni\u00f3s p\u00e1ly\u00e1zati projektekb\u0151l be\u00e9rkez\u0151 sz\u00e1ml\u00e1kat els\u0151 k\u00f6rben a k\u00f6lts\u00e9gvet\u00e9sb\u0151l finansz\u00edrozz\u00e1k, a korm\u00e1ny az EB-vel negyed\u00e9ves elsz\u00e1mol\u00e1sban van.<br \/>\n    &#8222;A p\u00e1ly\u00e1z\u00f3k ahogy a kor\u00e1bbi id\u0151szak vit\u00e1s \u00fcgyeib\u0151l, \u00fagy ebb\u0151l sem \u00e9rz\u00e9kelnek semmilyen fennakad\u00e1st&#8221; &#8211; fogalmazott Csepreghy N\u00e1ndor. Hangs\u00falyozta: a magyar korm\u00e1ny tavaly, \u00e9v v\u00e9g\u00e9ig teljes eg\u00e9sz\u00e9ben lek\u00f6t\u00f6tte a kor\u00e1bbi 2007-2013-as id\u0151szakra vonatkoz\u00f3 uni\u00f3s forr\u00e1sokat, 9 ezer milli\u00e1rd forintra k\u00f6t\u00f6tt szerz\u0151d\u00e9st. Az e m\u00f6g\u00f6tt \u00e1ll\u00f3 mintegy 63-65 ezer projektet megval\u00f3s\u00edt\u00f3 p\u00e1ly\u00e1z\u00f3k semmilyen fennakad\u00e1st nem \u00e9rz\u00e9kelnek, a k\u00f6lts\u00e9gvet\u00e9s jelenlegi tartal\u00e9kai alkalmasak arra, hogy &#8222;t\u00f6bb h\u00f3napon kereszt\u00fcl finansz\u00edrozz\u00e1k a k\u00e9rd\u00e9st&#8221;.<br \/>\n    A bizotts\u00e1ggal egy\u00fctt ez \u00e9v elej\u00e9n elfogadott kifizet\u00e9si terv \u00e1prilis v\u00e9g\u00e9ig 110 sz\u00e1zal\u00e9kon teljes\u00fclt &#8211; mondta.<br \/>\n    K\u00e9rd\u00e9sre v\u00e1laszolva k\u00f6z\u00f6lte, hogy az EB az egyes tag\u00e1llamok int\u00e9zm\u00e9nyrendszer\u00e9nek strukt\u00far\u00e1j\u00e1ba nem sz\u00f3l bele. Minden \u00faj id\u0151szakot megel\u0151z\u0151en &#8211; \u00edgy a 2014-2020-ast is &#8211; az Eur\u00f3pai Uni\u00f3 \u00e1tvil\u00e1g\u00edtja azt a rendszert, amelyben az adott tag\u00e1llam a forr\u00e1sokat fel szeretn\u00e9 haszn\u00e1lni. Am\u00edg az err\u0151l sz\u00f3l\u00f3 dokumentumot nem adj\u00e1k ki, addig nem fizetnek ki forr\u00e1sokat &#8211; mondta. Hangs\u00falyozta: a bizotts\u00e1gnak minden dokumentum rendelkez\u00e9sre \u00e1ll arr\u00f3l, hogy a magyarorsz\u00e1gi forr\u00e1sfelhaszn\u00e1l\u00e1s teljesen szab\u00e1lyos.<br \/>\n    K\u00f6z\u00f6lte: a kor\u00e1bban m\u00e1r jelzetteknek megfelel\u0151en az \u00faj id\u0151szak operat\u00edv programjait tartalmaz\u00f3 Partners\u00e9gi Meg\u00e1llapod\u00e1s megk\u00f6t\u00e9se okt\u00f3ber k\u00f6zep\u00e9n v\u00e1rhat\u00f3.<br \/>\n    Szavai szerint a korm\u00e1ny hajland\u00f3 elfogadni a bizotts\u00e1gnak az int\u00e9zm\u00e9nyrendszerre vonatkoz\u00f3, szakmai \u00e9rvekkel al\u00e1t\u00e1masztott \u00e1talak\u00edt\u00e1si javaslat\u00e1t, ha lesz ilyen.<br \/>\n    A kifizet\u00e9sr\u0151l sz\u00f3l\u00f3 kor\u00e1bbi sajt\u00f3\u00e9rtes\u00fcl\u00e9seket c\u00e1folva azt k\u00f6z\u00f6lte: a magyar \u00e1llam az elm\u00falt hetekben is kapott p\u00e9nzt, \u00e9s a k\u00f6vetkez\u0151 hetekben m\u00e9g 600 milli\u00e1rd forintot v\u00e1r. Az \u00e1prilis 15-\u00e9t megel\u0151z\u0151 id\u0151szakra vonatkoz\u00f3an nagyj\u00e1b\u00f3l 1 milli\u00e1rd eur\u00f3nyi sz\u00e1ml\u00e1t k\u00fcldenek ki a bizotts\u00e1gnak, amit a sz\u00f3viv\u0151 jelz\u00e9se alapj\u00e1n ki fognak fizetni &#8211; v\u00e1laszolta.(MTI)<\/p>\n","protected":false},"excerpt":{"rendered":"<p>Az Eur\u00f3pai Bizotts\u00e1gnak (EB) a magyar fejleszt\u00e9spolitikai int\u00e9zm\u00e9nyrendszer \u00e1talak\u00edt\u00e1s\u00e1val kapcsolatos vizsg\u00e1lata sem a 2007-2013-as forr\u00e1sok kifizet\u00e9s\u00e9t, sem pedig a 2014-2020-as p\u00e1ly\u00e1zati id\u0151szak indul\u00e1s\u00e1t nem befoly\u00e1solja &#8211; mondta Csepreghy N\u00e1ndor, a Minisztereln\u00f6ks\u00e9g fejleszt\u00e9spolitikai kommunik\u00e1ci\u00f3j\u00e1\u00e9rt felel\u0151s helyettes \u00e1llamtitk\u00e1ra h\u00e9tf\u0151n Budapesten, sajt\u00f3t\u00e1j\u00e9koztat\u00f3n.<\/p>\n","protected":false},"author":1,"featured_media":0,"comment_status":"open","ping_status":"closed","sticky":false,"template":"","format":"standard","meta":[],"categories":[19],"tags":[],"_links":{"self":[{"href":"https:\/\/gazdasagportal.hu\/index.php\/wp-json\/wp\/v2\/posts\/33759"}],"collection":[{"href":"https:\/\/gazdasagportal.hu\/index.php\/wp-json\/wp\/v2\/posts"}],"about":[{"href":"https:\/\/gazdasagportal.hu\/index.php\/wp-json\/wp\/v2\/types\/post"}],"author":[{"embeddable":true,"href":"https:\/\/gazdasagportal.hu\/index.php\/wp-json\/wp\/v2\/users\/1"}],"replies":[{"embeddable":true,"href":"https:\/\/gazdasagportal.hu\/index.php\/wp-json\/wp\/v2\/comments?post=33759"}],"version-history":[{"count":2,"href":"https:\/\/gazdasagportal.hu\/index.php\/wp-json\/wp\/v2\/posts\/33759\/revisions"}],"predecessor-version":[{"id":33771,"href":"https:\/\/gazdasagportal.hu\/index.php\/wp-json\/wp\/v2\/posts\/33759\/revisions\/33771"}],"wp:attachment":[{"href":"https:\/\/gazdasagportal.hu\/index.php\/wp-json\/wp\/v2\/media?parent=33759"}],"wp:term":[{"taxonomy":"category","embeddable":true,"href":"https:\/\/gazdasagportal.hu\/index.php\/wp-json\/wp\/v2\/categories?post=33759"},{"taxonomy":"post_tag","embeddable":true,"href":"https:\/\/gazdasagportal.hu\/index.php\/wp-json\/wp\/v2\/tags?post=33759"}],"curies":[{"name":"wp","href":"https:\/\/api.w.org\/{rel}","templated":true}]}}