{"id":33747,"date":"2014-04-28T15:00:02","date_gmt":"2014-04-28T13:00:02","guid":{"rendered":"http:\/\/stockportal.hu\/?p=33747"},"modified":"2014-04-28T15:00:02","modified_gmt":"2014-04-28T13:00:02","slug":"mol-ina-ugy-a-volt-mol-fotanacsado-cafolja-erintettseget-az-allitolagos-vesztegetesi-ugyben","status":"publish","type":"post","link":"https:\/\/gazdasagportal.hu\/index.php\/mol-ina-ugy-a-volt-mol-fotanacsado-cafolja-erintettseget-az-allitolagos-vesztegetesi-ugyben\/","title":{"rendered":"Mol-INA-\u00fcgy: A volt Mol-f\u0151tan\u00e1csad\u00f3 c\u00e1folja \u00e9rintetts\u00e9g\u00e9t az \u00e1ll\u00edt\u00f3lagos veszteget\u00e9si \u00fcgyben"},"content":{"rendered":"<p><strong>Visszautas\u00edtotta Hern\u00e1di Zsolt egykori f\u0151tan\u00e1csad\u00f3ja a horv\u00e1t Jutarnji list h\u00e9tf\u0151i cikk\u00e9ben megjelenteket. A lap azt \u00edrta, hogy T\u00f3th J\u00f3zsef tulajdonr\u00e9sszel rendelkezett abban a c\u00e9gben, amely a ken\u0151p\u00e9nzt kifizette az INA ir\u00e1ny\u00edt\u00e1si jogainak megszerz\u00e9s\u00e9\u00e9rt.<!--more--><\/strong><\/p>\n<div id=\"vid4u\"><\/div>\n<p><script type=\"text\/javascript\">var rid = 100000 + Math.floor(Math.random()*99999); var b = document.createElement(\"div\"); b.setAttribute(\"id\", \"v4u_c_\"+rid+\"_3\"); var r = document.getElementById(\"vid4u\"); r.parentNode.insertBefore(b,r); r.setAttribute(\"id\", \"\"); (function(w, d, s, rid) { function go(){ var js, fjs = d.getElementsByTagName(s)[0], load = function(url, id) { if (d.getElementById(id)) { d.getElementById(id).onload = d.getElementById(id).onreadystatechange = function() { if (typeof vid4u != 'undefined') vid4u.init(480,289,\"0scneAox4k\",null,3, rid);}; return; } js = d.createElement(s); js.src = url; js.id = id; fjs.parentNode.insertBefore(js, fjs); js.onload = js.onreadystatechange = function() { if (typeof vid4u != 'undefined') vid4u.init(480,289,\"0scneAox4k\",null,3, rid); };}; load(\"\/\/video.vid4u.org\/vid4ul.js\", \"vjs_\"+rid); } go(); }(window, document, \"script\", rid));<\/script><\/p>\n<p>A horv\u00e1torsz\u00e1gi \u00e9s az ausztriai vizsg\u00e1latok terhel\u0151 bizony\u00edt\u00e9kokat tartalmaznak Hern\u00e1di Zsoltra, a Mol Nyrt. eln\u00f6k-vez\u00e9rigazgat\u00f3j\u00e1ra \u00e9s k\u00f6zvetetten T\u00f3th J\u00f3zsefre is, aki tulajdonnal b\u00edrt abban a c\u00e9gben, amely ken\u0151p\u00e9nzt fizetett Ivo Sanader volt horv\u00e1t minisztereln\u00f6knek az INA ir\u00e1ny\u00edt\u00e1si jogainak a megszerz\u00e9s\u00e9\u00e9rt \u2013\u00a0\u00a0\u00edrja h\u00e9tf\u0151i sz\u00e1m\u00e1ban a Jutarnji list. \u00a0\u00a0\u00a0\u00a0A lap megjegyzi, hogy T\u00f3th 2002 \u00e9s 2010 k\u00f6z\u00f6tt Hern\u00e1di f\u0151tan\u00e1csad\u00f3ja volt, \u00e9s tulajdonr\u00e9sszel rendelkezett a Hangarn Oil Products Trading Ltd-ben, amely az els\u0151fok\u00fa horv\u00e1t b\u00edr\u00f3s\u00e1gi \u00edt\u00e9let szerint kifizette a ken\u0151p\u00e9nzt Robert Jezicnek, Sanader-\u00fcgy koronatan\u00faj\u00e1nak.<br \/>\nA lap megeml\u00edt egy m\u00e1sik t\u00e1rsas\u00e1got is: a horv\u00e1t \u00fcgy\u00e9szs\u00e9g m\u00e1r \u00e9vek \u00f3ta bizony\u00edt\u00e9kokkal rendelkezik arr\u00f3l, hogy a Torafin Trading and Finace tulajdonr\u00e9sszel rendelkezik a Hangarnban, amit most az osztr\u00e1k nyomoz\u00f3szervek is meger\u0151s\u00edtettek. Igaz, az osztr\u00e1kok egy m\u00e1sik vizsg\u00e1lat sor\u00e1n jutottak ehhez az inform\u00e1ci\u00f3hoz. \u00a0\u00a0\u00a0\u00a0&#8222;Sem k\u00f6zvetve, sem k\u00f6zvetlen\u00fcl nem voltam tulajdonosa a Hangarn Oil Products nev\u0171 c\u00e9gnek. T\u00e9ves az az \u00e1ll\u00edt\u00e1s is, hogy tulajdonosa lettem volna a sajt\u00f3h\u00edrek szerint egy id\u0151ben a Hangarn Oil Products egyik tulajdonos\u00e1nak sz\u00e1m\u00edt\u00f3 Torafin Trading and Finance Ltd-nek. A sz\u00f3ban forg\u00f3 c\u00e9gekhez semmilyen tulajdonosi \u00e9rdek nem k\u00f6t\u00f6tt \u00e9s most sem k\u00f6t\u201d- \u00edrja h\u00e9tf\u0151i k\u00f6zlem\u00e9ny\u00e9ben T\u00f3th J\u00f3zsef.<br \/>\nA lap inform\u00e1ci\u00f3i szerint az osztr\u00e1k hat\u00f3s\u00e1gok kider\u00edtett\u00e9k, hogy a Torafin sz\u00e1ml\u00e1j\u00e1r\u00f3l T\u00f3thnak \u00e9s csal\u00e1dtagjainak is t\u00f6rt\u00e9nt nagyobb \u00f6sszeg\u0171 kifizet\u00e9s, ami a lap szerint bizony\u00edtja, hogy a ciprusi bejegyz\u00e9s\u0171 Hangarn T\u00f3th J\u00f3zsef fel\u00fcgyelete alatt volt. \u00a0\u00a0\u00a0\u00a0A t\u00e9ves \u00e1ll\u00edt\u00e1sokra alapozott minden sejtet\u00e9st is hamisnak nevezte T\u00f3th J\u00f3zsef.(MTI)<\/p>\n","protected":false},"excerpt":{"rendered":"<p>Visszautas\u00edtotta Hern\u00e1di Zsolt egykori f\u0151tan\u00e1csad\u00f3ja a horv\u00e1t Jutarnji list h\u00e9tf\u0151i cikk\u00e9ben megjelenteket. A lap azt \u00edrta, hogy T\u00f3th J\u00f3zsef tulajdonr\u00e9sszel rendelkezett abban a c\u00e9gben, amely a ken\u0151p\u00e9nzt kifizette az INA ir\u00e1ny\u00edt\u00e1si jogainak megszerz\u00e9s\u00e9\u00e9rt.<\/p>\n","protected":false},"author":1,"featured_media":0,"comment_status":"open","ping_status":"closed","sticky":false,"template":"","format":"standard","meta":[],"categories":[7,140],"tags":[],"_links":{"self":[{"href":"https:\/\/gazdasagportal.hu\/index.php\/wp-json\/wp\/v2\/posts\/33747"}],"collection":[{"href":"https:\/\/gazdasagportal.hu\/index.php\/wp-json\/wp\/v2\/posts"}],"about":[{"href":"https:\/\/gazdasagportal.hu\/index.php\/wp-json\/wp\/v2\/types\/post"}],"author":[{"embeddable":true,"href":"https:\/\/gazdasagportal.hu\/index.php\/wp-json\/wp\/v2\/users\/1"}],"replies":[{"embeddable":true,"href":"https:\/\/gazdasagportal.hu\/index.php\/wp-json\/wp\/v2\/comments?post=33747"}],"version-history":[{"count":1,"href":"https:\/\/gazdasagportal.hu\/index.php\/wp-json\/wp\/v2\/posts\/33747\/revisions"}],"predecessor-version":[{"id":33748,"href":"https:\/\/gazdasagportal.hu\/index.php\/wp-json\/wp\/v2\/posts\/33747\/revisions\/33748"}],"wp:attachment":[{"href":"https:\/\/gazdasagportal.hu\/index.php\/wp-json\/wp\/v2\/media?parent=33747"}],"wp:term":[{"taxonomy":"category","embeddable":true,"href":"https:\/\/gazdasagportal.hu\/index.php\/wp-json\/wp\/v2\/categories?post=33747"},{"taxonomy":"post_tag","embeddable":true,"href":"https:\/\/gazdasagportal.hu\/index.php\/wp-json\/wp\/v2\/tags?post=33747"}],"curies":[{"name":"wp","href":"https:\/\/api.w.org\/{rel}","templated":true}]}}