{"id":33733,"date":"2014-04-28T14:14:42","date_gmt":"2014-04-28T12:14:42","guid":{"rendered":"http:\/\/stockportal.hu\/?p=33733"},"modified":"2014-04-28T14:14:42","modified_gmt":"2014-04-28T12:14:42","slug":"ukran-valsag-merenyletet-kovettek-el-harkiv-polgarmestere-ellen","status":"publish","type":"post","link":"https:\/\/gazdasagportal.hu\/index.php\/ukran-valsag-merenyletet-kovettek-el-harkiv-polgarmestere-ellen\/","title":{"rendered":"Ukr\u00e1n v\u00e1ls\u00e1g &#8211; Mer\u00e9nyletet k\u00f6vettek el Harkiv polg\u00e1rmestere ellen"},"content":{"rendered":"<p><strong>Mer\u00e9nyletet k\u00f6vettek el h\u00e9tf\u0151n Hennagyij Kernesz harkivi polg\u00e1rmester ellen &#8211; jelentette a UNIAN ukr\u00e1n h\u00edr\u00fcgyn\u00f6ks\u00e9g a kelet-ukrajnai nagyv\u00e1ros tan\u00e1cs\u00e1nak sajt\u00f3szolg\u00e1lat\u00e1ra hivatkozva.<!--more--><\/strong><\/p>\n<div id=\"vid4u\"><\/div>\n<p><script type=\"text\/javascript\">var rid = 100000 + Math.floor(Math.random()*99999); var b = document.createElement(\"div\"); b.setAttribute(\"id\", \"v4u_c_\"+rid+\"_3\"); var r = document.getElementById(\"vid4u\"); r.parentNode.insertBefore(b,r); r.setAttribute(\"id\", \"\"); (function(w, d, s, rid) { function go(){ var js, fjs = d.getElementsByTagName(s)[0], load = function(url, id) { if (d.getElementById(id)) { d.getElementById(id).onload = d.getElementById(id).onreadystatechange = function() { if (typeof vid4u != 'undefined') vid4u.init(480,289,\"0scneAox4k\",null,3, rid);}; return; } js = d.createElement(s); js.src = url; js.id = id; fjs.parentNode.insertBefore(js, fjs); js.onload = js.onreadystatechange = function() { if (typeof vid4u != 'undefined') vid4u.init(480,289,\"0scneAox4k\",null,3, rid); };}; load(\"\/\/video.vid4u.org\/vid4ul.js\", \"vjs_\"+rid); } go(); }(window, document, \"script\", rid));<\/script><\/p>\n<p>A polg\u00e1rmestert h\u00e1tba l\u0151tt\u00e9k egy Dragunov mesterl\u00f6v\u00e9szpusk\u00e1val. A l\u00f6v\u00e9s az UNIAN forr\u00e1sai szerint a t\u00fcdej\u00e9n \u00e9s a m\u00e1j\u00e1n is \u00e1thatolt. A politikust k\u00f3rh\u00e1zba sz\u00e1ll\u00edtott\u00e1k, ahol \u00e9letment\u0151 m\u0171t\u00e9tet hajtottak rajta v\u00e9gre. \u00c1llapota a polg\u00e1rmesteri hivatal legfrissebb k\u00f6zl\u00e9se szerint tov\u00e1bbra is s\u00falyos, de nem \u00e9letvesz\u00e9lyes.<br \/>\nA rend\u0151rs\u00e9g gyilkoss\u00e1gi k\u00eds\u00e9rlet gyan\u00faj\u00e1val ind\u00edtott nyomoz\u00e1st az \u00fcgyben. A vizsg\u00e1latot szem\u00e9lyesen Arszen Avakov bel\u00fcgyminiszter fel\u00fcgyeli.<br \/>\nA politikus k\u00f6rnyezet\u00e9b\u0151l sz\u00e1rmaz\u00f3 inform\u00e1ci\u00f3 alapj\u00e1n Kernesz biciklizett, amikor a t\u00e1mad\u00e1s \u00e9rte. Az ukr\u00e1n nemzeti r\u00e1di\u00f3- \u00e9s telev\u00edzi\u00f3 (NTU) vezet\u0151j\u00e9nek, Zurab Alaszanyij\u00e1nak a tudom\u00e1sa szerint a polg\u00e1rmester ellen erdei k\u00f6rnyezetben, egy forr\u00e1s k\u00f6zel\u00e9ben k\u00f6vett\u00e9k el a mer\u00e9nyletet, ahov\u00e1 Kernesz r\u00e9gi szok\u00e1sa szerint f\u00fcr\u00f6dni j\u00e1rt.<br \/>\nA harkivi v\u00e1rosvezet\u0151 a febru\u00e1rban lev\u00e1ltott Viktor Janukovics volt \u00e1llamf\u0151 h\u0171 ember\u00e9nek sz\u00e1m\u00edtott, \u00e9s kor\u00e1bban er\u0151sen t\u00e1mogatta a szeparatista t\u00f6rekv\u00e9seket Kelet-Ukrajn\u00e1ban. Az ut\u00f3bbi id\u0151ben azonban politikai ir\u00e1nyt v\u00e1ltott, igyekezett v\u00e1ros\u00e1ban fenntartani nyugalmat \u00e9s megakad\u00e1lyozni azt, hogy a szakad\u00e1rok hasonl\u00f3 forgat\u00f3k\u00f6nyvet val\u00f3s\u00edtsanak meg k\u00f6z\u00e9p\u00fcletek elfoglal\u00e1s\u00e1val \u00e9s &#8222;n\u00e9pi k\u00f6zt\u00e1rsas\u00e1g&#8221; kiki\u00e1lt\u00e1s\u00e1val, amint azt Donyeckben \u00e9s a t\u00e9rs\u00e9g m\u00e1s v\u00e1rosaiban tett\u00e9k.<br \/>\nUkr\u00e1n honlapoknak nyilatkoz\u00f3 megfigyel\u0151k val\u00f3sz\u00edn\u0171nek tartj\u00e1k, hogy Kernesz ellen az\u00e9rt k\u00f6vett\u00e9k el a mer\u00e9nyletet, hogy az ukr\u00e1n v\u00e1ls\u00e1g k\u00f6zepette \u00fajabb fesz\u00fclts\u00e9get gerjesszenek Harkivban. Eszerint nem kiz\u00e1rt az sem, hogy esetleg az orosz titkosszolg\u00e1latok \u00e1llnak a gyilkoss\u00e1gi k\u00eds\u00e9rlet h\u00e1tter\u00e9ben.<br \/>\nAz 1959-ben Harkivban sz\u00fcletett politikus a febru\u00e1ri kijevi hatalomv\u00e1lt\u00e1sig korm\u00e1nyon volt R\u00e9gi\u00f3k P\u00e1rtj\u00e1nak tagja, \u00e9s 2010 \u00f3ta volt a kelet-ukrajnai v\u00e1ros polg\u00e1rmestere.(MTI)<\/p>\n","protected":false},"excerpt":{"rendered":"<p>Mer\u00e9nyletet k\u00f6vettek el h\u00e9tf\u0151n Hennagyij Kernesz harkivi polg\u00e1rmester ellen &#8211; jelentette a UNIAN ukr\u00e1n h\u00edr\u00fcgyn\u00f6ks\u00e9g a kelet-ukrajnai nagyv\u00e1ros tan\u00e1cs\u00e1nak sajt\u00f3szolg\u00e1lat\u00e1ra hivatkozva.<\/p>\n","protected":false},"author":1,"featured_media":0,"comment_status":"open","ping_status":"closed","sticky":false,"template":"","format":"standard","meta":[],"categories":[139],"tags":[],"_links":{"self":[{"href":"https:\/\/gazdasagportal.hu\/index.php\/wp-json\/wp\/v2\/posts\/33733"}],"collection":[{"href":"https:\/\/gazdasagportal.hu\/index.php\/wp-json\/wp\/v2\/posts"}],"about":[{"href":"https:\/\/gazdasagportal.hu\/index.php\/wp-json\/wp\/v2\/types\/post"}],"author":[{"embeddable":true,"href":"https:\/\/gazdasagportal.hu\/index.php\/wp-json\/wp\/v2\/users\/1"}],"replies":[{"embeddable":true,"href":"https:\/\/gazdasagportal.hu\/index.php\/wp-json\/wp\/v2\/comments?post=33733"}],"version-history":[{"count":1,"href":"https:\/\/gazdasagportal.hu\/index.php\/wp-json\/wp\/v2\/posts\/33733\/revisions"}],"predecessor-version":[{"id":33734,"href":"https:\/\/gazdasagportal.hu\/index.php\/wp-json\/wp\/v2\/posts\/33733\/revisions\/33734"}],"wp:attachment":[{"href":"https:\/\/gazdasagportal.hu\/index.php\/wp-json\/wp\/v2\/media?parent=33733"}],"wp:term":[{"taxonomy":"category","embeddable":true,"href":"https:\/\/gazdasagportal.hu\/index.php\/wp-json\/wp\/v2\/categories?post=33733"},{"taxonomy":"post_tag","embeddable":true,"href":"https:\/\/gazdasagportal.hu\/index.php\/wp-json\/wp\/v2\/tags?post=33733"}],"curies":[{"name":"wp","href":"https:\/\/api.w.org\/{rel}","templated":true}]}}