{"id":33522,"date":"2014-04-25T16:11:57","date_gmt":"2014-04-25T14:11:57","guid":{"rendered":"http:\/\/stockportal.hu\/?p=33522"},"modified":"2014-04-25T16:11:57","modified_gmt":"2014-04-25T14:11:57","slug":"ep-valasztas-a-jobbik-kesz-reszt-venni-egy-programokat-utkozteto-vitan","status":"publish","type":"post","link":"https:\/\/gazdasagportal.hu\/index.php\/ep-valasztas-a-jobbik-kesz-reszt-venni-egy-programokat-utkozteto-vitan\/","title":{"rendered":"EP-v\u00e1laszt\u00e1s: A Jobbik k\u00e9sz r\u00e9szt venni egy programokat \u00fctk\u00f6ztet\u0151 vit\u00e1n"},"content":{"rendered":"<p><strong>A Jobbik k\u00e9sz r\u00e9szt venni az eur\u00f3pai parlamenti v\u00e1laszt\u00e1s el\u0151tt egy programokat \u00fctk\u00f6ztet\u0151 vit\u00e1n &#8211; k\u00f6z\u00f6lte Mirk\u00f3czki \u00c1d\u00e1m, a p\u00e1rt sz\u00f3viv\u0151je p\u00e9nteken az MTI-vel.<!--more--><\/strong><\/p>\n<div id=\"vid4u\"><\/div>\n<p><script type=\"text\/javascript\">var rid = 100000 + Math.floor(Math.random()*99999); var b = document.createElement(\"div\"); b.setAttribute(\"id\", \"v4u_c_\"+rid+\"_3\"); var r = document.getElementById(\"vid4u\"); r.parentNode.insertBefore(b,r); r.setAttribute(\"id\", \"\"); (function(w, d, s, rid) { function go(){ var js, fjs = d.getElementsByTagName(s)[0], load = function(url, id) { if (d.getElementById(id)) { d.getElementById(id).onload = d.getElementById(id).onreadystatechange = function() { if (typeof vid4u != 'undefined') vid4u.init(480,289,\"0scneAox4k\",null,3, rid);}; return; } js = d.createElement(s); js.src = url; js.id = id; fjs.parentNode.insertBefore(js, fjs); js.onload = js.onreadystatechange = function() { if (typeof vid4u != 'undefined') vid4u.init(480,289,\"0scneAox4k\",null,3, rid); };}; load(\"\/\/video.vid4u.org\/vid4ul.js\", \"vjs_\"+rid); } go(); }(window, document, \"script\", rid));<\/script><\/p>\n<p>Mint \u00edrta, rem\u00e9lik, hogy &#8222;ez\u00fattal sem a baloldali p\u00e1rtok, sem a Fidesz politikusai nem fognak gy\u00e1v\u00e1n megh\u00e1tr\u00e1lni, ellent\u00e9tben a tavaszi, Vona G\u00e1bor \u00e1ltal kezdem\u00e9nyezett program\u00fctk\u00f6ztet\u00e9ssel&#8221;. A sz\u00f3viv\u0151 jelezte: kezdem\u00e9nyezik, hogy a parlamenti p\u00e1rtok EP-listavezet\u0151i a k\u00f6zszolg\u00e1lati telev\u00edzi\u00f3 \u00e9l\u0151 ad\u00e1s\u00e1ban vit\u00e1zzanak EP-programjukr\u00f3l.<br \/>\nA k\u00f6zlem\u00e9ny szerint Morvai Krisztina \u00f6r\u00f6mmel v\u00e1llalja a megm\u00e9rettet\u00e9st, a Jobbik pedig a vita el\u0151k\u00e9sz\u00edt\u0151 t\u00e1rgyal\u00e1sainak azonnali megkezd\u00e9s\u00e9t szorgalmazza.<br \/>\nEl\u0151z\u0151leg J\u00e1vor Benedek, az Egy\u00fctt-PM t\u00e1rseln\u00f6ke nyilv\u00e1nos vit\u00e1ra h\u00edvta az EP-v\u00e1laszt\u00e1son list\u00e1t \u00e1ll\u00edt\u00f3 valamennyi p\u00e1rt k\u00e9pvisel\u0151j\u00e9t. Mint mondta, a Jobbik k\u00e9pvisel\u0151it is v\u00e1rj\u00e1k a vit\u00e1ra, mert \u00fagy gondolj\u00e1k, hogy a Jobbikot &#8222;vit\u00e1ban, \u00e9rvekkel kell les\u00f6p\u00f6rni&#8221;, bemutatva, hogy a &#8222;val\u00f3s\u00e1gban soha nem m\u0171k\u00f6d\u0151k\u00e9pes l\u00f3zungokat&#8221; hirdet. Bajnai Gordon, az Egy\u00fctt-PM vezet\u0151je pedig blogbejegyz\u00e9s\u00e9ben \u00fagy fogalmazott: az elm\u00falt \u00e9vekben &#8222;a Fidesz \u00e9rdekb\u0151l, a demokratikus ellenz\u00e9k pedig elvi alapon&#8221; ker\u00fclte a vit\u00e1t a Jobbikkal, a struccpolitika azonban megbukott, kudarc\u00e1t a &#8222;radik\u00e1lis sz\u00e9ls\u0151s\u00e9ges p\u00e1rt&#8221; v\u00e1laszt\u00e1si eredm\u00e9nye bizony\u00edtotta.(MTI)<\/p>\n","protected":false},"excerpt":{"rendered":"<p>A Jobbik k\u00e9sz r\u00e9szt venni az eur\u00f3pai parlamenti v\u00e1laszt\u00e1s el\u0151tt egy programokat \u00fctk\u00f6ztet\u0151 vit\u00e1n &#8211; k\u00f6z\u00f6lte Mirk\u00f3czki \u00c1d\u00e1m, a p\u00e1rt sz\u00f3viv\u0151je p\u00e9nteken az MTI-vel.<\/p>\n","protected":false},"author":1,"featured_media":20299,"comment_status":"open","ping_status":"closed","sticky":false,"template":"","format":"standard","meta":[],"categories":[18],"tags":[],"_links":{"self":[{"href":"https:\/\/gazdasagportal.hu\/index.php\/wp-json\/wp\/v2\/posts\/33522"}],"collection":[{"href":"https:\/\/gazdasagportal.hu\/index.php\/wp-json\/wp\/v2\/posts"}],"about":[{"href":"https:\/\/gazdasagportal.hu\/index.php\/wp-json\/wp\/v2\/types\/post"}],"author":[{"embeddable":true,"href":"https:\/\/gazdasagportal.hu\/index.php\/wp-json\/wp\/v2\/users\/1"}],"replies":[{"embeddable":true,"href":"https:\/\/gazdasagportal.hu\/index.php\/wp-json\/wp\/v2\/comments?post=33522"}],"version-history":[{"count":1,"href":"https:\/\/gazdasagportal.hu\/index.php\/wp-json\/wp\/v2\/posts\/33522\/revisions"}],"predecessor-version":[{"id":33523,"href":"https:\/\/gazdasagportal.hu\/index.php\/wp-json\/wp\/v2\/posts\/33522\/revisions\/33523"}],"wp:featuredmedia":[{"embeddable":true,"href":"https:\/\/gazdasagportal.hu\/index.php\/wp-json\/wp\/v2\/media\/20299"}],"wp:attachment":[{"href":"https:\/\/gazdasagportal.hu\/index.php\/wp-json\/wp\/v2\/media?parent=33522"}],"wp:term":[{"taxonomy":"category","embeddable":true,"href":"https:\/\/gazdasagportal.hu\/index.php\/wp-json\/wp\/v2\/categories?post=33522"},{"taxonomy":"post_tag","embeddable":true,"href":"https:\/\/gazdasagportal.hu\/index.php\/wp-json\/wp\/v2\/tags?post=33522"}],"curies":[{"name":"wp","href":"https:\/\/api.w.org\/{rel}","templated":true}]}}