{"id":33451,"date":"2014-04-25T04:51:24","date_gmt":"2014-04-25T02:51:24","guid":{"rendered":"http:\/\/stockportal.hu\/?p=33451"},"modified":"2014-04-24T21:56:34","modified_gmt":"2014-04-24T19:56:34","slug":"ukran-valsag-itt-a-valaszlepes-orosz-hadgyakorlat-kezdodott-az-ukran-hatar-melett","status":"publish","type":"post","link":"https:\/\/gazdasagportal.hu\/index.php\/ukran-valsag-itt-a-valaszlepes-orosz-hadgyakorlat-kezdodott-az-ukran-hatar-melett\/","title":{"rendered":"Ukr\u00e1n v\u00e1ls\u00e1g: Itt a v\u00e1laszl\u00e9p\u00e9s, Orosz hadgyakorlat kezd\u0151d\u00f6tt az Ukr\u00e1n hat\u00e1r melett"},"content":{"rendered":"<p><strong>Hadgyakorlat kezd\u0151d\u00f6tt a D\u00e9lkelet-Ukrajn\u00e1val hat\u00e1ros orosz r\u00e9gi\u00f3kban, v\u00e1laszul az ottani helyzet ki\u00e9lez\u0151d\u00e9s\u00e9re &#8211; jelentette be Szergej Sojgu orosz v\u00e9delmi miniszter cs\u00fct\u00f6rt\u00f6k\u00f6n.<!--more--><\/strong><\/p>\n<div id=\"vid4u\"><\/div>\n<p><script type=\"text\/javascript\">var rid = 100000 + Math.floor(Math.random()*99999); var b = document.createElement(\"div\"); b.setAttribute(\"id\", \"v4u_c_\"+rid+\"_3\"); var r = document.getElementById(\"vid4u\"); r.parentNode.insertBefore(b,r); r.setAttribute(\"id\", \"\"); (function(w, d, s, rid) { function go(){ var js, fjs = d.getElementsByTagName(s)[0], load = function(url, id) { if (d.getElementById(id)) { d.getElementById(id).onload = d.getElementById(id).onreadystatechange = function() { if (typeof vid4u != 'undefined') vid4u.init(480,289,\"0scneAox4k\",null,3, rid);}; return; } js = d.createElement(s); js.src = url; js.id = id; fjs.parentNode.insertBefore(js, fjs); js.onload = js.onreadystatechange = function() { if (typeof vid4u != 'undefined') vid4u.init(480,289,\"0scneAox4k\",null,3, rid); };}; load(\"\/\/video.vid4u.org\/vid4ul.js\", \"vjs_\"+rid); } go(); }(window, document, \"script\", rid));<\/script><\/p>\n<p>Aggodalomra ad okot a d\u00e9lkelet-ukrajnai er\u0151szak, \u00e9s Oroszorsz\u00e1g &#8222;k\u00e9nytelen reag\u00e1lni&#8221; ezekre az esem\u00e9nyekre &#8211; mondta a t\u00e1rcavezet\u0151.<br \/>\nAz Ukrajn\u00e1val hat\u00e1ros r\u00e9gi\u00f3kban Oroszorsz\u00e1g D\u00e9li \u00e9s a Nyugati Katonai K\u00f6rzeteinek \u00f6sszfegyvernemi harc\u00e1szati z\u00e1szl\u00f3aljai kezdtek gyakorlatot. Szergej Sojgu nem ismertette ezek l\u00e9tsz\u00e1m\u00e1t, csup\u00e1n annyit mondott, hogy a csapatok &#8222;kijel\u00f6lt feladatot hajtanak v\u00e9gre&#8221;, \u00e9s a l\u00e9gier\u0151 g\u00e9pei az \u00e1llamhat\u00e1r k\u00f6zel\u00e9ben v\u00e9geznek rep\u00fcl\u00e9st.<br \/>\nAz orosz v\u00e9delmi miniszter r\u00e9szletesen besz\u00e1molt arr\u00f3l, hogy adataik szerint &#8222;a d\u00e9lkelet-ukrajnai b\u00e9k\u00e9s lakoss\u00e1g elleni m\u0171veletben automata fegyverekkel felszerelt ukr\u00e1n csapatok vesznek r\u00e9szt, amelyeknek az \u00f6sszl\u00e9tsz\u00e1ma t\u00f6bb mint 11 ezer f\u0151. A fegyveresek 160 harckocsival, 230 tenger\u00e9szgyalogs\u00e1gi harcj\u00e1rm\u0171vel \u00e9s p\u00e1nc\u00e9lozott sz\u00e1ll\u00edt\u00f3 eszk\u00f6zzel, valamint legal\u00e1bb 150 \u00e1gy\u00faval, p\u00e1nc\u00e9lt\u00f6r\u0151vel, valamint nagy sz\u00e1m\u00fa l\u00e9gier\u0151vel vonultak be.&#8221;<br \/>\nSojgu azt \u00e1ll\u00edtotta, hogy &#8222;a b\u00e9k\u00e9s d\u00e9lkelet-ukrajnai \u00e1llampolg\u00e1rok ellen a Nemzeti G\u00e1rda egys\u00e9gei, valamint a Jobboldali Szektor sz\u00e9ls\u0151s\u00e9gesei l\u00e9pnek fel&#8221;. Arr\u00f3l is besz\u00e9lt, hogy elkezd\u0151d\u00f6tt a Donbassz nev\u0171 z\u00e1szl\u00f3alj fel\u00e1ll\u00edt\u00e1sa, \u00e9s a hatalom az Ukr\u00e1n Biztons\u00e1gi Szolg\u00e1lat (SZBU), valamint a bel\u00fcgyminiszt\u00e9rium egys\u00e9geit is Luhanszkba, illetve Donyeckbe dobta \u00e1t.<br \/>\nEzzel szemben a d\u00e9lkelet-ukrajnai \u00f6nv\u00e9delmi egys\u00e9gek nem sokkal t\u00f6bb mint 2 ezer embert sz\u00e1ml\u00e1lnak, \u00e9s k\u00f6r\u00fclbel\u00fcl 100 automata fegyverrel rendelkeznek, amelyeket alapvet\u0151en a j\u00e1r\u00e1si rend\u0151rs\u00e9gekt\u0151l \u00e9s az ukr\u00e1n biztons\u00e1gi szolg\u00e1latt\u00f3l zs\u00e1km\u00e1nyoltak &#8211; mondta. &#8222;Az er\u0151viszonyok l\u00e1that\u00f3an nem kiegyenl\u00edtettek. (&#8230;) Ha ezt a h\u00e1bor\u00fas g\u00e9pezetet ma nem \u00e1ll\u00edtjuk le, akkor nagyon sok halott \u00e9s sebes\u00fclt lesz&#8221; &#8211; hangs\u00falyozta Sojgu, \u00e9s k\u00f6z\u00f6lte, a Lengyelorsz\u00e1g \u00e9s a balti \u00e1llamok ter\u00fclet\u00e9re bejelentett NATO-hadgyakorlat &#8222;nem j\u00e1rul hozz\u00e1 az Ukrajna k\u00f6r\u00fcli helyzet rendez\u00e9s\u00e9hez&#8221;.<br \/>\nA v\u00e9delmi miniszter k\u00f6zl\u00e9se szerint Oroszorsz\u00e1g \u00e9s Ukrajna hat\u00e1r\u00e1n &#8222;t\u00f6bb, katonai man\u0151verre k\u00e9pes diverzi\u00f3s csoport tev\u00e9kenykedik&#8221;.<br \/>\nId\u0151k\u00f6zben kijevi sajt\u00f3jelent\u00e9sek szerint az ukr\u00e1n biztons\u00e1gi er\u0151k le\u00e1ll\u00edtott\u00e1k a Donyeck megyei Szlovjanszk v\u00e1ros\u00e1ban a terrorellenes m\u0171veletet, miut\u00e1n az orosz csapatok hadgyakorlatba kezdtek az Ukrajn\u00e1val hat\u00e1ros ter\u00fcleteken.(MTI)<\/p>\n","protected":false},"excerpt":{"rendered":"<p>Hadgyakorlat kezd\u0151d\u00f6tt a D\u00e9lkelet-Ukrajn\u00e1val hat\u00e1ros orosz r\u00e9gi\u00f3kban, v\u00e1laszul az ottani helyzet ki\u00e9lez\u0151d\u00e9s\u00e9re &#8211; jelentette be Szergej Sojgu orosz v\u00e9delmi miniszter cs\u00fct\u00f6rt\u00f6k\u00f6n.<\/p>\n","protected":false},"author":1,"featured_media":0,"comment_status":"open","ping_status":"closed","sticky":false,"template":"","format":"standard","meta":[],"categories":[139],"tags":[],"_links":{"self":[{"href":"https:\/\/gazdasagportal.hu\/index.php\/wp-json\/wp\/v2\/posts\/33451"}],"collection":[{"href":"https:\/\/gazdasagportal.hu\/index.php\/wp-json\/wp\/v2\/posts"}],"about":[{"href":"https:\/\/gazdasagportal.hu\/index.php\/wp-json\/wp\/v2\/types\/post"}],"author":[{"embeddable":true,"href":"https:\/\/gazdasagportal.hu\/index.php\/wp-json\/wp\/v2\/users\/1"}],"replies":[{"embeddable":true,"href":"https:\/\/gazdasagportal.hu\/index.php\/wp-json\/wp\/v2\/comments?post=33451"}],"version-history":[{"count":1,"href":"https:\/\/gazdasagportal.hu\/index.php\/wp-json\/wp\/v2\/posts\/33451\/revisions"}],"predecessor-version":[{"id":33452,"href":"https:\/\/gazdasagportal.hu\/index.php\/wp-json\/wp\/v2\/posts\/33451\/revisions\/33452"}],"wp:attachment":[{"href":"https:\/\/gazdasagportal.hu\/index.php\/wp-json\/wp\/v2\/media?parent=33451"}],"wp:term":[{"taxonomy":"category","embeddable":true,"href":"https:\/\/gazdasagportal.hu\/index.php\/wp-json\/wp\/v2\/categories?post=33451"},{"taxonomy":"post_tag","embeddable":true,"href":"https:\/\/gazdasagportal.hu\/index.php\/wp-json\/wp\/v2\/tags?post=33451"}],"curies":[{"name":"wp","href":"https:\/\/api.w.org\/{rel}","templated":true}]}}