{"id":33443,"date":"2014-04-24T18:17:37","date_gmt":"2014-04-24T16:17:37","guid":{"rendered":"http:\/\/stockportal.hu\/?p=33443"},"modified":"2014-04-24T17:48:49","modified_gmt":"2014-04-24T15:48:49","slug":"ukran-valsag-orosz-katonai-beavatkozas-veszelye-miatt-leallitotta-kijev-a-terrorellenes-muveletet","status":"publish","type":"post","link":"https:\/\/gazdasagportal.hu\/index.php\/ukran-valsag-orosz-katonai-beavatkozas-veszelye-miatt-leallitotta-kijev-a-terrorellenes-muveletet\/","title":{"rendered":"Ukr\u00e1n v\u00e1ls\u00e1g: Orosz katonai beavatkoz\u00e1s vesz\u00e9lye miatt le\u00e1ll\u00edtotta Kijev a terrorellenes m\u0171veletet"},"content":{"rendered":"<p><strong>Az ukr\u00e1n biztons\u00e1gi er\u0151k le\u00e1ll\u00edtott\u00e1k a Donyeck megyei Szlovjanszk v\u00e1ros\u00e1ban a terrorellenes m\u0171veletet, miut\u00e1n az orosz csapatok l\u00e9tsz\u00e1ma megn\u00f6vekedett az orsz\u00e1g keleti hat\u00e1r\u00e1n\u00e1l.<!--more--><\/strong><\/p>\n<div id=\"vid4u\"><\/div>\n<p><script type=\"text\/javascript\">var rid = 100000 + Math.floor(Math.random()*99999); var b = document.createElement(\"div\"); b.setAttribute(\"id\", \"v4u_c_\"+rid+\"_3\"); var r = document.getElementById(\"vid4u\"); r.parentNode.insertBefore(b,r); r.setAttribute(\"id\", \"\"); (function(w, d, s, rid) { function go(){ var js, fjs = d.getElementsByTagName(s)[0], load = function(url, id) { if (d.getElementById(id)) { d.getElementById(id).onload = d.getElementById(id).onreadystatechange = function() { if (typeof vid4u != 'undefined') vid4u.init(480,289,\"0scneAox4k\",null,3, rid);}; return; } js = d.createElement(s); js.src = url; js.id = id; fjs.parentNode.insertBefore(js, fjs); js.onload = js.onreadystatechange = function() { if (typeof vid4u != 'undefined') vid4u.init(480,289,\"0scneAox4k\",null,3, rid); };}; load(\"\/\/video.vid4u.org\/vid4ul.js\", \"vjs_\"+rid); } go(); }(window, document, \"script\", rid));<\/script><\/p>\n<p>    Az ukr\u00e1n elh\u00e1r\u00edt\u00e1s szerint jelent\u0151sen megn\u0151tt a kock\u00e1zata annak, hogy az orosz hadsereg bet\u00f6r Ukrajna ter\u00fclet\u00e9re. A Kyiv Post c\u00edm\u0171 angol nyelv\u0171 ukr\u00e1n kiadv\u00e1ny h\u00edrport\u00e1lj\u00e1nak egy n\u00e9v n\u00e9lk\u00fcli forr\u00e1s a biztons\u00e1gi er\u0151kt\u0151l meger\u0151s\u00edtette, hogy a m\u0171velet k\u00f6zben m\u00e1r h\u00e9t oroszbar\u00e1t szeparatista fegyveres vesztette \u00e9let\u00e9t.(MTI)<\/p>\n","protected":false},"excerpt":{"rendered":"<p>Az ukr\u00e1n biztons\u00e1gi er\u0151k le\u00e1ll\u00edtott\u00e1k a Donyeck megyei Szlovjanszk v\u00e1ros\u00e1ban a terrorellenes m\u0171veletet, miut\u00e1n az orosz csapatok l\u00e9tsz\u00e1ma megn\u00f6vekedett az orsz\u00e1g keleti hat\u00e1r\u00e1n\u00e1l.<\/p>\n","protected":false},"author":1,"featured_media":0,"comment_status":"open","ping_status":"closed","sticky":false,"template":"","format":"standard","meta":[],"categories":[139],"tags":[],"_links":{"self":[{"href":"https:\/\/gazdasagportal.hu\/index.php\/wp-json\/wp\/v2\/posts\/33443"}],"collection":[{"href":"https:\/\/gazdasagportal.hu\/index.php\/wp-json\/wp\/v2\/posts"}],"about":[{"href":"https:\/\/gazdasagportal.hu\/index.php\/wp-json\/wp\/v2\/types\/post"}],"author":[{"embeddable":true,"href":"https:\/\/gazdasagportal.hu\/index.php\/wp-json\/wp\/v2\/users\/1"}],"replies":[{"embeddable":true,"href":"https:\/\/gazdasagportal.hu\/index.php\/wp-json\/wp\/v2\/comments?post=33443"}],"version-history":[{"count":1,"href":"https:\/\/gazdasagportal.hu\/index.php\/wp-json\/wp\/v2\/posts\/33443\/revisions"}],"predecessor-version":[{"id":33444,"href":"https:\/\/gazdasagportal.hu\/index.php\/wp-json\/wp\/v2\/posts\/33443\/revisions\/33444"}],"wp:attachment":[{"href":"https:\/\/gazdasagportal.hu\/index.php\/wp-json\/wp\/v2\/media?parent=33443"}],"wp:term":[{"taxonomy":"category","embeddable":true,"href":"https:\/\/gazdasagportal.hu\/index.php\/wp-json\/wp\/v2\/categories?post=33443"},{"taxonomy":"post_tag","embeddable":true,"href":"https:\/\/gazdasagportal.hu\/index.php\/wp-json\/wp\/v2\/tags?post=33443"}],"curies":[{"name":"wp","href":"https:\/\/api.w.org\/{rel}","templated":true}]}}