{"id":33424,"date":"2014-04-24T15:33:39","date_gmt":"2014-04-24T13:33:39","guid":{"rendered":"http:\/\/stockportal.hu\/?p=33424"},"modified":"2014-04-24T15:33:39","modified_gmt":"2014-04-24T13:33:39","slug":"fenntarthato-jovo-a-fenntarthato-fejlodes-biztositasa-erkolcsi-kotelesseg","status":"publish","type":"post","link":"https:\/\/gazdasagportal.hu\/index.php\/fenntarthato-jovo-a-fenntarthato-fejlodes-biztositasa-erkolcsi-kotelesseg\/","title":{"rendered":"Fenntarthat\u00f3 j\u00f6v\u0151: a fenntarthat\u00f3 fejl\u0151d\u00e9s biztos\u00edt\u00e1sa erk\u00f6lcsi k\u00f6teless\u00e9g"},"content":{"rendered":"<p><strong>A fenntarthat\u00f3 fejl\u0151d\u00e9s gyermekeink sors\u00e1t \u00e9s j\u00f6v\u0151j\u00e9t hat\u00e1rozza meg, ennek biztos\u00edt\u00e1sa nemcsak politikai, hanem erk\u00f6lcsi k\u00f6teless\u00e9g is \u2013 hangoztatta az Orsz\u00e1ggy\u0171l\u00e9s eln\u00f6ke cs\u00fct\u00f6rt\u00f6k\u00f6n Budapesten, a Parlamentben rendezett h\u00e1romnapos nemzetk\u00f6zi konferenci\u00e1n.<!--more--><\/strong><\/p>\n<div id=\"vid4u\"><\/div>\n<p><script type=\"text\/javascript\">var rid = 100000 + Math.floor(Math.random()*99999); var b = document.createElement(\"div\"); b.setAttribute(\"id\", \"v4u_c_\"+rid+\"_3\"); var r = document.getElementById(\"vid4u\"); r.parentNode.insertBefore(b,r); r.setAttribute(\"id\", \"\"); (function(w, d, s, rid) { function go(){ var js, fjs = d.getElementsByTagName(s)[0], load = function(url, id) { if (d.getElementById(id)) { d.getElementById(id).onload = d.getElementById(id).onreadystatechange = function() { if (typeof vid4u != 'undefined') vid4u.init(480,289,\"0scneAox4k\",null,3, rid);}; return; } js = d.createElement(s); js.src = url; js.id = id; fjs.parentNode.insertBefore(js, fjs); js.onload = js.onreadystatechange = function() { if (typeof vid4u != 'undefined') vid4u.init(480,289,\"0scneAox4k\",null,3, rid); };}; load(\"\/\/video.vid4u.org\/vid4ul.js\", \"vjs_\"+rid); } go(); }(window, document, \"script\", rid));<\/script><\/p>\n<p>    A fenntarthat\u00f3 j\u00f6v\u0151 modellint\u00e9zm\u00e9nyei c\u00edmmel rendezett f\u00f3rumot megnyit\u00f3 besz\u00e9d\u00e9ben K\u00f6v\u00e9r L\u00e1szl\u00f3 sz\u00e9les k\u00f6r\u0171 nemzeti \u00e9s nemzetk\u00f6zi egyet\u00e9rt\u00e9st tartott sz\u00fcks\u00e9gesnek ezen politikai \u00e9s erk\u00f6lcsi kih\u00edv\u00e1sok megv\u00e1laszol\u00e1s\u00e1ra.<br \/>\n    Hangs\u00falyozta: olyan int\u00e9zm\u00e9nyekre van sz\u00fcks\u00e9g, amelyek lehet\u0151v\u00e9 teszik a megold\u00e1si alternat\u00edv\u00e1k l\u00e9trehoz\u00e1s\u00e1t \u00e9s megvitat\u00e1s\u00e1t.<br \/>\n    A h\u00e1zeln\u00f6k felh\u00edvta a figyelmet azon tudom\u00e1nyos elm\u00e9letekre, amelyek szerint az emberis\u00e9g tev\u00e9kenys\u00e9ge megs\u00e9rti a F\u00f6ld \u00f6kol\u00f3giai korl\u00e1tait. Ezek k\u00f6z\u00e9 sorolta a term\u00e9szeti k\u00f6rnyezet, az energia- \u00e9s nyersanyag er\u0151forr\u00e1sok t\u00falhaszn\u00e1lat\u00e1t, de fenntarthatatlannak nevezte a n\u00f6vekv\u0151 nemzeti ad\u00f3ss\u00e1gokat vagy a kult\u00far\u00e1k \u00e9s nyelvek gyorsul\u00f3 elt\u0171n\u00e9s\u00e9t is.<br \/>\n    Sz\u00f3lt arr\u00f3l is, hogy m\u00edg a vil\u00e1g bizonyos r\u00e9gi\u00f3iban robban\u00e1sszer\u0171 a n\u00e9pess\u00e9gszaporulat, Eur\u00f3p\u00e1ban a nemzetek n\u00e9pess\u00e9g\u00e9nek cs\u00f6kken\u00e9se jellemz\u0151.<br \/>\n    \u201eCiviliz\u00e1ci\u00f3nk fejl\u0151d\u00e9se fordul\u00f3ponthoz \u00e9rkezett\u201d \u2013 jelentette ki K\u00f6v\u00e9r L\u00e1szl\u00f3, hozz\u00e1t\u00e9ve: a fenntarthat\u00f3s\u00e1g biztos\u00edt\u00e1sa \u00e9rdek\u00e9ben \u00faj t\u00edpus\u00fa int\u00e9zm\u00e9nyekre, f\u00e9kekre \u00e9s ellens\u00falyokra van sz\u00fcks\u00e9g.<br \/>\n    A h\u00e1zeln\u00f6k id\u00e9zett fenntarthat\u00f3 fejl\u0151d\u00e9si keretstrat\u00e9gi\u00e1b\u00f3l, valamint az alapt\u00f6rv\u00e9nyb\u0151l is, amely, mint mondta, szint\u00e9n lefektette a fenntarthat\u00f3 j\u00f6v\u0151 alapjait. Utalt arra is: a politika, a gazdas\u00e1g vagy ak\u00e1r az egy\u00e9nek is hajlamosak a r\u00f6vid t\u00e1v\u00fa el\u0151ny\u00f6k \u00e9rdek\u00e9ben elfeledkezni a d\u00f6nt\u00e9seik hossz\u00fa t\u00e1v\u00fa k\u00f6vetkezm\u00e9nyeir\u0151l.<br \/>\n    Hangs\u00falyozta: int\u00e9zm\u00e9nyek olyan h\u00e1l\u00f3zat\u00e1t kell fel\u00e1ll\u00edtani, amely k\u00e9pes lesz hat\u00e9kony tan\u00e1csokat adni vagy ak\u00e1r kik\u00e9nyszer\u00edteni a megfelel\u0151 d\u00f6nt\u00e9seket. Mint mondta, a konferencia seg\u00edts\u00e9get ny\u00fajthat ezen int\u00e9zm\u00e9nyek megismer\u00e9s\u00e9hez, \u00f6sszehasonl\u00edt\u00e1s\u00e1hoz.<br \/>\n    A konferencia c\u00e9lja, hogy a vil\u00e1g szakemberei megvitathass\u00e1k a nemzeti int\u00e9zm\u00e9nyek szerep\u00e9t, lehet\u0151s\u00e9geit, \u00e9s megtal\u00e1lj\u00e1k azokat a megold\u00e1sokat, amelyek \u00e9rv\u00e9nyes\u00edthet\u0151k a k\u00f6rnyezetpolitik\u00e1ban. Kor\u00e1bban az ENSZ f\u0151titk\u00e1ra a Gener\u00e1ci\u00f3k k\u00f6z\u00f6tti m\u00e9lt\u00e1nyoss\u00e1g \u00e9s a j\u00f6v\u0151 nemzed\u00e9kek sz\u00fcks\u00e9gletei c\u00edm\u0171 jelent\u00e9s\u00e9ben nyolc olyan nemzeti int\u00e9zm\u00e9nyt neves\u00edtett, amelyek \u00fatt\u00f6r\u0151 szerepet j\u00e1tszhatnak a fenntarthat\u00f3 fejl\u0151d\u00e9s megval\u00f3s\u00edt\u00e1s\u00e1ban, ezek egyike a magyar ombudsmanhoz k\u00f6t\u0151dik, a j\u00f6v\u0151 nemzed\u00e9kek \u00e9rdekeinek v\u00e9delm\u00e9t ell\u00e1t\u00f3 biztoshelyettes\u00e9.(MTI)<\/p>\n","protected":false},"excerpt":{"rendered":"<p>A fenntarthat\u00f3 fejl\u0151d\u00e9s gyermekeink sors\u00e1t \u00e9s j\u00f6v\u0151j\u00e9t hat\u00e1rozza meg, ennek biztos\u00edt\u00e1sa nemcsak politikai, hanem erk\u00f6lcsi k\u00f6teless\u00e9g is \u2013 hangoztatta az Orsz\u00e1ggy\u0171l\u00e9s eln\u00f6ke cs\u00fct\u00f6rt\u00f6k\u00f6n Budapesten, a Parlamentben rendezett h\u00e1romnapos nemzetk\u00f6zi konferenci\u00e1n.<\/p>\n","protected":false},"author":1,"featured_media":0,"comment_status":"open","ping_status":"closed","sticky":false,"template":"","format":"standard","meta":[],"categories":[19],"tags":[],"_links":{"self":[{"href":"https:\/\/gazdasagportal.hu\/index.php\/wp-json\/wp\/v2\/posts\/33424"}],"collection":[{"href":"https:\/\/gazdasagportal.hu\/index.php\/wp-json\/wp\/v2\/posts"}],"about":[{"href":"https:\/\/gazdasagportal.hu\/index.php\/wp-json\/wp\/v2\/types\/post"}],"author":[{"embeddable":true,"href":"https:\/\/gazdasagportal.hu\/index.php\/wp-json\/wp\/v2\/users\/1"}],"replies":[{"embeddable":true,"href":"https:\/\/gazdasagportal.hu\/index.php\/wp-json\/wp\/v2\/comments?post=33424"}],"version-history":[{"count":1,"href":"https:\/\/gazdasagportal.hu\/index.php\/wp-json\/wp\/v2\/posts\/33424\/revisions"}],"predecessor-version":[{"id":33425,"href":"https:\/\/gazdasagportal.hu\/index.php\/wp-json\/wp\/v2\/posts\/33424\/revisions\/33425"}],"wp:attachment":[{"href":"https:\/\/gazdasagportal.hu\/index.php\/wp-json\/wp\/v2\/media?parent=33424"}],"wp:term":[{"taxonomy":"category","embeddable":true,"href":"https:\/\/gazdasagportal.hu\/index.php\/wp-json\/wp\/v2\/categories?post=33424"},{"taxonomy":"post_tag","embeddable":true,"href":"https:\/\/gazdasagportal.hu\/index.php\/wp-json\/wp\/v2\/tags?post=33424"}],"curies":[{"name":"wp","href":"https:\/\/api.w.org\/{rel}","templated":true}]}}