{"id":33381,"date":"2014-04-24T07:32:16","date_gmt":"2014-04-24T05:32:16","guid":{"rendered":"http:\/\/stockportal.hu\/?p=33381"},"modified":"2014-04-23T21:14:13","modified_gmt":"2014-04-23T19:14:13","slug":"szunet-varhato-az-europai-unio-bovitesi-folyamataban-a-kovetkezo-ot-evben","status":"publish","type":"post","link":"https:\/\/gazdasagportal.hu\/index.php\/szunet-varhato-az-europai-unio-bovitesi-folyamataban-a-kovetkezo-ot-evben\/","title":{"rendered":"Sz\u00fcnet v\u00e1rhat\u00f3 az Eur\u00f3pai Uni\u00f3 b\u0151v\u00edt\u00e9si folyamat\u00e1ban a k\u00f6vetkez\u0151 \u00f6t \u00e9vben"},"content":{"rendered":"<p><strong>Sz\u00fcnet v\u00e1rhat\u00f3 az Eur\u00f3pai Uni\u00f3 b\u0151v\u00edt\u00e9si folyamat\u00e1ban a k\u00f6vetkez\u0151 \u00f6t \u00e9vben &#8211; v\u00e9lekedett szerd\u00e1n Br\u00fcsszelben Jean-Claude Juncker volt luxembourgi minisztereln\u00f6k, aki a jobbk\u00f6z\u00e9p, kereszt\u00e9nydemokrata ir\u00e1nyzat\u00fa Eur\u00f3pai N\u00e9pp\u00e1rt jel\u00f6ltje az Eur\u00f3pai Bizotts\u00e1g eln\u00f6ki tiszts\u00e9g\u00e9re.<!--more--><\/strong><\/p>\n<div id=\"vid4u\"><\/div>\n<p><script type=\"text\/javascript\">var rid = 100000 + Math.floor(Math.random()*99999); var b = document.createElement(\"div\"); b.setAttribute(\"id\", \"v4u_c_\"+rid+\"_3\"); var r = document.getElementById(\"vid4u\"); r.parentNode.insertBefore(b,r); r.setAttribute(\"id\", \"\"); (function(w, d, s, rid) { function go(){ var js, fjs = d.getElementsByTagName(s)[0], load = function(url, id) { if (d.getElementById(id)) { d.getElementById(id).onload = d.getElementById(id).onreadystatechange = function() { if (typeof vid4u != 'undefined') vid4u.init(480,289,\"0scneAox4k\",null,3, rid);}; return; } js = d.createElement(s); js.src = url; js.id = id; fjs.parentNode.insertBefore(js, fjs); js.onload = js.onreadystatechange = function() { if (typeof vid4u != 'undefined') vid4u.init(480,289,\"0scneAox4k\",null,3, rid); };}; load(\"\/\/video.vid4u.org\/vid4ul.js\", \"vjs_\"+rid); } go(); }(window, document, \"script\", rid));<\/script><\/p>\n<p>    Az uni\u00f3s javaslattev\u0151-v\u00e9grehajt\u00f3 int\u00e9zm\u00e9ny vezet\u0151j\u00e9t &#8211; az EU jelenleg hat\u00e1lyos alapszerz\u0151d\u00e9se, a Lisszaboni Szerz\u0151d\u00e9s \u00e9rtelm\u00e9ben &#8211; a tag\u00e1llamok vezet\u0151inek javaslata alapj\u00e1n, \u00e1m a m\u00e1jus 22. \u00e9s 25. k\u00f6z\u00f6tt tartand\u00f3 eur\u00f3pai parlamenti (EP-) v\u00e1laszt\u00e1sok eredm\u00e9ny\u00e9nek figyelembe v\u00e9tel\u00e9vel fogja megv\u00e1lasztani az EP. Vagyis a bizotts\u00e1g \u00faj eln\u00f6k\u00e9nek maga m\u00f6g\u00f6tt kell majd tudnia az EP t\u00f6bbs\u00e9gi t\u00e1mogat\u00e1s\u00e1t. A n\u00e9pp\u00e1rti Juncker leger\u0151sebb kih\u00edv\u00f3ja az eur\u00f3pai szocialist\u00e1k \u00e9s szoci\u00e1ldemokrat\u00e1k sz\u00edneiben a n\u00e9met Martin Schulz, az EP eddigi eln\u00f6ke.<br \/>\n    Szerdai sajt\u00f3t\u00e1j\u00e9koztat\u00f3j\u00e1n Juncker \u00fagy v\u00e9lekedett, hogy a ny\u00e1ron megalakul\u00f3, \u00faj \u00f6sszet\u00e9tel\u0171 Eur\u00f3pai Bizotts\u00e1g hivatali ideje alatt, vagyis a 2019-ig terjed\u0151 id\u0151szakban nem fog n\u00f6vekedni a jelenleg 28 orsz\u00e1got mag\u00e1ban foglal\u00f3 EU tag\u00e1llamainak sz\u00e1ma.<br \/>\n    Az eur\u00f3pai integr\u00e1ci\u00f3 kiteljes\u00edt\u00e9s\u00e9nek fogh\u00edjas mivolta legink\u00e1bb a Nyugat-Balk\u00e1non \u00e9rz\u00e9kelhet\u0151. A t\u00e9rs\u00e9g legfontosabb orsz\u00e1ga, Szerbia azonban m\u00e9g csak n\u00e9h\u00e1ny h\u00f3napja kezdte meg &#8211; el\u0151rel\u00e1that\u00f3lag legkevesebb n\u00e9gy-\u00f6t \u00e9vig tart\u00f3 &#8211; csatlakoz\u00e1si t\u00e1rgyal\u00e1ssorozat\u00e1t.<br \/>\n    Juncker a sajt\u00f3t\u00e1j\u00e9koztat\u00f3n arr\u00f3l is besz\u00e9lt, hogy amennyiben \u0151t v\u00e1lasztj\u00e1k meg az Eur\u00f3pai Bizotts\u00e1g eln\u00f6k\u00e9nek, akkor az eur\u00f3z\u00f3n\u00e1n bel\u00fcli integr\u00e1ci\u00f3 er\u0151s\u00edt\u00e9s\u00e9re fog t\u00f6rekedni, egy\u00fattal pedig tisztess\u00e9ges meg\u00e1llapod\u00e1st k\u00edv\u00e1n k\u00f6tni Nagy-Britanni\u00e1val, amely nem csup\u00e1n a k\u00f6z\u00f6s fizet\u0151eszk\u00f6zt utas\u00edtja el, hanem az ellen\u0151rz\u00e9s n\u00e9lk\u00fcli utaz\u00e1st lehet\u0151v\u00e9 tev\u0151 schengeni \u00f6vezeti tags\u00e1got, valamint az eur\u00f3pai \u00fcgy\u00e9szs\u00e9g gondolat\u00e1t is.<br \/>\n    &#8222;Ezt meg kell tenn\u00fcnk, ha Nagy-Britanni\u00e1t az EU-ban akarjuk tartani&#8221; &#8211; mondta.(MTI)<\/p>\n","protected":false},"excerpt":{"rendered":"<p>Sz\u00fcnet v\u00e1rhat\u00f3 az Eur\u00f3pai Uni\u00f3 b\u0151v\u00edt\u00e9si folyamat\u00e1ban a k\u00f6vetkez\u0151 \u00f6t \u00e9vben &#8211; v\u00e9lekedett szerd\u00e1n Br\u00fcsszelben Jean-Claude Juncker volt luxembourgi minisztereln\u00f6k, aki a jobbk\u00f6z\u00e9p, kereszt\u00e9nydemokrata ir\u00e1nyzat\u00fa Eur\u00f3pai N\u00e9pp\u00e1rt jel\u00f6ltje az Eur\u00f3pai Bizotts\u00e1g eln\u00f6ki tiszts\u00e9g\u00e9re.<\/p>\n","protected":false},"author":1,"featured_media":0,"comment_status":"open","ping_status":"closed","sticky":false,"template":"","format":"standard","meta":[],"categories":[12],"tags":[],"_links":{"self":[{"href":"https:\/\/gazdasagportal.hu\/index.php\/wp-json\/wp\/v2\/posts\/33381"}],"collection":[{"href":"https:\/\/gazdasagportal.hu\/index.php\/wp-json\/wp\/v2\/posts"}],"about":[{"href":"https:\/\/gazdasagportal.hu\/index.php\/wp-json\/wp\/v2\/types\/post"}],"author":[{"embeddable":true,"href":"https:\/\/gazdasagportal.hu\/index.php\/wp-json\/wp\/v2\/users\/1"}],"replies":[{"embeddable":true,"href":"https:\/\/gazdasagportal.hu\/index.php\/wp-json\/wp\/v2\/comments?post=33381"}],"version-history":[{"count":1,"href":"https:\/\/gazdasagportal.hu\/index.php\/wp-json\/wp\/v2\/posts\/33381\/revisions"}],"predecessor-version":[{"id":33382,"href":"https:\/\/gazdasagportal.hu\/index.php\/wp-json\/wp\/v2\/posts\/33381\/revisions\/33382"}],"wp:attachment":[{"href":"https:\/\/gazdasagportal.hu\/index.php\/wp-json\/wp\/v2\/media?parent=33381"}],"wp:term":[{"taxonomy":"category","embeddable":true,"href":"https:\/\/gazdasagportal.hu\/index.php\/wp-json\/wp\/v2\/categories?post=33381"},{"taxonomy":"post_tag","embeddable":true,"href":"https:\/\/gazdasagportal.hu\/index.php\/wp-json\/wp\/v2\/tags?post=33381"}],"curies":[{"name":"wp","href":"https:\/\/api.w.org\/{rel}","templated":true}]}}