{"id":33365,"date":"2014-04-24T08:16:48","date_gmt":"2014-04-24T06:16:48","guid":{"rendered":"http:\/\/stockportal.hu\/?p=33365"},"modified":"2014-04-24T06:05:15","modified_gmt":"2014-04-24T04:05:15","slug":"moodys-a-novekedes-stabilizalja-az-adossagfolyamatokat-kozep-es-kelet-europaban","status":"publish","type":"post","link":"https:\/\/gazdasagportal.hu\/index.php\/moodys-a-novekedes-stabilizalja-az-adossagfolyamatokat-kozep-es-kelet-europaban\/","title":{"rendered":"Moody&#8217;s: a n\u00f6veked\u00e9s stabiliz\u00e1lja az ad\u00f3ss\u00e1gfolyamatokat K\u00f6z\u00e9p- \u00e9s Kelet-Eur\u00f3p\u00e1ban"},"content":{"rendered":"<p><strong>A lassan megszil\u00e1rdul\u00f3, b\u00e1r tov\u00e1bbra is egyenetlen \u00fctem\u0171 gazdas\u00e1gi n\u00f6veked\u00e9s seg\u00edti a k\u00f6z\u00e9p- \u00e9s kelet-eur\u00f3pai EU-gazdas\u00e1gok ad\u00f3ss\u00e1gfolyamatainak stabiliz\u00e1l\u00f3d\u00e1s\u00e1t &#8211; \u00e1llap\u00edtja meg szerd\u00e1n Londonban ismertetett t\u00e9rs\u00e9gi tanulm\u00e1ny\u00e1ban a Moody&#8217;s Investors Service.<!--more--><\/strong><\/p>\n<div id=\"vid4u\"><\/div>\n<p><script type=\"text\/javascript\">var rid = 100000 + Math.floor(Math.random()*99999); var b = document.createElement(\"div\"); b.setAttribute(\"id\", \"v4u_c_\"+rid+\"_3\"); var r = document.getElementById(\"vid4u\"); r.parentNode.insertBefore(b,r); r.setAttribute(\"id\", \"\"); (function(w, d, s, rid) { function go(){ var js, fjs = d.getElementsByTagName(s)[0], load = function(url, id) { if (d.getElementById(id)) { d.getElementById(id).onload = d.getElementById(id).onreadystatechange = function() { if (typeof vid4u != 'undefined') vid4u.init(480,289,\"0scneAox4k\",null,3, rid);}; return; } js = d.createElement(s); js.src = url; js.id = id; fjs.parentNode.insertBefore(js, fjs); js.onload = js.onreadystatechange = function() { if (typeof vid4u != 'undefined') vid4u.init(480,289,\"0scneAox4k\",null,3, rid); };}; load(\"\/\/video.vid4u.org\/vid4ul.js\", \"vjs_\"+rid); } go(); }(window, document, \"script\", rid));<\/script><\/p>\n<p>A vil\u00e1g legnagyobb nemzetk\u00f6zi hitelmin\u0151s\u00edt\u0151 \u00e9s gazdas\u00e1gelemz\u0151 csoportja kiemeli, hogy a t\u00e9rs\u00e9gen bel\u00fcl a magyar \u00e9s a lengyel gazdas\u00e1g kil\u00e1bal\u00e1si folyamat\u00e1t imm\u00e1r az er\u0151s\u00f6d\u0151 hazai kereslet is al\u00e1t\u00e1masztja, Csehorsz\u00e1gban, Szlov\u00e1ki\u00e1ban \u00e9s Szlov\u00e9ni\u00e1ban pedig a kedvez\u0151 exportdinamika a f\u0151 n\u00f6veked\u00e9si hajt\u00f3er\u0151.<br \/>\nA Moody&#8217;s elemz\u0151i szerint a t\u00e9rs\u00e9g gazdas\u00e1gi aktivit\u00e1s\u00e1nak \u00e9l\u00e9nk\u00fcl\u00e9se \u00e9s a k\u00f6lts\u00e9gvet\u00e9si konszolid\u00e1ci\u00f3 szigor\u00e1nak enyh\u00fcl\u00e9se nagyobb p\u00e9nz\u00fcgyi rugalmass\u00e1got k\u00f6lcs\u00f6n\u00f6z az \u00f6t t\u00e9rs\u00e9gi szuver\u00e9n ad\u00f3snak, annak ellen\u00e9re is, hogy a r\u00e9gi\u00f3ban a kor\u00e1bbin\u00e1l magasabb \u00e1llamad\u00f3ss\u00e1g \u00e9s kev\u00e9sb\u00e9 fenntarthat\u00f3 kamatfizet\u00e9si teher v\u00e1lt az &#8222;\u00faj norm\u00e1v\u00e1&#8221;.<br \/>\nMagyarorsz\u00e1gon \u00e9s Lengyelorsz\u00e1gban a fogyaszt\u00f3i \u00e9s az \u00fczleti bizalmi jelz\u0151sz\u00e1mok arra vallanak, hogy e k\u00e9t gazdas\u00e1g n\u00f6veked\u00e9se a vizsg\u00e1latba bevont m\u00e1sik h\u00e1rom t\u00e9rs\u00e9gi orsz\u00e1g\u00e9n\u00e1l sokkal nagyobb m\u00e9rt\u00e9kben r\u00e1 lesz utalva a hazai fogyaszt\u00e1sra \u00e9s a beruh\u00e1z\u00e1sokra &#8211; \u00e1ll a hitelmin\u0151s\u00edt\u0151 elemz\u00e9s\u00e9ben.<br \/>\nA Moody&#8217;s szerint Lengyelorsz\u00e1gban a nett\u00f3 export 2014-2015-ben csek\u00e9ly m\u00e9rt\u00e9kben j\u00e1rul hozz\u00e1 a n\u00f6veked\u00e9shez, Magyarorsz\u00e1g eset\u00e9ben pedig a hat\u00e1s semleges lesz ebben a k\u00e9t \u00e9vben.<br \/>\nA magyar gazdas\u00e1g n\u00f6veked\u00e9si teljes\u00edtm\u00e9ny\u00e9r\u0151l a c\u00e9g meg\u00e1llap\u00edtja, hogy a magyar n\u00f6veked\u00e9si dinamika az elm\u00falt \u00e9vekben volatilisabb volt a t\u00f6bbi t\u00e9rs\u00e9gi gazdas\u00e1g\u00e9n\u00e1l. A mag\u00e1nszektorbeli fogyaszt\u00e1s \u00e9s a beruh\u00e1z\u00e1s az ut\u00f3bbi n\u00e9gy \u00e9vben cs\u00f6kkent vagy stagn\u00e1lt &#8211; a beruh\u00e1z\u00e1sok eset\u00e9ben ez al\u00f3l 2010 kiv\u00e9telt jelent -, \u00e9s ezt valamelyest ellent\u00e9telezte a nett\u00f3 export. A Moody&#8217;s v\u00e9lem\u00e9nye szerint ez azt jelzi, hogy a magyar gazdas\u00e1gpolitik\u00e1val kapcsolatos &#8222;megn\u00f6vekedett bizonytalans\u00e1gok&#8221; k\u00f6zepette cs\u00f6kkent a beruh\u00e1z\u00e1si \u00e9s a fogyaszt\u00e1si hajland\u00f3s\u00e1g.<br \/>\nMost m\u00e1r azonban a vizsg\u00e1lt t\u00f6bbi n\u00e9gy t\u00e9rs\u00e9gi gazdas\u00e1ghoz hasonl\u00f3an fokozatosan er\u0151s\u00f6dik a fogyaszt\u00f3i \u00e9s az \u00fczleti bizalom Magyarorsz\u00e1gon is, \u00e9s ennek alapj\u00e1n a Moody&#8217;s arra sz\u00e1m\u00edt, hogy a magyar gazdas\u00e1g n\u00f6veked\u00e9si hajt\u00f3er\u0151in bel\u00fcl \u00e1thelyez\u0151dik a hangs\u00faly a nett\u00f3 exportr\u00f3l a mag\u00e1nfogyaszt\u00e1sra \u00e9s a beruh\u00e1z\u00e1sokra.<br \/>\nMindezt egybevetve a Moody&#8217;s londoni elemz\u0151i azzal sz\u00e1molnak, hogy a magyar gazdas\u00e1g n\u00f6veked\u00e9si \u00fcteme az id\u00e9n \u00e9s j\u00f6v\u0151re is 2,1 sz\u00e1zal\u00e9k lesz a 2007-2013 k\u00f6z\u00f6tti id\u0151szakra a c\u00e9g \u00e1ltal kisz\u00e1molt 3,7 sz\u00e1zal\u00e9kos \u00e9ves \u00e1tlagos visszaes\u00e9s ut\u00e1n.<br \/>\nA Moody&#8217;s Csehorsz\u00e1gban az id\u00e9n 1,8, j\u00f6v\u0151re 2,2 sz\u00e1zal\u00e9kos, Lengyelorsz\u00e1gban 2,9, illetve 3,1 sz\u00e1zal\u00e9kos, Szlov\u00e1ki\u00e1ban 2,5, illetve 3,2 sz\u00e1zal\u00e9kos GDP-n\u00f6veked\u00e9st v\u00e1r. Szlov\u00e9ni\u00e1ban a hitelmin\u0151s\u00edt\u0151 szerdai el\u0151rejelz\u00e9se szerint 2014-ben m\u00e9g 0,1 sz\u00e1zal\u00e9kkal visszaesik a hazai \u00f6sszterm\u00e9k, de a c\u00e9g j\u00f6v\u0151re m\u00e1r itt is 1,3 sz\u00e1zal\u00e9kos n\u00f6veked\u00e9st j\u00f3sol.<br \/>\nAz ut\u00f3bbi id\u0151szakban m\u00e1s nagy londoni h\u00e1zak is der\u0171l\u00e1t\u00f3 n\u00f6veked\u00e9si el\u0151rejelz\u00e9seket adtak a k\u00f6z\u00e9p-eur\u00f3pai EU-gazdas\u00e1gokra.<br \/>\nA JP Morgan glob\u00e1lis p\u00e9nz\u00fcgyi szolg\u00e1ltat\u00f3 csoport londoni befektet\u00e9si r\u00e9szleg\u00e9nek k\u00f6zgazd\u00e1szai leg\u00fajabb fel\u00fclvizsg\u00e1lt progn\u00f3zisukban a magyar gazdas\u00e1g idei eg\u00e9sz \u00e9vi n\u00f6veked\u00e9s\u00e9re sz\u00f3l\u00f3 el\u0151rejelz\u00e9s\u00fcket 2,1 sz\u00e1zal\u00e9kr\u00f3l 2,4 sz\u00e1zal\u00e9kra jav\u00edtott\u00e1k. Csehorsz\u00e1gban a c\u00e9g az eddig v\u00e1rt 2,3 sz\u00e1zal\u00e9k helyett 2,8 sz\u00e1zal\u00e9kos, Lengyelorsz\u00e1gban 2,8 sz\u00e1zal\u00e9k helyett 3,0 sz\u00e1zal\u00e9kos GDP-n\u00f6veked\u00e9st val\u00f3sz\u00edn\u0171s\u00edt 2014 eg\u00e9sz\u00e9re.<br \/>\nA progn\u00f3zis jav\u00edt\u00e1s\u00e1hoz f\u0171z\u00f6tt indokl\u00e1sukban a JP Morgan k\u00f6zgazd\u00e1szai szint\u00e9n kiemelt\u00e9k, hogy ezekben az orsz\u00e1gokban egyre t\u00f6bb jele van a fogyaszt\u00f3i der\u0171l\u00e1t\u00e1snak, \u00e9s ez al\u00e1t\u00e1masztja a c\u00e9g azon v\u00e9lem\u00e9ny\u00e9t, hogy az er\u0151teljes exportteljes\u00edtm\u00e9ny mellett most m\u00e1r fokozatosan \u00e9l\u00e9nk\u00fcl a hazai kereslet is e gazdas\u00e1gokban.<br \/>\nUgyanezt \u00e1llap\u00edtott\u00e1k meg \u00faj t\u00e9rs\u00e9gi helyzet\u00e9rt\u00e9kel\u00e9s\u00fckben a Bank of America-Merrill Lynch bankcsoport londoni elemz\u0151r\u00e9szleg\u00e9nek (BofA Merrill Lynch Global Research) k\u00f6zgazd\u00e1szai. A h\u00e1z szerint a k\u00f6z\u00e9p-eur\u00f3pai EU-gazdas\u00e1gokban &#8222;l\u00e1that\u00f3an felgyorsult&#8221; a GDP-n\u00f6veked\u00e9s a legut\u00f3bbi k\u00e9t negyed\u00e9vben, \u00e9s ebben az exportrendel\u00e9sek b\u0151v\u00fcl\u00e9se mellett a hazai kereslet er\u0151s\u00f6d\u00e9s\u00e9nek hat\u00e1sa is l\u00e1tszik.<br \/>\nA c\u00e9g londoni elemz\u0151i az idei \u00e9vre 2,6, 2015-ben 3,0 sz\u00e1zal\u00e9kos GDP-n\u00f6veked\u00e9st v\u00e1rnak a magyar gazdas\u00e1gban. A h\u00e1z Lengyelorsz\u00e1gban az id\u00e9n 2,8, j\u00f6v\u0151re 3,8 sz\u00e1zal\u00e9kos, Csehorsz\u00e1gban 2,3, illetve 2,6, Rom\u00e1ni\u00e1ban 2,8, illetve 3,3 sz\u00e1zal\u00e9kos n\u00f6veked\u00e9st val\u00f3sz\u00edn\u0171s\u00edt 2014-ben \u00e9s 2015-ben.(MTI)<\/p>\n","protected":false},"excerpt":{"rendered":"<p>A lassan megszil\u00e1rdul\u00f3, b\u00e1r tov\u00e1bbra is egyenetlen \u00fctem\u0171 gazdas\u00e1gi n\u00f6veked\u00e9s seg\u00edti a k\u00f6z\u00e9p- \u00e9s kelet-eur\u00f3pai EU-gazdas\u00e1gok ad\u00f3ss\u00e1gfolyamatainak stabiliz\u00e1l\u00f3d\u00e1s\u00e1t &#8211; \u00e1llap\u00edtja meg szerd\u00e1n Londonban ismertetett t\u00e9rs\u00e9gi tanulm\u00e1ny\u00e1ban a Moody&#8217;s Investors Service.<\/p>\n","protected":false},"author":1,"featured_media":0,"comment_status":"open","ping_status":"closed","sticky":false,"template":"","format":"standard","meta":[],"categories":[12],"tags":[],"_links":{"self":[{"href":"https:\/\/gazdasagportal.hu\/index.php\/wp-json\/wp\/v2\/posts\/33365"}],"collection":[{"href":"https:\/\/gazdasagportal.hu\/index.php\/wp-json\/wp\/v2\/posts"}],"about":[{"href":"https:\/\/gazdasagportal.hu\/index.php\/wp-json\/wp\/v2\/types\/post"}],"author":[{"embeddable":true,"href":"https:\/\/gazdasagportal.hu\/index.php\/wp-json\/wp\/v2\/users\/1"}],"replies":[{"embeddable":true,"href":"https:\/\/gazdasagportal.hu\/index.php\/wp-json\/wp\/v2\/comments?post=33365"}],"version-history":[{"count":1,"href":"https:\/\/gazdasagportal.hu\/index.php\/wp-json\/wp\/v2\/posts\/33365\/revisions"}],"predecessor-version":[{"id":33366,"href":"https:\/\/gazdasagportal.hu\/index.php\/wp-json\/wp\/v2\/posts\/33365\/revisions\/33366"}],"wp:attachment":[{"href":"https:\/\/gazdasagportal.hu\/index.php\/wp-json\/wp\/v2\/media?parent=33365"}],"wp:term":[{"taxonomy":"category","embeddable":true,"href":"https:\/\/gazdasagportal.hu\/index.php\/wp-json\/wp\/v2\/categories?post=33365"},{"taxonomy":"post_tag","embeddable":true,"href":"https:\/\/gazdasagportal.hu\/index.php\/wp-json\/wp\/v2\/tags?post=33365"}],"curies":[{"name":"wp","href":"https:\/\/api.w.org\/{rel}","templated":true}]}}