{"id":33213,"date":"2014-04-22T13:26:47","date_gmt":"2014-04-22T11:26:47","guid":{"rendered":"http:\/\/stockportal.hu\/?p=33213"},"modified":"2014-04-22T13:26:47","modified_gmt":"2014-04-22T11:26:47","slug":"adobeveteli-rekord-nemetorszagban","status":"publish","type":"post","link":"https:\/\/gazdasagportal.hu\/index.php\/adobeveteli-rekord-nemetorszagban\/","title":{"rendered":"Ad\u00f3bev\u00e9teli rekord N\u00e9metorsz\u00e1gban"},"content":{"rendered":"<p><strong>N\u00e9metorsz\u00e1gban t\u00f6rt\u00e9nelmi cs\u00facsra emelkedtek az ad\u00f3bev\u00e9telek m\u00e1rciusban, egy h\u00f3nap alatt t\u00f6bb mint 55 milli\u00e1rd eur\u00f3 ad\u00f3t fizettek be a sz\u00f6vets\u00e9gi korm\u00e1ny \u00e9s a tartom\u00e1nyok kassz\u00e1j\u00e1ba.<!--more--><\/strong><\/p>\n<div id=\"vid4u\"><\/div>\n<p><script type=\"text\/javascript\">var rid = 100000 + Math.floor(Math.random()*99999); var b = document.createElement(\"div\"); b.setAttribute(\"id\", \"v4u_c_\"+rid+\"_3\"); var r = document.getElementById(\"vid4u\"); r.parentNode.insertBefore(b,r); r.setAttribute(\"id\", \"\"); (function(w, d, s, rid) { function go(){ var js, fjs = d.getElementsByTagName(s)[0], load = function(url, id) { if (d.getElementById(id)) { d.getElementById(id).onload = d.getElementById(id).onreadystatechange = function() { if (typeof vid4u != 'undefined') vid4u.init(480,289,\"0scneAox4k\",null,3, rid);}; return; } js = d.createElement(s); js.src = url; js.id = id; fjs.parentNode.insertBefore(js, fjs); js.onload = js.onreadystatechange = function() { if (typeof vid4u != 'undefined') vid4u.init(480,289,\"0scneAox4k\",null,3, rid); };}; load(\"\/\/video.vid4u.org\/vid4ul.js\", \"vjs_\"+rid); } go(); }(window, document, \"script\", rid));<\/script><\/p>\n<p>    A berlini p\u00e9nz\u00fcgyminiszt\u00e9rium keddi jelent\u00e9se szerint m\u00e1rciusban 55,36 milli\u00e1rd eur\u00f3 ad\u00f3bev\u00e9tel keletkezett, ami minden eddigi m\u00e1rciusn\u00e1l nagyobb \u00f6sszeg \u00e9s 7,2 sz\u00e1zal\u00e9kos n\u00f6veked\u00e9s az egy \u00e9vvel kor\u00e1bbihoz k\u00e9pest. Az els\u0151 negyed\u00e9vet egy\u00fcttv\u00e9ve 140 milli\u00e1rd eur\u00f3 ad\u00f3bev\u00e9tel keletkezett, ami a korm\u00e1nyzati el\u0151rejelz\u00e9seket meghalad\u00f3, 3,7 sz\u00e1zal\u00e9kos n\u00f6veked\u00e9s \u00e9ves \u00f6sszehasonl\u00edt\u00e1sban.<br \/>\n    A n\u00f6veked\u00e9s els\u0151sorban a foglalkoztatotts\u00e1g b\u0151v\u00fcl\u00e9s\u00e9re \u00e9s a b\u00e9remel\u00e9sekre vezethet\u0151 vissza, ezt mutatja, hogy a szem\u00e9lyi j\u00f6vedelemad\u00f3b\u00f3l sz\u00e1rmaz\u00f3 bev\u00e9tel 7 sz\u00e1zal\u00e9kot meghalad\u00f3 m\u00e9rt\u00e9kben n\u00f6vekedett, \u00e9s az egy \u00e9vvel kor\u00e1bbin\u00e1l csaknem 3 sz\u00e1zal\u00e9kkal t\u00f6bb bev\u00e9tel keletkezett az \u00e1ltal\u00e1nos forgalmi ad\u00f3b\u00f3l.<br \/>\n    Az enyhe t\u00e9lnek is volt szerepe, mert az \u00e9p\u00edt\u0151ipari beruh\u00e1z\u00e1sokn\u00e1l szinte teljesen elmaradtak az id\u0151j\u00e1r\u00e1s okozta kies\u00e9sek. A kedvez\u0151 id\u0151j\u00e1r\u00e1s m\u00e1s szektorok teljes\u00edtm\u00e9ny\u00e9t is serkentette, aminek r\u00e9v\u00e9n kiugr\u00f3 m\u00e9rt\u00e9k\u0171 lehetett a hazai \u00f6sszterm\u00e9k (GDP) els\u0151 negyed\u00e9vi n\u00f6veked\u00e9s\u00e9re, ugyanakkor a b\u00e1zishat\u00e1s miatt az \u00e1prilis-j\u00faniusi id\u0151szakban szer\u00e9nyebb GDP-n\u00f6veked\u00e9s v\u00e1rhat\u00f3 &#8211; mutattak r\u00e1 a miniszt\u00e9riumi jelent\u00e9sben.<br \/>\n    A GDP els\u0151 negyed\u00e9vi alakul\u00e1s\u00e1r\u00f3l m\u00e1jus k\u00f6zep\u00e9n jelennek meg adatok, szak\u00e9rt\u0151k 0,6 sz\u00e1zal\u00e9kos n\u00f6veked\u00e9sre sz\u00e1m\u00edtanak. Tavaly 0,4 sz\u00e1zal\u00e9kkal b\u0151v\u00fclt a n\u00e9met gazdas\u00e1g, a korm\u00e1ny el\u0151rejelz\u00e9se szerint az id\u00e9n 1,8 sz\u00e1zal\u00e9kos, j\u00f6v\u0151re 2 sz\u00e1zal\u00e9kos n\u00f6veked\u00e9s v\u00e1rhat\u00f3.(MTI)<\/p>\n","protected":false},"excerpt":{"rendered":"<p>N\u00e9metorsz\u00e1gban t\u00f6rt\u00e9nelmi cs\u00facsra emelkedtek az ad\u00f3bev\u00e9telek m\u00e1rciusban, egy h\u00f3nap alatt t\u00f6bb mint 55 milli\u00e1rd eur\u00f3 ad\u00f3t fizettek be a sz\u00f6vets\u00e9gi korm\u00e1ny \u00e9s a tartom\u00e1nyok kassz\u00e1j\u00e1ba.<\/p>\n","protected":false},"author":1,"featured_media":0,"comment_status":"open","ping_status":"closed","sticky":false,"template":"","format":"standard","meta":[],"categories":[20,12],"tags":[],"_links":{"self":[{"href":"https:\/\/gazdasagportal.hu\/index.php\/wp-json\/wp\/v2\/posts\/33213"}],"collection":[{"href":"https:\/\/gazdasagportal.hu\/index.php\/wp-json\/wp\/v2\/posts"}],"about":[{"href":"https:\/\/gazdasagportal.hu\/index.php\/wp-json\/wp\/v2\/types\/post"}],"author":[{"embeddable":true,"href":"https:\/\/gazdasagportal.hu\/index.php\/wp-json\/wp\/v2\/users\/1"}],"replies":[{"embeddable":true,"href":"https:\/\/gazdasagportal.hu\/index.php\/wp-json\/wp\/v2\/comments?post=33213"}],"version-history":[{"count":1,"href":"https:\/\/gazdasagportal.hu\/index.php\/wp-json\/wp\/v2\/posts\/33213\/revisions"}],"predecessor-version":[{"id":33214,"href":"https:\/\/gazdasagportal.hu\/index.php\/wp-json\/wp\/v2\/posts\/33213\/revisions\/33214"}],"wp:attachment":[{"href":"https:\/\/gazdasagportal.hu\/index.php\/wp-json\/wp\/v2\/media?parent=33213"}],"wp:term":[{"taxonomy":"category","embeddable":true,"href":"https:\/\/gazdasagportal.hu\/index.php\/wp-json\/wp\/v2\/categories?post=33213"},{"taxonomy":"post_tag","embeddable":true,"href":"https:\/\/gazdasagportal.hu\/index.php\/wp-json\/wp\/v2\/tags?post=33213"}],"curies":[{"name":"wp","href":"https:\/\/api.w.org\/{rel}","templated":true}]}}