{"id":33211,"date":"2014-04-22T13:13:19","date_gmt":"2014-04-22T11:13:19","guid":{"rendered":"http:\/\/stockportal.hu\/?p=33211"},"modified":"2014-04-22T13:13:19","modified_gmt":"2014-04-22T11:13:19","slug":"ukran-valsag-turcsinov-oroszorszag-es-terroristai-nem-teljesitik-a-genfi-egyezseget","status":"publish","type":"post","link":"https:\/\/gazdasagportal.hu\/index.php\/ukran-valsag-turcsinov-oroszorszag-es-terroristai-nem-teljesitik-a-genfi-egyezseget\/","title":{"rendered":"Ukr\u00e1n v\u00e1ls\u00e1g &#8211; Turcsinov: Oroszorsz\u00e1g \u00e9s terrorist\u00e1i nem teljes\u00edtik a genfi egyezs\u00e9get"},"content":{"rendered":"<p><strong>Oroszorsz\u00e1g \u00e9s Ukrajn\u00e1ban tart\u00f3zkod\u00f3 &#8222;terrorista egys\u00e9gei&#8221; t\u00fcntet\u0151leg nem hajland\u00f3k teljes\u00edteni a genfi egyezs\u00e9gben foglalt meg\u00e1llapod\u00e1sokat &#8211; jelentette ki Olekszandr Turcsinov h\u00e1zeln\u00f6k, ideiglenes ukr\u00e1n \u00e1llamf\u0151 Joe Biden amerikai aleln\u00f6kkel kedden Kijevben folytatott megbesz\u00e9l\u00e9s\u00e9n.<!--more--><\/strong><\/p>\n<div id=\"vid4u\"><\/div>\n<p><script type=\"text\/javascript\">var rid = 100000 + Math.floor(Math.random()*99999); var b = document.createElement(\"div\"); b.setAttribute(\"id\", \"v4u_c_\"+rid+\"_3\"); var r = document.getElementById(\"vid4u\"); r.parentNode.insertBefore(b,r); r.setAttribute(\"id\", \"\"); (function(w, d, s, rid) { function go(){ var js, fjs = d.getElementsByTagName(s)[0], load = function(url, id) { if (d.getElementById(id)) { d.getElementById(id).onload = d.getElementById(id).onreadystatechange = function() { if (typeof vid4u != 'undefined') vid4u.init(480,289,\"0scneAox4k\",null,3, rid);}; return; } js = d.createElement(s); js.src = url; js.id = id; fjs.parentNode.insertBefore(js, fjs); js.onload = js.onreadystatechange = function() { if (typeof vid4u != 'undefined') vid4u.init(480,289,\"0scneAox4k\",null,3, rid); };}; load(\"\/\/video.vid4u.org\/vid4ul.js\", \"vjs_\"+rid); } go(); }(window, document, \"script\", rid));<\/script><\/p>\n<p>Az eln\u00f6ki hivatal t\u00e1j\u00e9koztat\u00f3ja szerint az ukr\u00e1n politikus kijelentette: ahelyett, hogy a &#8222;terrorist\u00e1k&#8221; az ukrajni v\u00e1ls\u00e1g rendez\u00e9s\u00e9t c\u00e9lz\u00f3 tervvel \u00f6sszhangban letenn\u00e9k a fegyvert, \u00e9s elhagyn\u00e1k az \u00e1ltaluk megsz\u00e1llt hivatali \u00e9p\u00fcleteket, h\u00e9tf\u0151n \u00fajra elfoglalt\u00e1k a v\u00e1rosi rend\u0151rkapit\u00e1nys\u00e1got a Donyeck megyei Kramatorszkban, a rend\u0151rf\u0151n\u00f6k\u00f6t pedig t\u00faszul ejtett\u00e9k. Lesz\u00f6gezte, hogy Ukrajna megfelel\u0151 v\u00e1laszl\u00e9p\u00e9seket fog tenni.<br \/>\nTurcsinov t\u00e1j\u00e9koztatta az amerikai aleln\u00f6k\u00f6t arr\u00f3l, hogy Ukrajn\u00e1ban folyik a v\u00e9grehajt\u00f3i hatalom teljes spektrum\u00e1nak reformja. &#8222;Fokozatosan helyre k\u00edv\u00e1njuk \u00e1ll\u00edtani a korm\u00e1nyzati int\u00e9zm\u00e9nyek eg\u00e9sz rendszer\u00e9t, valamint az \u00e1llampolg\u00e1rok \u00e9s az \u00e1llam k\u00f6z\u00f6tti kapcsolatokat&#8221; &#8211; fogalmazott az \u00fcgyviv\u0151 \u00e1llamf\u0151. Szavai szerint k\u00fcl\u00f6n\u00f6s figyelmet ford\u00edtanak a decentraliz\u00e1ci\u00f3ra, azaz nagyobb \u00f6nrendelkez\u00e9si jogot igyekeznek biztos\u00edtani a r\u00e9gi\u00f3knak, bele\u00e9rtve annak a lehet\u0151s\u00e9g\u00e9t is, hogy maguk v\u00e1lassz\u00e1k meg vezet\u0151iket, \u00e9s rendelkezhessenek saj\u00e1t k\u00f6lts\u00e9gvet\u00e9s\u00fck f\u00f6l\u00f6tt.<br \/>\nA h\u00e1zeln\u00f6k kijelentette, hogy az orsz\u00e1g lakoss\u00e1g\u00e1nak t\u00falnyom\u00f3 t\u00f6bbs\u00e9ge &#8222;egys\u00e9ges, oszthatatlan, demokratikus Ukrajn\u00e1t akar a r\u00e9gi\u00f3k jogainak kiterjeszt\u00e9se \u00e9s er\u0151s\u00edt\u00e9se mellett&#8221;. Hangs\u00falyozta, hogy a vezet\u00e9s k\u00fcl\u00f6n\u00f6s figyelmet ford\u00edt a m\u00e1jus 25-i ukrajnai eln\u00f6kv\u00e1laszt\u00e1s &#8222;tisztas\u00e1g\u00e1ra \u00e9s \u00e1tl\u00e1that\u00f3s\u00e1g\u00e1ra&#8221;.<br \/>\nAz eln\u00f6ki hivatal k\u00f6zlem\u00e9nye szerint Joe Biden biztos\u00edtotta t\u00e1rgyal\u00f3partner\u00e9t, hogy az Egyes\u00fclt \u00c1llamok \u00fcdv\u00f6zli \u00e9s t\u00e1mogatja az Ukrajn\u00e1ban v\u00e9gbement v\u00e1ltoz\u00e1sokat, \u00e9s k\u00e9sz minden seg\u00edts\u00e9get megadni az orsz\u00e1gnak ahhoz, hogy ezen az \u00faton haladjon tov\u00e1bb.(MTI)<\/p>\n","protected":false},"excerpt":{"rendered":"<p>Oroszorsz\u00e1g \u00e9s Ukrajn\u00e1ban tart\u00f3zkod\u00f3 &#8222;terrorista egys\u00e9gei&#8221; t\u00fcntet\u0151leg nem hajland\u00f3k teljes\u00edteni a genfi egyezs\u00e9gben foglalt meg\u00e1llapod\u00e1sokat &#8211; jelentette ki Olekszandr Turcsinov h\u00e1zeln\u00f6k, ideiglenes ukr\u00e1n \u00e1llamf\u0151 Joe Biden amerikai aleln\u00f6kkel kedden Kijevben folytatott megbesz\u00e9l\u00e9s\u00e9n.<\/p>\n","protected":false},"author":1,"featured_media":0,"comment_status":"open","ping_status":"closed","sticky":false,"template":"","format":"standard","meta":[],"categories":[139],"tags":[],"_links":{"self":[{"href":"https:\/\/gazdasagportal.hu\/index.php\/wp-json\/wp\/v2\/posts\/33211"}],"collection":[{"href":"https:\/\/gazdasagportal.hu\/index.php\/wp-json\/wp\/v2\/posts"}],"about":[{"href":"https:\/\/gazdasagportal.hu\/index.php\/wp-json\/wp\/v2\/types\/post"}],"author":[{"embeddable":true,"href":"https:\/\/gazdasagportal.hu\/index.php\/wp-json\/wp\/v2\/users\/1"}],"replies":[{"embeddable":true,"href":"https:\/\/gazdasagportal.hu\/index.php\/wp-json\/wp\/v2\/comments?post=33211"}],"version-history":[{"count":1,"href":"https:\/\/gazdasagportal.hu\/index.php\/wp-json\/wp\/v2\/posts\/33211\/revisions"}],"predecessor-version":[{"id":33212,"href":"https:\/\/gazdasagportal.hu\/index.php\/wp-json\/wp\/v2\/posts\/33211\/revisions\/33212"}],"wp:attachment":[{"href":"https:\/\/gazdasagportal.hu\/index.php\/wp-json\/wp\/v2\/media?parent=33211"}],"wp:term":[{"taxonomy":"category","embeddable":true,"href":"https:\/\/gazdasagportal.hu\/index.php\/wp-json\/wp\/v2\/categories?post=33211"},{"taxonomy":"post_tag","embeddable":true,"href":"https:\/\/gazdasagportal.hu\/index.php\/wp-json\/wp\/v2\/tags?post=33211"}],"curies":[{"name":"wp","href":"https:\/\/api.w.org\/{rel}","templated":true}]}}