{"id":33103,"date":"2014-04-20T10:46:50","date_gmt":"2014-04-20T08:46:50","guid":{"rendered":"http:\/\/stockportal.hu\/?p=33103"},"modified":"2014-04-20T08:47:23","modified_gmt":"2014-04-20T06:47:23","slug":"az-adohatosag-megkezdte-az-egyszerusitett-bevallasok-postazasat","status":"publish","type":"post","link":"https:\/\/gazdasagportal.hu\/index.php\/az-adohatosag-megkezdte-az-egyszerusitett-bevallasok-postazasat\/","title":{"rendered":"Az ad\u00f3hat\u00f3s\u00e1g megkezdte az egyszer\u0171s\u00edtett bevall\u00e1sok post\u00e1z\u00e1s\u00e1t"},"content":{"rendered":"<p><strong>A Nemzeti Ad\u00f3- \u00e9s V\u00e1mhivatal (NAV) megkezdte az egyszer\u0171s\u00edtett bevall\u00e1sok post\u00e1z\u00e1s\u00e1t, csaknem t\u00edzezren \u2013 akik \u00fcgyf\u00e9lkapun kereszt\u00fcl k\u00fcldt\u00e9k be nyilatkozatukat \u2013 elektronikusan a t\u00e1rhely\u00fckre, a t\u00f6bbiek t\u00e9rtivev\u00e9nyes k\u00fcldem\u00e9nyk\u00e9nt, postai \u00faton kapj\u00e1k meg 2014. \u00e1prilis 30-ig.<!--more--><\/strong><\/p>\n<div id=\"vid4u\"><\/div>\n<p><script type=\"text\/javascript\">var rid = 100000 + Math.floor(Math.random()*99999); var b = document.createElement(\"div\"); b.setAttribute(\"id\", \"v4u_c_\"+rid+\"_3\"); var r = document.getElementById(\"vid4u\"); r.parentNode.insertBefore(b,r); r.setAttribute(\"id\", \"\"); (function(w, d, s, rid) { function go(){ var js, fjs = d.getElementsByTagName(s)[0], load = function(url, id) { if (d.getElementById(id)) { d.getElementById(id).onload = d.getElementById(id).onreadystatechange = function() { if (typeof vid4u != 'undefined') vid4u.init(480,289,\"0scneAox4k\",null,3, rid);}; return; } js = d.createElement(s); js.src = url; js.id = id; fjs.parentNode.insertBefore(js, fjs); js.onload = js.onreadystatechange = function() { if (typeof vid4u != 'undefined') vid4u.init(480,289,\"0scneAox4k\",null,3, rid); };}; load(\"\/\/video.vid4u.org\/vid4ul.js\", \"vjs_\"+rid); } go(); }(window, document, \"script\", rid));<\/script><\/p>\n<p>    Az id\u00e9n t\u00f6bb mint 350 ezren b\u00edzt\u00e1k meg szem\u00e9lyij\u00f6vedelemad\u00f3-bevall\u00e1suk elk\u00e9sz\u00edt\u00e9s\u00e9vel a NAV-ot, amely v\u00e9g\u00fcl az \u00e9rv\u00e9nyes nyilatkozatok \u00e9s munk\u00e1ltat\u00f3i\/kifizet\u0151i adatszolg\u00e1ltat\u00e1sok alapj\u00e1n t\u00f6bb mint 325 ezer ad\u00f3z\u00f3nak k\u00e9sz\u00edtette el &#8211; der\u00fcl ki az ad\u00f3hat\u00f3s\u00e1g honlapj\u00e1n k\u00f6zz\u00e9tett adatokb\u00f3l.<br \/>\n    Tavaly t\u00f6bb mint 288 ezren, tavalyel\u0151tt pedig t\u00f6bb mint 231 ezren v\u00e1lasztott\u00e1k ezt a bevall\u00e1si m\u00f3dot. A n\u00f6veked\u00e9sben v\u00e9lhet\u0151en szerepet j\u00e1tszott, hogy k\u00f6nnyebb lett az egyszer\u0171s\u00edtett bevall\u00e1ssal kapcsolatos adminisztr\u00e1ci\u00f3: a m\u00falt \u00e9v \u00f3ta az ad\u00f3z\u00f3knak nem kell visszak\u00fcldeni\u00fck a nyilatkozatuk alapj\u00e1n elk\u00e9sz\u00edtett bevall\u00e1saj\u00e1nlatot, ha tartalm\u00e1val egyet\u00e9rtenek, \u00edgy az aj\u00e1nlat egyben bevall\u00e1snak min\u0151s\u00fcl.<br \/>\n    Az ad\u00f3z\u00f3nak az egyszer\u0171s\u00edtett bevall\u00e1s k\u00e9zhezv\u00e9tel\u00e9t k\u00f6vet\u0151en \u00f6ssze kell hasonl\u00edtania a bevall\u00e1sban szerepl\u0151 adatokat az igazol\u00e1sain szerepl\u0151 adatokkal. Aki nem tal\u00e1l elt\u00e9r\u00e9st, annak nincs tov\u00e1bbi teend\u0151je. Aki azonban m\u00f3dos\u00edtja a bevall\u00e1s adatait, vagy \u2013 \u00fcres sorok eset\u00e9n &#8211; kieg\u00e9sz\u00edti, annak m\u00e1jus 20-\u00e1ig vissza kell k\u00fcldenie bevall\u00e1s\u00e1t az \u00e1llami ad\u00f3hat\u00f3s\u00e1gnak. Jav\u00edt\u00e1s eset\u00e9n a sz\u00e1m\u00edt\u00e1sokat nem kell \u00fajra elv\u00e9gezni, ezt megteszi a NAV, \u00e9s err\u0151l j\u00fanius 20-\u00e1ig lev\u00e9lben \u00e9rtes\u00edt\u00e9st is k\u00fcld.<br \/>\n    Az ad\u00f3t m\u00e1jus 20-\u00e1ig kell ler\u00f3ni. Ha az ad\u00f3z\u00f3 a bevall\u00e1s\u00e1t m\u00f3dos\u00edtva visszak\u00fcldi, \u00e9s ez\u00e1ltal fizetend\u0151 ad\u00f3ja mutatkozik, az ad\u00f3hat\u00f3s\u00e1gi jav\u00edt\u00e1sr\u00f3l sz\u00f3l\u00f3 lev\u00e9l k\u00e9zhezv\u00e9tel\u00e9t\u0151l sz\u00e1m\u00edtott 30 napon bel\u00fcl kell megfizetnie az ad\u00f3t.<br \/>\n    A visszaig\u00e9nyelhet\u0151 ad\u00f3t m\u00e1jus 20-\u00e1t\u00f3l vagy a jav\u00edt\u00e1sr\u00f3l sz\u00f3l\u00f3 \u00e9rtes\u00edt\u00e9s k\u00e9zhezv\u00e9tel\u00e9t\u0151l sz\u00e1m\u00edtott 30 napon bel\u00fcl utalja ki a NAV.(MTI)<\/p>\n","protected":false},"excerpt":{"rendered":"<p>A Nemzeti Ad\u00f3- \u00e9s V\u00e1mhivatal (NAV) megkezdte az egyszer\u0171s\u00edtett bevall\u00e1sok post\u00e1z\u00e1s\u00e1t, csaknem t\u00edzezren \u2013 akik \u00fcgyf\u00e9lkapun kereszt\u00fcl k\u00fcldt\u00e9k be nyilatkozatukat \u2013 elektronikusan a t\u00e1rhely\u00fckre, a t\u00f6bbiek t\u00e9rtivev\u00e9nyes k\u00fcldem\u00e9nyk\u00e9nt, postai \u00faton kapj\u00e1k meg 2014. \u00e1prilis 30-ig.<\/p>\n","protected":false},"author":1,"featured_media":0,"comment_status":"open","ping_status":"closed","sticky":false,"template":"","format":"standard","meta":[],"categories":[20],"tags":[],"_links":{"self":[{"href":"https:\/\/gazdasagportal.hu\/index.php\/wp-json\/wp\/v2\/posts\/33103"}],"collection":[{"href":"https:\/\/gazdasagportal.hu\/index.php\/wp-json\/wp\/v2\/posts"}],"about":[{"href":"https:\/\/gazdasagportal.hu\/index.php\/wp-json\/wp\/v2\/types\/post"}],"author":[{"embeddable":true,"href":"https:\/\/gazdasagportal.hu\/index.php\/wp-json\/wp\/v2\/users\/1"}],"replies":[{"embeddable":true,"href":"https:\/\/gazdasagportal.hu\/index.php\/wp-json\/wp\/v2\/comments?post=33103"}],"version-history":[{"count":1,"href":"https:\/\/gazdasagportal.hu\/index.php\/wp-json\/wp\/v2\/posts\/33103\/revisions"}],"predecessor-version":[{"id":33104,"href":"https:\/\/gazdasagportal.hu\/index.php\/wp-json\/wp\/v2\/posts\/33103\/revisions\/33104"}],"wp:attachment":[{"href":"https:\/\/gazdasagportal.hu\/index.php\/wp-json\/wp\/v2\/media?parent=33103"}],"wp:term":[{"taxonomy":"category","embeddable":true,"href":"https:\/\/gazdasagportal.hu\/index.php\/wp-json\/wp\/v2\/categories?post=33103"},{"taxonomy":"post_tag","embeddable":true,"href":"https:\/\/gazdasagportal.hu\/index.php\/wp-json\/wp\/v2\/tags?post=33103"}],"curies":[{"name":"wp","href":"https:\/\/api.w.org\/{rel}","templated":true}]}}