{"id":33011,"date":"2014-04-18T10:01:59","date_gmt":"2014-04-18T08:01:59","guid":{"rendered":"http:\/\/stockportal.hu\/?p=33011"},"modified":"2014-04-18T10:01:59","modified_gmt":"2014-04-18T08:01:59","slug":"ngm-68-szazalekos-realkereset-novekedes-februarban","status":"publish","type":"post","link":"https:\/\/gazdasagportal.hu\/index.php\/ngm-68-szazalekos-realkereset-novekedes-februarban\/","title":{"rendered":"NGM: 6,8 sz\u00e1zal\u00e9kos re\u00e1lkereset-n\u00f6veked\u00e9s febru\u00e1rban"},"content":{"rendered":"<p><strong>A re\u00e1lkeresetek 6,8 sz\u00e1zal\u00e9kkal n\u0151ttek febru\u00e1rban a k\u00f6zfoglalkoztat\u00e1s hat\u00e1s\u00e1t kisz\u0171rve, \u00edgy folytat\u00f3dik a 2013-ban elindult er\u0151teljes re\u00e1lb\u00e9r-n\u00f6veked\u00e9s &#8211; h\u00edvta fel a figyelmet a K\u00f6zponti Statisztikai Hivatal p\u00e9nteki jelent\u00e9s\u00e9hez kapcsol\u00f3dva a Nemzetgazdas\u00e1gi Miniszt\u00e9rium (NGM).<!--more--><\/strong><\/p>\n<div id=\"vid4u\"><\/div>\n<p><script type=\"text\/javascript\">var rid = 100000 + Math.floor(Math.random()*99999); var b = document.createElement(\"div\"); b.setAttribute(\"id\", \"v4u_c_\"+rid+\"_3\"); var r = document.getElementById(\"vid4u\"); r.parentNode.insertBefore(b,r); r.setAttribute(\"id\", \"\"); (function(w, d, s, rid) { function go(){ var js, fjs = d.getElementsByTagName(s)[0], load = function(url, id) { if (d.getElementById(id)) { d.getElementById(id).onload = d.getElementById(id).onreadystatechange = function() { if (typeof vid4u != 'undefined') vid4u.init(480,289,\"0scneAox4k\",null,3, rid);}; return; } js = d.createElement(s); js.src = url; js.id = id; fjs.parentNode.insertBefore(js, fjs); js.onload = js.onreadystatechange = function() { if (typeof vid4u != 'undefined') vid4u.init(480,289,\"0scneAox4k\",null,3, rid); };}; load(\"\/\/video.vid4u.org\/vid4ul.js\", \"vjs_\"+rid); } go(); }(window, document, \"script\", rid));<\/script><\/p>\n<p>    A t\u00e1rca k\u00f6zlem\u00e9ny\u00e9ben \u00fagy fogalmaz: a korm\u00e1ny int\u00e9zked\u00e9seinek, a t\u00f6bbi k\u00f6z\u00f6tt a rezsics\u00f6kkent\u00e9snek, a k\u00f6zszf\u00e9r\u00e1ban v\u00e9grehajtott b\u00e9remel\u00e9seknek, a Munkahelyv\u00e9delmi Akci\u00f3tervnek, az aktivit\u00e1st \u00f6szt\u00f6nz\u0151 int\u00e9zked\u00e9seknek, valamint a fogyaszt\u00f3i \u00e1rak stagn\u00e1l\u00e1s\u00e1nak jelent\u0151s szerepe van a re\u00e1lb\u00e9r n\u00f6veked\u00e9s\u00e9ben.<br \/>\n    A re\u00e1lb\u00e9rek a 0,1 sz\u00e1zal\u00e9kos infl\u00e1ci\u00f3 mellett a versenyszf\u00e9r\u00e1ban \u00e9s a k\u00f6zszf\u00e9r\u00e1ban is tov\u00e1bb emelkedtek. A k\u00f6zfoglalkoztatottakat is belesz\u00e1m\u00edtva nemzetgazdas\u00e1gi szinten a febru\u00e1ri re\u00e1lb\u00e9r-emelked\u00e9s 1,6 sz\u00e1zal\u00e9kos &#8211; k\u00f6z\u00f6lte az NGM.<br \/>\n    A miniszt\u00e9rium kiemelte azt is, hogy a febru\u00e1ri adatok szerint egy \u00e9v alatt 50 ezerrel n\u0151tt a versenyszf\u00e9ra l\u00e9tsz\u00e1ma a legal\u00e1bb 5 f\u0151t foglalkoztat\u00f3 v\u00e1llalkoz\u00e1sokn\u00e1l.<br \/>\n    Az \u00fajabb re\u00e1lb\u00e9r-emelked\u00e9s tov\u00e1bb seg\u00edti a lakoss\u00e1gi fogyaszt\u00e1s n\u00f6vel\u00e9s\u00e9t, a munkahelyek sz\u00e1m\u00e1nak n\u00f6veked\u00e9s\u00e9t \u00e9s ezen kereszt\u00fcl a gazdas\u00e1g b\u0151v\u00fcl\u00e9s\u00e9t &#8211; \u00edrja a t\u00e1rca.<br \/>\n    A re\u00e1lb\u00e9rek folyamatos emelked\u00e9se mellett a korm\u00e1ny egyik f\u0151 c\u00e9lja, hogy tart\u00f3san 4 milli\u00f3 felett tartsa a foglalkoztatottak sz\u00e1m\u00e1t, a munkan\u00e9lk\u00fclis\u00e9get pedig 300 ezer f\u0151 al\u00e1 cs\u00f6kkentse. Az ipari teljes\u00edtm\u00e9nyr\u0151l \u00e9rkezett m\u00falt heti kedvez\u0151 adat ut\u00e1n a re\u00e1lkeresetek folyamatos emelked\u00e9se is hozz\u00e1j\u00e1rulhat a magyar gazdas\u00e1g idei 2 sz\u00e1zal\u00e9k feletti n\u00f6veked\u00e9s\u00e9hez &#8211; olvashat\u00f3 az NGM k\u00f6zlem\u00e9ny\u00e9ben.(MTI)<\/p>\n","protected":false},"excerpt":{"rendered":"<p>A re\u00e1lkeresetek 6,8 sz\u00e1zal\u00e9kkal n\u0151ttek febru\u00e1rban a k\u00f6zfoglalkoztat\u00e1s hat\u00e1s\u00e1t kisz\u0171rve, \u00edgy folytat\u00f3dik a 2013-ban elindult er\u0151teljes re\u00e1lb\u00e9r-n\u00f6veked\u00e9s &#8211; h\u00edvta fel a figyelmet a K\u00f6zponti Statisztikai Hivatal p\u00e9nteki jelent\u00e9s\u00e9hez kapcsol\u00f3dva a Nemzetgazdas\u00e1gi Miniszt\u00e9rium (NGM).<\/p>\n","protected":false},"author":1,"featured_media":0,"comment_status":"open","ping_status":"closed","sticky":false,"template":"","format":"standard","meta":[],"categories":[19],"tags":[],"_links":{"self":[{"href":"https:\/\/gazdasagportal.hu\/index.php\/wp-json\/wp\/v2\/posts\/33011"}],"collection":[{"href":"https:\/\/gazdasagportal.hu\/index.php\/wp-json\/wp\/v2\/posts"}],"about":[{"href":"https:\/\/gazdasagportal.hu\/index.php\/wp-json\/wp\/v2\/types\/post"}],"author":[{"embeddable":true,"href":"https:\/\/gazdasagportal.hu\/index.php\/wp-json\/wp\/v2\/users\/1"}],"replies":[{"embeddable":true,"href":"https:\/\/gazdasagportal.hu\/index.php\/wp-json\/wp\/v2\/comments?post=33011"}],"version-history":[{"count":1,"href":"https:\/\/gazdasagportal.hu\/index.php\/wp-json\/wp\/v2\/posts\/33011\/revisions"}],"predecessor-version":[{"id":33012,"href":"https:\/\/gazdasagportal.hu\/index.php\/wp-json\/wp\/v2\/posts\/33011\/revisions\/33012"}],"wp:attachment":[{"href":"https:\/\/gazdasagportal.hu\/index.php\/wp-json\/wp\/v2\/media?parent=33011"}],"wp:term":[{"taxonomy":"category","embeddable":true,"href":"https:\/\/gazdasagportal.hu\/index.php\/wp-json\/wp\/v2\/categories?post=33011"},{"taxonomy":"post_tag","embeddable":true,"href":"https:\/\/gazdasagportal.hu\/index.php\/wp-json\/wp\/v2\/tags?post=33011"}],"curies":[{"name":"wp","href":"https:\/\/api.w.org\/{rel}","templated":true}]}}