{"id":33005,"date":"2014-04-18T08:38:16","date_gmt":"2014-04-18T06:38:16","guid":{"rendered":"http:\/\/stockportal.hu\/?p=33005"},"modified":"2014-04-18T08:38:16","modified_gmt":"2014-04-18T06:38:16","slug":"everest-expedicio-nem-erintette-a-lavina-klein-david-csapatat","status":"publish","type":"post","link":"https:\/\/gazdasagportal.hu\/index.php\/everest-expedicio-nem-erintette-a-lavina-klein-david-csapatat\/","title":{"rendered":"Everest-exped\u00edci\u00f3: Nem \u00e9rintette a lavina Klein D\u00e1vid csapat\u00e1t"},"content":{"rendered":"<p><strong>Nem \u00e9rintette a Mount Everesten p\u00e9nteken lez\u00fadult lavina a hegy tibeti (k\u00ednai) oldal\u00e1t, amelynek alapt\u00e1bor\u00e1ban van a Klein D\u00e1vid hegym\u00e1sz\u00f3 vezette SPAR Everest Exped\u00edci\u00f3 is.<!--more--><\/strong><\/p>\n<div id=\"vid4u\"><\/div>\n<p><script type=\"text\/javascript\">var rid = 100000 + Math.floor(Math.random()*99999); var b = document.createElement(\"div\"); b.setAttribute(\"id\", \"v4u_c_\"+rid+\"_3\"); var r = document.getElementById(\"vid4u\"); r.parentNode.insertBefore(b,r); r.setAttribute(\"id\", \"\"); (function(w, d, s, rid) { function go(){ var js, fjs = d.getElementsByTagName(s)[0], load = function(url, id) { if (d.getElementById(id)) { d.getElementById(id).onload = d.getElementById(id).onreadystatechange = function() { if (typeof vid4u != 'undefined') vid4u.init(480,289,\"0scneAox4k\",null,3, rid);}; return; } js = d.createElement(s); js.src = url; js.id = id; fjs.parentNode.insertBefore(js, fjs); js.onload = js.onreadystatechange = function() { if (typeof vid4u != 'undefined') vid4u.init(480,289,\"0scneAox4k\",null,3, rid); };}; load(\"\/\/video.vid4u.org\/vid4ul.js\", \"vjs_\"+rid); } go(); }(window, document, \"script\", rid));<\/script><\/p>\n<p>A hegy nep\u00e1li oldal\u00e1n, az \u00fagynevezett kettes t\u00e1bor alatti \u00fatvonalon lavina sodort el t\u00f6bb embert. A hat\u00f3s\u00e1gok szerint legal\u00e1bb hat ember meghalt \u00e9s kilenc elt\u0171nt. Az egyik \u00e1ldozat rokona a SPAR Everest Exped\u00edci\u00f3t is ell\u00e1t\u00f3 Asian Trecking egyik vezet\u0151 serp\u00e1j\u00e1nak.<br \/>\nA tibeti alapt\u00e1borb\u00f3l ment\u0151csapatokat sem ind\u00edtanak, a nagy t\u00e1vols\u00e1g miatt ennek nem is lenne \u00e9rtelme.(MTI)<\/p>\n","protected":false},"excerpt":{"rendered":"<p>Nem \u00e9rintette a Mount Everesten p\u00e9nteken lez\u00fadult lavina a hegy tibeti (k\u00ednai) oldal\u00e1t, amelynek alapt\u00e1bor\u00e1ban van a Klein D\u00e1vid hegym\u00e1sz\u00f3 vezette SPAR Everest Exped\u00edci\u00f3 is.<\/p>\n","protected":false},"author":1,"featured_media":0,"comment_status":"open","ping_status":"closed","sticky":false,"template":"","format":"standard","meta":[],"categories":[48],"tags":[],"_links":{"self":[{"href":"https:\/\/gazdasagportal.hu\/index.php\/wp-json\/wp\/v2\/posts\/33005"}],"collection":[{"href":"https:\/\/gazdasagportal.hu\/index.php\/wp-json\/wp\/v2\/posts"}],"about":[{"href":"https:\/\/gazdasagportal.hu\/index.php\/wp-json\/wp\/v2\/types\/post"}],"author":[{"embeddable":true,"href":"https:\/\/gazdasagportal.hu\/index.php\/wp-json\/wp\/v2\/users\/1"}],"replies":[{"embeddable":true,"href":"https:\/\/gazdasagportal.hu\/index.php\/wp-json\/wp\/v2\/comments?post=33005"}],"version-history":[{"count":1,"href":"https:\/\/gazdasagportal.hu\/index.php\/wp-json\/wp\/v2\/posts\/33005\/revisions"}],"predecessor-version":[{"id":33006,"href":"https:\/\/gazdasagportal.hu\/index.php\/wp-json\/wp\/v2\/posts\/33005\/revisions\/33006"}],"wp:attachment":[{"href":"https:\/\/gazdasagportal.hu\/index.php\/wp-json\/wp\/v2\/media?parent=33005"}],"wp:term":[{"taxonomy":"category","embeddable":true,"href":"https:\/\/gazdasagportal.hu\/index.php\/wp-json\/wp\/v2\/categories?post=33005"},{"taxonomy":"post_tag","embeddable":true,"href":"https:\/\/gazdasagportal.hu\/index.php\/wp-json\/wp\/v2\/tags?post=33005"}],"curies":[{"name":"wp","href":"https:\/\/api.w.org\/{rel}","templated":true}]}}