{"id":33000,"date":"2014-04-18T08:11:47","date_gmt":"2014-04-18T06:11:47","guid":{"rendered":"http:\/\/stockportal.hu\/?p=33000"},"modified":"2014-04-18T08:11:47","modified_gmt":"2014-04-18T06:11:47","slug":"ukran-valsag-moszkvanak-kovetkezmenyekkel-kell-szembeneznie-ha-nem-enyhul-a-helyzet","status":"publish","type":"post","link":"https:\/\/gazdasagportal.hu\/index.php\/ukran-valsag-moszkvanak-kovetkezmenyekkel-kell-szembeneznie-ha-nem-enyhul-a-helyzet\/","title":{"rendered":"Ukr\u00e1n v\u00e1ls\u00e1g: Moszkv\u00e1nak k\u00f6vetkezm\u00e9nyekkel kell szemben\u00e9znie, ha nem enyh\u00fcl a helyzet"},"content":{"rendered":"<p><strong>Oroszorsz\u00e1gnak s\u00falyosbod\u00f3 k\u00f6vetkezm\u00e9nyekkel kell szemben\u00e9znie, ha tov\u00e1bb eszkal\u00e1lja a helyzetet Ukrajn\u00e1ban &#8211; \u00e9rtet egyet a cs\u00fct\u00f6rt\u00f6k\u00f6n folytatott telefonbesz\u00e9lget\u00e9se sor\u00e1n Joe Biden amerikai aleln\u00f6k \u00e9s Robert Fico szlov\u00e1k minisztereln\u00f6k.<!--more--><\/strong><\/p>\n<div id=\"vid4u\"><\/div>\n<p><script type=\"text\/javascript\">var rid = 100000 + Math.floor(Math.random()*99999); var b = document.createElement(\"div\"); b.setAttribute(\"id\", \"v4u_c_\"+rid+\"_3\"); var r = document.getElementById(\"vid4u\"); r.parentNode.insertBefore(b,r); r.setAttribute(\"id\", \"\"); (function(w, d, s, rid) { function go(){ var js, fjs = d.getElementsByTagName(s)[0], load = function(url, id) { if (d.getElementById(id)) { d.getElementById(id).onload = d.getElementById(id).onreadystatechange = function() { if (typeof vid4u != 'undefined') vid4u.init(480,289,\"0scneAox4k\",null,3, rid);}; return; } js = d.createElement(s); js.src = url; js.id = id; fjs.parentNode.insertBefore(js, fjs); js.onload = js.onreadystatechange = function() { if (typeof vid4u != 'undefined') vid4u.init(480,289,\"0scneAox4k\",null,3, rid); };}; load(\"\/\/video.vid4u.org\/vid4ul.js\", \"vjs_\"+rid); } go(); }(window, document, \"script\", rid));<\/script><\/p>\n<p>A Feh\u00e9r H\u00e1z k\u00f6zlem\u00e9nye szerint Biden elmondta Fic\u00f3nak, hogy az Egyes\u00fclt \u00c1llamok az ukrajnai v\u00e1ls\u00e1g diplom\u00e1ciai rendez\u00e9s\u00e9t t\u00e1mogatja, amely att\u00f3l f\u00fcgg, hogy Oroszorsz\u00e1g v\u00e9get vet-e az Ukrajna destabiliz\u00e1l\u00e1s\u00e1ra ir\u00e1nyul\u00f3 akci\u00f3inak.<br \/>\nJoe Biden megk\u00f6sz\u00f6nte Robert Fic\u00f3nak Szlov\u00e1ki\u00e1nak az eur\u00f3pai energiabiztons\u00e1g meger\u0151s\u00edt\u00e9se melletti elk\u00f6telezetts\u00e9g\u00e9t, bele\u00e9rtve azt, hogy t\u00e1mogatja a f\u00f6ldg\u00e1z ford\u00edtott, azaz Ukrajn\u00e1ba t\u00f6rt\u00e9n\u0151 \u00e1ramoltat\u00e1s\u00e1t.(MTI)<\/p>\n","protected":false},"excerpt":{"rendered":"<p>Oroszorsz\u00e1gnak s\u00falyosbod\u00f3 k\u00f6vetkezm\u00e9nyekkel kell szemben\u00e9znie, ha tov\u00e1bb eszkal\u00e1lja a helyzetet Ukrajn\u00e1ban &#8211; \u00e9rtet egyet a cs\u00fct\u00f6rt\u00f6k\u00f6n folytatott telefonbesz\u00e9lget\u00e9se sor\u00e1n Joe Biden amerikai aleln\u00f6k \u00e9s Robert Fico szlov\u00e1k minisztereln\u00f6k.<\/p>\n","protected":false},"author":1,"featured_media":0,"comment_status":"open","ping_status":"closed","sticky":false,"template":"","format":"standard","meta":[],"categories":[139],"tags":[],"_links":{"self":[{"href":"https:\/\/gazdasagportal.hu\/index.php\/wp-json\/wp\/v2\/posts\/33000"}],"collection":[{"href":"https:\/\/gazdasagportal.hu\/index.php\/wp-json\/wp\/v2\/posts"}],"about":[{"href":"https:\/\/gazdasagportal.hu\/index.php\/wp-json\/wp\/v2\/types\/post"}],"author":[{"embeddable":true,"href":"https:\/\/gazdasagportal.hu\/index.php\/wp-json\/wp\/v2\/users\/1"}],"replies":[{"embeddable":true,"href":"https:\/\/gazdasagportal.hu\/index.php\/wp-json\/wp\/v2\/comments?post=33000"}],"version-history":[{"count":1,"href":"https:\/\/gazdasagportal.hu\/index.php\/wp-json\/wp\/v2\/posts\/33000\/revisions"}],"predecessor-version":[{"id":33001,"href":"https:\/\/gazdasagportal.hu\/index.php\/wp-json\/wp\/v2\/posts\/33000\/revisions\/33001"}],"wp:attachment":[{"href":"https:\/\/gazdasagportal.hu\/index.php\/wp-json\/wp\/v2\/media?parent=33000"}],"wp:term":[{"taxonomy":"category","embeddable":true,"href":"https:\/\/gazdasagportal.hu\/index.php\/wp-json\/wp\/v2\/categories?post=33000"},{"taxonomy":"post_tag","embeddable":true,"href":"https:\/\/gazdasagportal.hu\/index.php\/wp-json\/wp\/v2\/tags?post=33000"}],"curies":[{"name":"wp","href":"https:\/\/api.w.org\/{rel}","templated":true}]}}