{"id":32994,"date":"2014-04-18T04:57:51","date_gmt":"2014-04-18T02:57:51","guid":{"rendered":"http:\/\/stockportal.hu\/?p=32994"},"modified":"2014-04-17T21:52:19","modified_gmt":"2014-04-17T19:52:19","slug":"nemetorszagban-egyre-tobben-tesznek-onfeljelentest-adokerules-miatt","status":"publish","type":"post","link":"https:\/\/gazdasagportal.hu\/index.php\/nemetorszagban-egyre-tobben-tesznek-onfeljelentest-adokerules-miatt\/","title":{"rendered":"N\u00e9metorsz\u00e1gban egyre t\u00f6bben tesznek \u00f6nfeljelent\u00e9st ad\u00f3ker\u00fcl\u00e9s miatt"},"content":{"rendered":"<p><strong>N\u00e9metorsz\u00e1gban egyre t\u00f6bben tesznek \u00fagynevezett \u00f6nfeljelent\u00e9st ad\u00f3ker\u00fcl\u00e9s miatt, amiben szak\u00e9rt\u0151k szerint nagy szerepe van a Bayern M\u00fcnchen labdar\u00fag\u00f3klub let\u00f6ltend\u0151 b\u00f6rt\u00f6nb\u00fcntet\u00e9sre \u00edt\u00e9lt eln\u00f6ke, Uli Hoeness ad\u00f3csal\u00e1si \u00fcgy\u00e9nek.<!--more--><\/strong><\/p>\n<div id=\"vid4u\"><\/div>\n<p><script type=\"text\/javascript\">var rid = 100000 + Math.floor(Math.random()*99999); var b = document.createElement(\"div\"); b.setAttribute(\"id\", \"v4u_c_\"+rid+\"_3\"); var r = document.getElementById(\"vid4u\"); r.parentNode.insertBefore(b,r); r.setAttribute(\"id\", \"\"); (function(w, d, s, rid) { function go(){ var js, fjs = d.getElementsByTagName(s)[0], load = function(url, id) { if (d.getElementById(id)) { d.getElementById(id).onload = d.getElementById(id).onreadystatechange = function() { if (typeof vid4u != 'undefined') vid4u.init(480,289,\"0scneAox4k\",null,3, rid);}; return; } js = d.createElement(s); js.src = url; js.id = id; fjs.parentNode.insertBefore(js, fjs); js.onload = js.onreadystatechange = function() { if (typeof vid4u != 'undefined') vid4u.init(480,289,\"0scneAox4k\",null,3, rid); };}; load(\"\/\/video.vid4u.org\/vid4ul.js\", \"vjs_\"+rid); } go(); }(window, document, \"script\", rid));<\/script><\/p>\n<p>    A n\u00e9met lapokban cs\u00fct\u00f6rt\u00f6k\u00f6n ismertetett adatok szerint az \u00e9v els\u0151 h\u00e1rom h\u00f3napj\u00e1ban 13 500 \u00f6nfeljelent\u00e9st regisztr\u00e1ltak a tartom\u00e1nyi ad\u00f3hivatalokn\u00e1l, ami nagyj\u00e1b\u00f3l h\u00e1romszoros n\u00f6veked\u00e9s 2013 els\u0151 negyed\u00e9v\u00e9hez k\u00e9pest.<br \/>\n    A tartom\u00e1nyok t\u00f6bb t\u00edzmilli\u00f3 eur\u00f3ra sz\u00e1m\u00edthatnak, p\u00e9ld\u00e1ul Bajororsz\u00e1gban &#8211; Uli Hoeness haz\u00e1j\u00e1ban &#8211; 80 milli\u00f3 eur\u00f3 t\u00f6bbletbev\u00e9tele keletkezhet a k\u00f6lts\u00e9gvet\u00e9snek a h\u00e1rom h\u00f3nap alatt megtett 2030 &#8211; az egy \u00e9vvel kor\u00e1bbin\u00e1l h\u00e1romszor t\u00f6bb &#8211; ad\u00f3\u00fcgyi \u00f6nfeljelent\u00e9s r\u00e9v\u00e9n.<br \/>\n    Az esetek t\u00f6bbs\u00e9ge k\u00fclf\u00f6ld\u00f6n, jellemz\u0151en Sv\u00e1jcban vagy Liechtensteinben el\u00e9rt t\u0151kehozam ut\u00e1n j\u00e1r\u00f3 ad\u00f3 eltitkol\u00e1s\u00e1val kapcsolatos. Hasonl\u00f3 \u00fcgyben \u00edt\u00e9lt\u00e9k h\u00e1rom \u00e9s f\u00e9l \u00e9vre Uli Hoenesst, aki sv\u00e1jci sz\u00e1ml\u00e1k r\u00e9v\u00e9n lebonyol\u00edtott t\u0151ke- \u00e9s p\u00e9nzpiaci m\u0171veletek nyeres\u00e9g\u00e9t mulasztotta el megeml\u00edteni ad\u00f3bevall\u00e1saiban, \u00e9s azut\u00e1n tett feljelent\u00e9st saj\u00e1t maga ellen, hogy a n\u00e9met t\u00f6rv\u00e9nyhoz\u00e1sban elbukott az ad\u00f3elker\u00fcl\u00e9s elleni k\u00fczdelemr\u0151l sz\u00f3l\u00f3 n\u00e9met-sv\u00e1jci egyezm\u00e9ny.<br \/>\n    Az \u00f6nrev\u00edzi\u00f3val elker\u00fclhet\u0151 az esetleges b\u00fcntet\u0151jogi sz\u00e1monk\u00e9r\u00e9s, de csak akkor, ha a hat\u00f3s\u00e1gok els\u0151k\u00e9nt az \u00e9rintett\u0151l szereznek tudom\u00e1st az ad\u00f3csal\u00e1sr\u00f3l \u00e9s kor\u00e1bban nem ind\u00edtottak vizsg\u00e1latot. Hoeness eset\u00e9ben az \u00fcgy\u00e9szs\u00e9g \u00e9s a b\u00edr\u00f3s\u00e1g sem fogadta el az \u00f6nfeljelent\u00e9st.<br \/>\n    Szak\u00e9rt\u0151k szerint a &#8222;Hoeness-hat\u00e1s&#8221; &#8211; vagyis az ad\u00f3ker\u00fcl\u0151 f\u00e9lelme att\u00f3l, hogy a Bayern M\u00fcnchen eln\u00f6k\u00e9nek sors\u00e1ra jut &#8211; egyed\u00fcl nem magyar\u00e1zza az \u00f6nfeljelent\u00e9sek sz\u00e1m\u00e1nak emelked\u00e9s\u00e9t. Markus S\u00f6der bajor p\u00e9nz\u00fcgyminiszter szerint tov\u00e1bb emelkedhet az \u00fcgyek sz\u00e1ma, mert j\u00f6v\u0151re j\u00f3val szigor\u00fabb felt\u00e9telekkel lehet majd \u00f6nfeljelent\u00e9st tenni, az ut\u00f3bbi \u00f6t \u00e9v helyett az ut\u00f3bbi t\u00edz \u00e9v valamennyi adat\u00e1t fel kell t\u00e1rni \u00e9s az ad\u00f3h\u00e1tral\u00e9kon fel\u00fcl befizetend\u0151 p\u00f3td\u00edj m\u00e9rt\u00e9ke is emelkedik.<br \/>\n    M\u00e1sok azt emelik ki, hogy a Sv\u00e1jci bankok \u00fczletpolitik\u00e1ja is v\u00e1ltozik, egyre t\u00f6bb bank sz\u00f3l\u00edtja fel \u00fcgyfeleit, hogy az \u00e9v v\u00e9g\u00e9ig rendezz\u00e9k ad\u00f3z\u00e1si \u00fcgyeiket haz\u00e1jukban.<br \/>\n    A n\u00e9met-sv\u00e1jci meg\u00e1llapod\u00e1s egy anonim elj\u00e1r\u00e1st ir\u00e1nyzott el\u0151, amelynek r\u00e9v\u00e9n a p\u00e9nz\u00fcket Sv\u00e1jcba menek\u00edt\u0151 n\u00e9metek egy k\u00fcl\u00f6nad\u00f3 megfizet\u00e9s\u00e9vel legaliz\u00e1lhatt\u00e1k volna eltitkolt megtakar\u00edt\u00e1sukat. A meg\u00e1llapod\u00e1st baloldali p\u00e1rtok buktatt\u00e1k meg a t\u00f6rv\u00e9nyhoz\u00e1sban 2012 v\u00e9g\u00e9n, arra hivatkozva, hogy igazs\u00e1gtalan a becs\u00fcletes ad\u00f3z\u00f3kkal szemben.     Id\u0151k\u00f6zben sz\u00e1mos elj\u00e1r\u00e1s indult ad\u00f3csal\u00e1s gyan\u00faja miatt sv\u00e1jci bankok n\u00e9met \u00fcgyfeleire vonatkoz\u00f3 adatok alapj\u00e1n, f\u0151leg baloldali vezet\u00e9s\u0171 tartom\u00e1nyokban, amelyek ad\u00f3ellen\u0151rei gyakran sv\u00e1jci bankokt\u00f3l kisziv\u00e1rogtatott &#8211; \u00e9s a tartom\u00e1nyi hat\u00f3s\u00e1gok \u00e1ltal megv\u00e1s\u00e1rolt &#8211; \u00fcgyf\u00e9l-adatb\u00e1zisokb\u00f3l t\u00e1j\u00e9koz\u00f3dnak.<br \/>\n    N\u00e9met becsl\u00e9sek szerint n\u00e9met mag\u00e1nszem\u00e9lyek t\u00f6bb mint 60 milli\u00e1rd eur\u00f3t helyezhettek el Sv\u00e1jcban ad\u00f3ker\u00fcl\u00e9s c\u00e9lj\u00e1val.(MTI)<\/p>\n<\/div>\n<div class=\"clear\"><\/div>\n<\/div>\n<p><!-- \/#header --><\/p>\n<div id=\"content\">\n<div id=\"home_ad\">\n<\/div>\n<div id=\"main\">\n<div class=\"clear\"><\/div>\n<div class=\"homecat blue\">\n<ul>\n<li>\n<div class=\"thumb\">\n<a href=\"http:\/\/stockportal.hu\/\" target=\"_blank\" rel=\"noopener\"><img decoding=\"async\" loading=\"lazy\" src=\"http:\/\/i1.wp.com\/stockportal.hu\/wp-content\/uploads\/2014\/04\/a_Stockportalhu.png?resize=200%2C125\" alt=\"A Stockportal.hu f\u0151men\u00fc Minden \u00fat R\u00f3m\u00e1ba veze\" class=\"Thumbnail thumbnail featured-cat \" width=\"200\" height=\"125\" \/><span class=\"meta\">2014-04-17<strong>0<\/strong><\/span><\/a>\n<\/div>\n<h3><a href=\"http:\/\/stockportal.hu\/\" title=\"A Stockportal.hu f\u0151men\u00fc Minden \u00fat R\u00f3m\u00e1ba veze\" target=\"_blank\" rel=\"noopener\">A Stockportal.hu f\u0151men\u00fc Minden \u00fat R\u00f3m\u00e1ba vezet<\/a><\/h3>\n<\/li>\n<li>\n<div class=\"thumb\">\n\t\t\t\t\t<a href=\"http:\/\/stockportal.hu\/index.php\/category\/fontos-esemenyek\/ukran-valsag\/\" target=\"_blank\" rel=\"noopener\"><img decoding=\"async\" loading=\"lazy\" src=\"http:\/\/i1.wp.com\/stockportal.hu\/wp-content\/uploads\/2014\/04\/ukran_orosz_katona.jpg?resize=200%2C125\" alt=\"Orosz - Ukr\u00e1n konfliktus h\u00edrei\" class=\"Thumbnail thumbnail featured-cat \" width=\"200\" height=\"125\" \/><span class=\"meta\">2014-04-17<strong>0<\/strong><\/span><\/a>\n<\/div>\n<h3><a href=\"http:\/\/stockportal.hu\/index.php\/category\/fontos-esemenyek\/ukran-valsag\/\" title=\"Orosz - Ukr\u00e1n konfliktus h\u00edrei\" target=\"_blank\" rel=\"noopener\">Orosz &#8211; Ukr\u00e1n konfliktus h\u00edrei<\/a><\/h3>\n<\/li>\n<li>\n<div class=\"thumb\">\n<a href=\"http:\/\/stockportal.hu\/index.php\/category\/vegtorlesztes-devizahitel-forintositas\/\" target=\"_blank\" rel=\"noopener\"><img decoding=\"async\" loading=\"lazy\" src=\"http:\/\/i1.wp.com\/stockportal.hu\/wp-content\/uploads\/2013\/10\/devizahitel.jpg?resize=200%2C125\" alt=\"Devizahitel, v\u00e9gt\u00f6rleszt\u00e9s \u00e9s forintos\u00edt\u00e1s h\u00edrei.\" class=\"Thumbnail thumbnail featured-cat \" width=\"200\" height=\"125\" \/><span class=\"meta\">2014-04-17<strong>0<\/strong><\/span><\/a>\n<\/div>\n<h3><a href=\"http:\/\/stockportal.hu\/index.php\/category\/vegtorlesztes-devizahitel-forintositas\/\" title=\"Devizahitel, v\u00e9gt\u00f6rleszt\u00e9s \u00e9s forintos\u00edt\u00e1s h\u00edrei\" target=\"_blank\" rel=\"noopener\">Devizahitel, v\u00e9gt\u00f6rleszt\u00e9s \u00e9s forintos\u00edt\u00e1s h\u00edrei<\/a><\/h3>\n<\/li>\n<li>\n<div class=\"thumb\">\n<a href=\"http:\/\/stockportal.hu\/index.php\/category\/tozsde\/\" target=\"_blank\" rel=\"noopener\"><img decoding=\"async\" loading=\"lazy\" src=\"http:\/\/i2.wp.com\/stockportal.hu\/wp-content\/uploads\/2014\/02\/bet6.jpg?resize=200%2C125\" alt=\"Minden h\u00edr, ami a t\u0151zsd\u00e9vel kapcsolatos\" class=\"Thumbnail thumbnail featured-cat \" width=\"200\" height=\"125\" \/><span class=\"meta\">2014-04-17<strong>0<\/strong><\/span><\/a>\n<\/div>\n<h3><a href=\"http:\/\/stockportal.hu\/index.php\/category\/tozsde\/\" title=\"Minden h\u00edr, ami a t\u0151zsd\u00e9vel kapcsolatos\" target=\"_blank\" rel=\"noopener\">Minden h\u00edr, ami a t\u0151zsd\u00e9vel kapcsolatos<\/a><\/h3>\n<\/li>\n<li>\n<div class=\"thumb\">\n<a href=\"http:\/\/stockportal.hu\/index.php\/category\/tozsde\/technikai_elemzesek\/\" target=\"_blank\" rel=\"noopener\"><img decoding=\"async\" loading=\"lazy\" src=\"http:\/\/i2.wp.com\/stockportal.hu\/wp-content\/uploads\/2013\/11\/forex.jpg?resize=200%2C125\" alt=\"A Tud\u00e1s hatalom, \u00e9lj vele Technikai elemz\u00e9sek\" class=\"Thumbnail thumbnail featured-cat \" width=\"200\" height=\"125\" \/><span class=\"meta\">2014-04-17<strong>0<\/strong><\/span><\/a>\n<\/div>\n<h3><a href=\"http:\/\/stockportal.hu\/index.php\/category\/tozsde\/technikai_elemzesek\/\" title=\"A Tud\u00e1s hatalom, \u00e9lj vele Technikai elemz\u00e9sek\" target=\"_blank\" rel=\"noopener\">A Tud\u00e1s hatalom, \u00e9lj vele Technikai elemz\u00e9sek<\/a><\/h3>\n<\/li>\n<li>\n<div class=\"thumb\">\n<a href=\"http:\/\/stockportal.hu\/index.php\/category\/belfold\/kozelet\/szerencsejatek\/\" target=\"_blank\" rel=\"noopener\"><img decoding=\"async\" loading=\"lazy\" src=\"http:\/\/i1.wp.com\/stockportal.hu\/wp-content\/uploads\/2014\/04\/szerencse_forgando.jpg?resize=200%2C125\" alt=\"A szerencse minden h\u00e9ten forog (Lott\u00f3, Tot\u00f3, Luxor).\" class=\"Thumbnail thumbnail featured-cat \" width=\"200\" height=\"125\" \/><span class=\"meta\">2014-04-17<strong>0<\/strong><\/span><\/a>\n<\/div>\n<h3><a href=\"http:\/\/stockportal.hu\/index.php\/category\/belfold\/kozelet\/szerencsejatek\/\" title=\"A szerencse minden h\u00e9ten forog (Lott\u00f3, Tot\u00f3, Luxor)\" target=\"_blank\" rel=\"noopener\">A szerencse minden h\u00e9ten forog (Lott\u00f3, Tot\u00f3, Luxor)<\/a><\/h3>\n<\/li>\n<\/ul><\/div>\n<p> <!-- end .featCategory -->\n<\/div>\n<p><!-- \/#main --><\/p>\n","protected":false},"excerpt":{"rendered":"<p>N\u00e9metorsz\u00e1gban egyre t\u00f6bben tesznek \u00fagynevezett \u00f6nfeljelent\u00e9st ad\u00f3ker\u00fcl\u00e9s miatt, amiben szak\u00e9rt\u0151k szerint nagy szerepe van a Bayern M\u00fcnchen labdar\u00fag\u00f3klub let\u00f6ltend\u0151 b\u00f6rt\u00f6nb\u00fcntet\u00e9sre \u00edt\u00e9lt eln\u00f6ke, Uli Hoeness ad\u00f3csal\u00e1si \u00fcgy\u00e9nek.<\/p>\n","protected":false},"author":1,"featured_media":0,"comment_status":"open","ping_status":"closed","sticky":false,"template":"","format":"standard","meta":[],"categories":[12],"tags":[],"_links":{"self":[{"href":"https:\/\/gazdasagportal.hu\/index.php\/wp-json\/wp\/v2\/posts\/32994"}],"collection":[{"href":"https:\/\/gazdasagportal.hu\/index.php\/wp-json\/wp\/v2\/posts"}],"about":[{"href":"https:\/\/gazdasagportal.hu\/index.php\/wp-json\/wp\/v2\/types\/post"}],"author":[{"embeddable":true,"href":"https:\/\/gazdasagportal.hu\/index.php\/wp-json\/wp\/v2\/users\/1"}],"replies":[{"embeddable":true,"href":"https:\/\/gazdasagportal.hu\/index.php\/wp-json\/wp\/v2\/comments?post=32994"}],"version-history":[{"count":1,"href":"https:\/\/gazdasagportal.hu\/index.php\/wp-json\/wp\/v2\/posts\/32994\/revisions"}],"predecessor-version":[{"id":32995,"href":"https:\/\/gazdasagportal.hu\/index.php\/wp-json\/wp\/v2\/posts\/32994\/revisions\/32995"}],"wp:attachment":[{"href":"https:\/\/gazdasagportal.hu\/index.php\/wp-json\/wp\/v2\/media?parent=32994"}],"wp:term":[{"taxonomy":"category","embeddable":true,"href":"https:\/\/gazdasagportal.hu\/index.php\/wp-json\/wp\/v2\/categories?post=32994"},{"taxonomy":"post_tag","embeddable":true,"href":"https:\/\/gazdasagportal.hu\/index.php\/wp-json\/wp\/v2\/tags?post=32994"}],"curies":[{"name":"wp","href":"https:\/\/api.w.org\/{rel}","templated":true}]}}