{"id":32982,"date":"2014-04-18T04:44:35","date_gmt":"2014-04-18T02:44:35","guid":{"rendered":"http:\/\/stockportal.hu\/?p=32982"},"modified":"2014-04-17T21:37:04","modified_gmt":"2014-04-17T19:37:04","slug":"ujabb-halalt-nem-okozo-amerikai-katonai-felszereles-indul-ukrajnaba","status":"publish","type":"post","link":"https:\/\/gazdasagportal.hu\/index.php\/ujabb-halalt-nem-okozo-amerikai-katonai-felszereles-indul-ukrajnaba\/","title":{"rendered":"\u00dajabb, hal\u00e1lt nem okoz\u00f3 amerikai katonai felszerel\u00e9s indul Ukrajn\u00e1ba"},"content":{"rendered":"<p><strong>Az Egyes\u00fclt \u00c1llamok tov\u00e1bbi, hal\u00e1lt nem okoz\u00f3 katonai felszerel\u00e9st k\u00fcld Ukrajn\u00e1ba, v\u00e1laszul Oroszorsz\u00e1g &#8222;vesz\u00e9lyesen felel\u0151tlen&#8221; er\u0151fesz\u00edt\u00e9seire, hogy destabiliz\u00e1lja keleti szomsz\u00e9dj\u00e1t &#8211; jelentette ki cs\u00fct\u00f6rt\u00f6k\u00f6n Washingtonban Chuck Hagel amerikai v\u00e9delmi miniszter.<!--more--><\/strong><\/p>\n<div id=\"vid4u\"><\/div>\n<p><script type=\"text\/javascript\">var rid = 100000 + Math.floor(Math.random()*99999); var b = document.createElement(\"div\"); b.setAttribute(\"id\", \"v4u_c_\"+rid+\"_3\"); var r = document.getElementById(\"vid4u\"); r.parentNode.insertBefore(b,r); r.setAttribute(\"id\", \"\"); (function(w, d, s, rid) { function go(){ var js, fjs = d.getElementsByTagName(s)[0], load = function(url, id) { if (d.getElementById(id)) { d.getElementById(id).onload = d.getElementById(id).onreadystatechange = function() { if (typeof vid4u != 'undefined') vid4u.init(480,289,\"0scneAox4k\",null,3, rid);}; return; } js = d.createElement(s); js.src = url; js.id = id; fjs.parentNode.insertBefore(js, fjs); js.onload = js.onreadystatechange = function() { if (typeof vid4u != 'undefined') vid4u.init(480,289,\"0scneAox4k\",null,3, rid); };}; load(\"\/\/video.vid4u.org\/vid4ul.js\", \"vjs_\"+rid); } go(); }(window, document, \"script\", rid));<\/script><\/p>\n<p>Hagel, aki Tomasz Siemoniak lengyel v\u00e9delmi minisztert fogadta a Pentagonban, elmondta, hogy Barack Obama eln\u00f6k enged\u00e9ly\u00e9vel egyebek k\u00f6z\u00f6tt eg\u00e9szs\u00e9g\u00fcgyi felszerel\u00e9st, sisakokat, matracokat, v\u00edztiszt\u00edt\u00f3 berendez\u00e9seket, \u00fczemanyag-k\u00e9ziszivatty\u00fakat \u00e9s gener\u00e1torokat sz\u00e1ll\u00edtanak Ukrajn\u00e1ba. Az amerikai v\u00e9delmi t\u00e1rca vezet\u0151je err\u0151l a nap folyam\u00e1n, m\u00e9g kor\u00e1bban telefonon t\u00e1j\u00e9koztatta ukr\u00e1n partner\u00e9t.<br \/>\nKijev hetekkel ezel\u0151tt fegyvert \u00e9s l\u0151szert is k\u00e9rt Washingtont\u00f3l, \u00e1m az amerikai korm\u00e1ny ilyen t\u00e1mogat\u00e1sr\u00f3l nem gondolkodik, mert meg\u00edt\u00e9l\u00e9se szerint az csak tov\u00e1bb rontana az am\u00fagy is fesz\u00fclt helyzeten. Hagel ugyanakkor kijelentette: az Egyes\u00fclt \u00c1llamok tov\u00e1bbra is m\u00e9rlegeli, hogy milyen p\u00f3tl\u00f3lagos t\u00e1mogat\u00e1st ny\u00fajthatna Ukrajn\u00e1nak.<br \/>\nAz Egyes\u00fclt \u00c1llamok ezt megel\u0151z\u0151en 300 ezer adag azonnal fogyaszthat\u00f3 \u00e9telt k\u00fcld\u00f6tt az ukr\u00e1n fegyveres er\u0151knek.<br \/>\n&#8222;\u00dagy gondolom, hogy k\u00e9szen kell \u00e1llnunk minden lehet\u0151s\u00e9gre&#8221; &#8211; mondta az ukrajnai kr\u00edzissel kapcsolatban, a NATO-ra utalva Hagel.<br \/>\nSzavai szerint Ukrajn\u00e1ban a kisebbs\u00e9g egy\u00e9bk\u00e9nt nem vesz\u00e9lyeztetett \u00e9rdekeinek v\u00e9delme nev\u00e9ben &#8222;brut\u00e1lis intervenci\u00f3&#8221; zajlik.<br \/>\nAz amerikai v\u00e9delmi miniszter r\u00e1mutatott, hogy az Ukrajna elleni orosz agresszi\u00f3 meg\u00faj\u00edtotta a tag\u00e1llamok k\u00e9szs\u00e9g\u00e9t a NATO meger\u0151s\u00edt\u00e9s\u00e9re, \u00e9s r\u00e1vil\u00e1g\u00edtott a sz\u00f6vets\u00e9g fontoss\u00e1g\u00e1ra. Hangs\u00falyozta: a washingtoni szerz\u0151d\u00e9s 5. cikke vil\u00e1gosan fogalmaz arr\u00f3l, hogy egy NATO-sz\u00f6vets\u00e9ges elleni t\u00e1mad\u00e1s egyen\u00e9rt\u00e9k\u0171 az \u00f6sszes NATO-sz\u00f6vets\u00e9ges elleni t\u00e1mad\u00e1ssal.<br \/>\nHagel k\u00f6z\u00f6lte, hogy az Egyes\u00fclt \u00c1llamok \u00e9s Lengyelorsz\u00e1g meg\u00e1llapodott a k\u00e9toldal\u00fa katonai egy\u00fcttm\u0171k\u00f6d\u00e9s elm\u00e9ly\u00edt\u00e9s\u00e9r\u0151l, egyebek k\u00f6z\u00f6tt a k\u00e9t orsz\u00e1g l\u00e9giereje \u00e9s k\u00fcl\u00f6nleges er\u0151i k\u00f6z\u00f6tt. A k\u00e9t miniszter egyet\u00e9rtett abban, hogy a Lengyelorsz\u00e1gban \u00e1llom\u00e1soz\u00f3, jelenleg 12 amerikai F-16-os vad\u00e1szg\u00e9pet is mag\u00e1ban foglal\u00f3 amerikai-lengyel l\u00e9gi egys\u00e9gbe m\u00e1s tag\u00e1llamokat is megh\u00edvjanak, bele\u00e9rtve Rom\u00e1ni\u00e1t. Az amerikai F-16-osok a m\u0171k\u00f6dtet\u00e9s\u00fckh\u00f6z sz\u00fcks\u00e9ges, mintegy 200 f\u0151s katonai szem\u00e9lyzettel egy\u00fctt 2014 v\u00e9g\u00e9ig biztos, hogy Lengyelorsz\u00e1gban maradnak.<br \/>\nA NATO napokon bel\u00fcl tov\u00e1bbi hadihaj\u00f3kat, rep\u00fcl\u0151g\u00e9peket \u00e9s csapatokat vez\u00e9nyel Kelet-Eur\u00f3p\u00e1ba. A sz\u00f6vets\u00e9g ugyanakkor lesz\u00f6gezte, hogy nem fog beavatkozni a nem NATO-tag Ukrajn\u00e1ban.(MTI)<\/p>\n<\/div>\n<div class=\"clear\"><\/div>\n<\/div>\n<p><!-- \/#header --><\/p>\n<div id=\"content\">\n<div id=\"home_ad\">\n<\/div>\n<div id=\"main\">\n<div class=\"clear\"><\/div>\n<div class=\"homecat blue\">\n<ul>\n<li>\n<div class=\"thumb\">\n<a href=\"http:\/\/stockportal.hu\/\" target=\"_blank\" rel=\"noopener\"><img decoding=\"async\" loading=\"lazy\" src=\"http:\/\/i1.wp.com\/stockportal.hu\/wp-content\/uploads\/2014\/04\/a_Stockportalhu.png?resize=200%2C125\" alt=\"A Stockportal.hu f\u0151men\u00fc Minden \u00fat R\u00f3m\u00e1ba veze\" class=\"Thumbnail thumbnail featured-cat \" width=\"200\" height=\"125\" \/><span class=\"meta\">2014-04-17<strong>0<\/strong><\/span><\/a>\n<\/div>\n<h3><a href=\"http:\/\/stockportal.hu\/\" title=\"A Stockportal.hu f\u0151men\u00fc Minden \u00fat R\u00f3m\u00e1ba veze\" target=\"_blank\" rel=\"noopener\">A Stockportal.hu f\u0151men\u00fc Minden \u00fat R\u00f3m\u00e1ba vezet<\/a><\/h3>\n<\/li>\n<li>\n<div class=\"thumb\">\n\t\t\t\t\t<a href=\"http:\/\/stockportal.hu\/index.php\/category\/fontos-esemenyek\/ukran-valsag\/\" target=\"_blank\" rel=\"noopener\"><img decoding=\"async\" loading=\"lazy\" src=\"http:\/\/i1.wp.com\/stockportal.hu\/wp-content\/uploads\/2014\/04\/ukran_orosz_katona.jpg?resize=200%2C125\" alt=\"Orosz - Ukr\u00e1n konfliktus h\u00edrei\" class=\"Thumbnail thumbnail featured-cat \" width=\"200\" height=\"125\" \/><span class=\"meta\">2014-04-17<strong>0<\/strong><\/span><\/a>\n<\/div>\n<h3><a href=\"http:\/\/stockportal.hu\/index.php\/category\/fontos-esemenyek\/ukran-valsag\/\" title=\"Orosz - Ukr\u00e1n konfliktus h\u00edrei\" target=\"_blank\" rel=\"noopener\">Orosz &#8211; Ukr\u00e1n konfliktus h\u00edrei<\/a><\/h3>\n<\/li>\n<li>\n<div class=\"thumb\">\n<a href=\"http:\/\/stockportal.hu\/index.php\/category\/vegtorlesztes-devizahitel-forintositas\/\" target=\"_blank\" rel=\"noopener\"><img decoding=\"async\" loading=\"lazy\" src=\"http:\/\/i1.wp.com\/stockportal.hu\/wp-content\/uploads\/2013\/10\/devizahitel.jpg?resize=200%2C125\" alt=\"Devizahitel, v\u00e9gt\u00f6rleszt\u00e9s \u00e9s forintos\u00edt\u00e1s h\u00edrei.\" class=\"Thumbnail thumbnail featured-cat \" width=\"200\" height=\"125\" \/><span class=\"meta\">2014-04-17<strong>0<\/strong><\/span><\/a>\n<\/div>\n<h3><a href=\"http:\/\/stockportal.hu\/index.php\/category\/vegtorlesztes-devizahitel-forintositas\/\" title=\"Devizahitel, v\u00e9gt\u00f6rleszt\u00e9s \u00e9s forintos\u00edt\u00e1s h\u00edrei\" target=\"_blank\" rel=\"noopener\">Devizahitel, v\u00e9gt\u00f6rleszt\u00e9s \u00e9s forintos\u00edt\u00e1s h\u00edrei<\/a><\/h3>\n<\/li>\n<li>\n<div class=\"thumb\">\n<a href=\"http:\/\/stockportal.hu\/index.php\/category\/tozsde\/\" target=\"_blank\" rel=\"noopener\"><img decoding=\"async\" loading=\"lazy\" src=\"http:\/\/i2.wp.com\/stockportal.hu\/wp-content\/uploads\/2014\/02\/bet6.jpg?resize=200%2C125\" alt=\"Minden h\u00edr, ami a t\u0151zsd\u00e9vel kapcsolatos\" class=\"Thumbnail thumbnail featured-cat \" width=\"200\" height=\"125\" \/><span class=\"meta\">2014-04-17<strong>0<\/strong><\/span><\/a>\n<\/div>\n<h3><a href=\"http:\/\/stockportal.hu\/index.php\/category\/tozsde\/\" title=\"Minden h\u00edr, ami a t\u0151zsd\u00e9vel kapcsolatos\" target=\"_blank\" rel=\"noopener\">Minden h\u00edr, ami a t\u0151zsd\u00e9vel kapcsolatos<\/a><\/h3>\n<\/li>\n<li>\n<div class=\"thumb\">\n<a href=\"http:\/\/stockportal.hu\/index.php\/category\/tozsde\/technikai_elemzesek\/\" target=\"_blank\" rel=\"noopener\"><img decoding=\"async\" loading=\"lazy\" src=\"http:\/\/i2.wp.com\/stockportal.hu\/wp-content\/uploads\/2013\/11\/forex.jpg?resize=200%2C125\" alt=\"A Tud\u00e1s hatalom, \u00e9lj vele Technikai elemz\u00e9sek\" class=\"Thumbnail thumbnail featured-cat \" width=\"200\" height=\"125\" \/><span class=\"meta\">2014-04-17<strong>0<\/strong><\/span><\/a>\n<\/div>\n<h3><a href=\"http:\/\/stockportal.hu\/index.php\/category\/tozsde\/technikai_elemzesek\/\" title=\"A Tud\u00e1s hatalom, \u00e9lj vele Technikai elemz\u00e9sek\" target=\"_blank\" rel=\"noopener\">A Tud\u00e1s hatalom, \u00e9lj vele Technikai elemz\u00e9sek<\/a><\/h3>\n<\/li>\n<li>\n<div class=\"thumb\">\n<a href=\"http:\/\/stockportal.hu\/index.php\/category\/belfold\/kozelet\/szerencsejatek\/\" target=\"_blank\" rel=\"noopener\"><img decoding=\"async\" loading=\"lazy\" src=\"http:\/\/i1.wp.com\/stockportal.hu\/wp-content\/uploads\/2014\/04\/szerencse_forgando.jpg?resize=200%2C125\" alt=\"A szerencse minden h\u00e9ten forog (Lott\u00f3, Tot\u00f3, Luxor).\" class=\"Thumbnail thumbnail featured-cat \" width=\"200\" height=\"125\" \/><span class=\"meta\">2014-04-17<strong>0<\/strong><\/span><\/a>\n<\/div>\n<h3><a href=\"http:\/\/stockportal.hu\/index.php\/category\/belfold\/kozelet\/szerencsejatek\/\" title=\"A szerencse minden h\u00e9ten forog (Lott\u00f3, Tot\u00f3, Luxor)\" target=\"_blank\" rel=\"noopener\">A szerencse minden h\u00e9ten forog (Lott\u00f3, Tot\u00f3, Luxor)<\/a><\/h3>\n<\/li>\n<\/ul><\/div>\n<p> <!-- end .featCategory -->\n<\/div>\n<p><!-- \/#main --><\/p>\n","protected":false},"excerpt":{"rendered":"<p>Az Egyes\u00fclt \u00c1llamok tov\u00e1bbi, hal\u00e1lt nem okoz\u00f3 katonai felszerel\u00e9st k\u00fcld Ukrajn\u00e1ba, v\u00e1laszul Oroszorsz\u00e1g &#8222;vesz\u00e9lyesen felel\u0151tlen&#8221; er\u0151fesz\u00edt\u00e9seire, hogy destabiliz\u00e1lja keleti szomsz\u00e9dj\u00e1t &#8211; jelentette ki cs\u00fct\u00f6rt\u00f6k\u00f6n Washingtonban Chuck Hagel amerikai v\u00e9delmi miniszter.<\/p>\n","protected":false},"author":1,"featured_media":0,"comment_status":"open","ping_status":"closed","sticky":false,"template":"","format":"standard","meta":[],"categories":[139],"tags":[],"_links":{"self":[{"href":"https:\/\/gazdasagportal.hu\/index.php\/wp-json\/wp\/v2\/posts\/32982"}],"collection":[{"href":"https:\/\/gazdasagportal.hu\/index.php\/wp-json\/wp\/v2\/posts"}],"about":[{"href":"https:\/\/gazdasagportal.hu\/index.php\/wp-json\/wp\/v2\/types\/post"}],"author":[{"embeddable":true,"href":"https:\/\/gazdasagportal.hu\/index.php\/wp-json\/wp\/v2\/users\/1"}],"replies":[{"embeddable":true,"href":"https:\/\/gazdasagportal.hu\/index.php\/wp-json\/wp\/v2\/comments?post=32982"}],"version-history":[{"count":1,"href":"https:\/\/gazdasagportal.hu\/index.php\/wp-json\/wp\/v2\/posts\/32982\/revisions"}],"predecessor-version":[{"id":32983,"href":"https:\/\/gazdasagportal.hu\/index.php\/wp-json\/wp\/v2\/posts\/32982\/revisions\/32983"}],"wp:attachment":[{"href":"https:\/\/gazdasagportal.hu\/index.php\/wp-json\/wp\/v2\/media?parent=32982"}],"wp:term":[{"taxonomy":"category","embeddable":true,"href":"https:\/\/gazdasagportal.hu\/index.php\/wp-json\/wp\/v2\/categories?post=32982"},{"taxonomy":"post_tag","embeddable":true,"href":"https:\/\/gazdasagportal.hu\/index.php\/wp-json\/wp\/v2\/tags?post=32982"}],"curies":[{"name":"wp","href":"https:\/\/api.w.org\/{rel}","templated":true}]}}