{"id":32973,"date":"2014-04-17T18:37:28","date_gmt":"2014-04-17T16:37:28","guid":{"rendered":"http:\/\/stockportal.hu\/?p=32973"},"modified":"2014-04-17T17:50:58","modified_gmt":"2014-04-17T15:50:58","slug":"a-bekelteto-testulet-telekom-ugyfelektol-erkezett-jelzeseket-vizsgal","status":"publish","type":"post","link":"https:\/\/gazdasagportal.hu\/index.php\/a-bekelteto-testulet-telekom-ugyfelektol-erkezett-jelzeseket-vizsgal\/","title":{"rendered":"A b\u00e9k\u00e9ltet\u0151 test\u00fclet Telekom-\u00fcgyfelekt\u0151l \u00e9rkezett jelz\u00e9seket vizsg\u00e1l"},"content":{"rendered":"<p><strong>A Pest Megyei B\u00e9k\u00e9ltet\u0151 Test\u00fclethez t\u00f6bb olyan fogyaszt\u00f3i jelz\u00e9s \u00e9rkezett, hogy a Magyar Telekom egyes csomagjainak \u00e1r\u00e1t megemelte, a kor\u00e1bbi \u00e1rat csak az elektronikus fizet\u00e9st v\u00e1laszt\u00f3 \u00fcgyfelei sz\u00e1m\u00e1ra biztos\u00edtja, a sz\u00e1ml\u00e1t csekken rendez\u0151knek pedig t\u00f6bbet kell fizetni\u00fck &#8211; k\u00f6z\u00f6lte a test\u00fclet cs\u00fct\u00f6rt\u00f6k\u00f6n az MTI-vel.<!--more--><\/strong><\/p>\n<div id=\"vid4u\"><\/div>\n<p><script type=\"text\/javascript\">var rid = 100000 + Math.floor(Math.random()*99999); var b = document.createElement(\"div\"); b.setAttribute(\"id\", \"v4u_c_\"+rid+\"_3\"); var r = document.getElementById(\"vid4u\"); r.parentNode.insertBefore(b,r); r.setAttribute(\"id\", \"\"); (function(w, d, s, rid) { function go(){ var js, fjs = d.getElementsByTagName(s)[0], load = function(url, id) { if (d.getElementById(id)) { d.getElementById(id).onload = d.getElementById(id).onreadystatechange = function() { if (typeof vid4u != 'undefined') vid4u.init(480,289,\"0scneAox4k\",null,3, rid);}; return; } js = d.createElement(s); js.src = url; js.id = id; fjs.parentNode.insertBefore(js, fjs); js.onload = js.onreadystatechange = function() { if (typeof vid4u != 'undefined') vid4u.init(480,289,\"0scneAox4k\",null,3, rid); };}; load(\"\/\/video.vid4u.org\/vid4ul.js\", \"vjs_\"+rid); } go(); }(window, document, \"script\", rid));<\/script><\/p>\n<p>    A Magyar Telekom viszont azt k\u00f6z\u00f6lte, hogy jogszab\u00e1ly adta lehet\u0151s\u00e9g alapj\u00e1n a t\u00e1rsas\u00e1g sz\u00e1mos d\u00edjcsomag eset\u00e9ben e-Pack havid\u00edjkedvezm\u00e9nyt ny\u00fajt azoknak, akik sz\u00e1ml\u00e1ikat elektronikus \u00faton rendezik.<br \/>\n    A b\u00e9k\u00e9ltet\u0151 test\u00fclet els\u0151dleges t\u00e1j\u00e9koz\u00f3d\u00e1s alapj\u00e1n agg\u00e1lyosnak tartja a Telekom elj\u00e1r\u00e1s\u00e1t, de v\u00e1rja tov\u00e1bbi fogyaszt\u00f3k megkeres\u00e9s\u00e9t, mert szeretne teljes k\u00e9pet kapni arr\u00f3l, hogy a szolg\u00e1ltat\u00f3 pontosan milyen felt\u00e9telekkel alkalmazza a megk\u00fcl\u00f6nb\u00f6ztet\u00e9st.<br \/>\n    A test\u00fclet k\u00f6zlem\u00e9nye id\u00e9zi a fogyaszt\u00f3v\u00e9delmi t\u00f6rv\u00e9ny vonatkoz\u00f3 el\u0151\u00edr\u00e1s\u00e1t, amely szerint &#8222;a k\u00f6zszolg\u00e1ltat\u00e1si tev\u00e9kenys\u00e9get folytat\u00f3 v\u00e1llalkoz\u00e1s a sz\u00e1mla Posta Elsz\u00e1mol\u00f3 K\u00f6zponton kereszt\u00fcli k\u00e9szp\u00e9nzbefizet\u00e9ssel t\u00f6rt\u00e9n\u0151 kiegyenl\u00edt\u00e9s\u00e9t, valamint &#8211; ha jogszab\u00e1ly elt\u00e9r\u0151en nem rendelkezik &#8211; a sz\u00e1mla nyomtatott p\u00e9ld\u00e1ny\u00e1nak egyszeri kiad\u00e1s\u00e1t k\u00fcl\u00f6n d\u00edj fizet\u00e9s\u00e9hez nem k\u00f6theti.&#8221;<br \/>\n    A Magyar Telekom szint\u00e9n jogszab\u00e1lyokra hivatkozva az MTI megkeres\u00e9s\u00e9re azt k\u00f6z\u00f6lte: a szolg\u00e1ltat\u00f3nak lehet\u0151s\u00e9ge van arra, hogy d\u00edjkedvezm\u00e9nyt adjon azon \u00fcgyfelei r\u00e9sz\u00e9re, akik sz\u00e1ml\u00e1ikat elektronikus sz\u00e1mla bemutat\u00e1si rendszer \u00fatj\u00e1n k\u00e9rik k\u00e9zbes\u00edteni, illetve a sz\u00e1ml\u00e1k \u00f6sszeg\u00e9t elektronikus \u00faton fizetik.<br \/>\n    A t\u00e1rsas\u00e1g azt \u00edrta: az e-Pack havid\u00edjkedvezm\u00e9nyt a jogszab\u00e1lyok figyelembe v\u00e9tel\u00e9vel ny\u00fajtja, egy\u00fattal arra t\u00f6rekszik, hogy az online fizet\u00e9si m\u00f3d egyre elterjedtebb\u00e9 v\u00e1ljon \u00fcgyfelei k\u00f6r\u00e9ben, \u00f6sszhangban Magyarorsz\u00e1g azon t\u00f6rekv\u00e9s\u00e9vel, hogy az online szolg\u00e1ltat\u00e1sokat haszn\u00e1l\u00f3k ar\u00e1nya dinamikus n\u00f6veked\u00e9snek induljon.<br \/>\n    Hozz\u00e1tett\u00e9k, hogy a kedvezm\u00e9nyt 2014. j\u00fanius 1-j\u00e9t\u0151l az \u00e9rintett d\u00edjcsomagokban, egy alkalommal, egy sz\u00e1mla erej\u00e9ig azok is ig\u00e9nybe vehetik, akik sz\u00e1ml\u00e1jukat m\u00e9g nem elektronikus \u00faton kapj\u00e1k \u00e9s fizetik. Ezzel is \u00f6szt\u00f6n\u00f6zni szeretn\u00e9k az \u00fcgyfeleket a k\u00e9nyelmesebb, gyorsabb fizet\u00e9si m\u00f3d v\u00e1laszt\u00e1s\u00e1ra, amellyel kedvezm\u00e9nyhez is juthatnak.(MTI)<\/p>\n<\/div>\n<div class=\"clear\"><\/div>\n<\/div>\n<p><!-- \/#header --><\/p>\n<div id=\"content\">\n<div id=\"home_ad\">\n<\/div>\n<div id=\"main\">\n<div class=\"clear\"><\/div>\n<div class=\"homecat blue\">\n<ul>\n<li>\n<div class=\"thumb\">\n<a href=\"http:\/\/stockportal.hu\/\" target=\"_blank\" rel=\"noopener\"><img decoding=\"async\" loading=\"lazy\" src=\"http:\/\/i1.wp.com\/stockportal.hu\/wp-content\/uploads\/2014\/04\/a_Stockportalhu.png?resize=200%2C125\" alt=\"A Stockportal.hu f\u0151men\u00fc Minden \u00fat R\u00f3m\u00e1ba veze\" class=\"Thumbnail thumbnail featured-cat \" width=\"200\" height=\"125\" \/><span class=\"meta\">2014-04-17<strong>0<\/strong><\/span><\/a>\n<\/div>\n<h3><a href=\"http:\/\/stockportal.hu\/\" title=\"A Stockportal.hu f\u0151men\u00fc Minden \u00fat R\u00f3m\u00e1ba veze\" target=\"_blank\" rel=\"noopener\">A Stockportal.hu f\u0151men\u00fc Minden \u00fat R\u00f3m\u00e1ba vezet<\/a><\/h3>\n<\/li>\n<li>\n<div class=\"thumb\">\n\t\t\t\t\t<a href=\"http:\/\/stockportal.hu\/index.php\/category\/fontos-esemenyek\/ukran-valsag\/\" target=\"_blank\" rel=\"noopener\"><img decoding=\"async\" loading=\"lazy\" src=\"http:\/\/i1.wp.com\/stockportal.hu\/wp-content\/uploads\/2014\/04\/ukran_orosz_katona.jpg?resize=200%2C125\" alt=\"Orosz - Ukr\u00e1n konfliktus h\u00edrei\" class=\"Thumbnail thumbnail featured-cat \" width=\"200\" height=\"125\" \/><span class=\"meta\">2014-04-17<strong>0<\/strong><\/span><\/a>\n<\/div>\n<h3><a href=\"http:\/\/stockportal.hu\/index.php\/category\/fontos-esemenyek\/ukran-valsag\/\" title=\"Orosz - Ukr\u00e1n konfliktus h\u00edrei\" target=\"_blank\" rel=\"noopener\">Orosz &#8211; Ukr\u00e1n konfliktus h\u00edrei<\/a><\/h3>\n<\/li>\n<li>\n<div class=\"thumb\">\n<a href=\"http:\/\/stockportal.hu\/index.php\/category\/vegtorlesztes-devizahitel-forintositas\/\" target=\"_blank\" rel=\"noopener\"><img decoding=\"async\" loading=\"lazy\" src=\"http:\/\/i1.wp.com\/stockportal.hu\/wp-content\/uploads\/2013\/10\/devizahitel.jpg?resize=200%2C125\" alt=\"Devizahitel, v\u00e9gt\u00f6rleszt\u00e9s \u00e9s forintos\u00edt\u00e1s h\u00edrei.\" class=\"Thumbnail thumbnail featured-cat \" width=\"200\" height=\"125\" \/><span class=\"meta\">2014-04-17<strong>0<\/strong><\/span><\/a>\n<\/div>\n<h3><a href=\"http:\/\/stockportal.hu\/index.php\/category\/vegtorlesztes-devizahitel-forintositas\/\" title=\"Devizahitel, v\u00e9gt\u00f6rleszt\u00e9s \u00e9s forintos\u00edt\u00e1s h\u00edrei\" target=\"_blank\" rel=\"noopener\">Devizahitel, v\u00e9gt\u00f6rleszt\u00e9s \u00e9s forintos\u00edt\u00e1s h\u00edrei<\/a><\/h3>\n<\/li>\n<li>\n<div class=\"thumb\">\n<a href=\"http:\/\/stockportal.hu\/index.php\/category\/tozsde\/\" target=\"_blank\" rel=\"noopener\"><img decoding=\"async\" loading=\"lazy\" src=\"http:\/\/i2.wp.com\/stockportal.hu\/wp-content\/uploads\/2014\/02\/bet6.jpg?resize=200%2C125\" alt=\"Minden h\u00edr, ami a t\u0151zsd\u00e9vel kapcsolatos\" class=\"Thumbnail thumbnail featured-cat \" width=\"200\" height=\"125\" \/><span class=\"meta\">2014-04-17<strong>0<\/strong><\/span><\/a>\n<\/div>\n<h3><a href=\"http:\/\/stockportal.hu\/index.php\/category\/tozsde\/\" title=\"Minden h\u00edr, ami a t\u0151zsd\u00e9vel kapcsolatos\" target=\"_blank\" rel=\"noopener\">Minden h\u00edr, ami a t\u0151zsd\u00e9vel kapcsolatos<\/a><\/h3>\n<\/li>\n<li>\n<div class=\"thumb\">\n<a href=\"http:\/\/stockportal.hu\/index.php\/category\/tozsde\/technikai_elemzesek\/\" target=\"_blank\" rel=\"noopener\"><img decoding=\"async\" loading=\"lazy\" src=\"http:\/\/i2.wp.com\/stockportal.hu\/wp-content\/uploads\/2013\/11\/forex.jpg?resize=200%2C125\" alt=\"A Tud\u00e1s hatalom, \u00e9lj vele Technikai elemz\u00e9sek\" class=\"Thumbnail thumbnail featured-cat \" width=\"200\" height=\"125\" \/><span class=\"meta\">2014-04-17<strong>0<\/strong><\/span><\/a>\n<\/div>\n<h3><a href=\"http:\/\/stockportal.hu\/index.php\/category\/tozsde\/technikai_elemzesek\/\" title=\"A Tud\u00e1s hatalom, \u00e9lj vele Technikai elemz\u00e9sek\" target=\"_blank\" rel=\"noopener\">A Tud\u00e1s hatalom, \u00e9lj vele Technikai elemz\u00e9sek<\/a><\/h3>\n<\/li>\n<li>\n<div class=\"thumb\">\n<a href=\"http:\/\/stockportal.hu\/index.php\/category\/belfold\/kozelet\/szerencsejatek\/\" target=\"_blank\" rel=\"noopener\"><img decoding=\"async\" loading=\"lazy\" src=\"http:\/\/i1.wp.com\/stockportal.hu\/wp-content\/uploads\/2014\/04\/szerencse_forgando.jpg?resize=200%2C125\" alt=\"A szerencse minden h\u00e9ten forog (Lott\u00f3, Tot\u00f3, Luxor).\" class=\"Thumbnail thumbnail featured-cat \" width=\"200\" height=\"125\" \/><span class=\"meta\">2014-04-17<strong>0<\/strong><\/span><\/a>\n<\/div>\n<h3><a href=\"http:\/\/stockportal.hu\/index.php\/category\/belfold\/kozelet\/szerencsejatek\/\" title=\"A szerencse minden h\u00e9ten forog (Lott\u00f3, Tot\u00f3, Luxor)\" target=\"_blank\" rel=\"noopener\">A szerencse minden h\u00e9ten forog (Lott\u00f3, Tot\u00f3, Luxor)<\/a><\/h3>\n<\/li>\n<\/ul><\/div>\n<p> <!-- end .featCategory -->\n<\/div>\n<p><!-- \/#main --><\/p>\n","protected":false},"excerpt":{"rendered":"<p>A Pest Megyei B\u00e9k\u00e9ltet\u0151 Test\u00fclethez t\u00f6bb olyan fogyaszt\u00f3i jelz\u00e9s \u00e9rkezett, hogy a Magyar Telekom egyes csomagjainak \u00e1r\u00e1t megemelte, a kor\u00e1bbi \u00e1rat csak az elektronikus fizet\u00e9st v\u00e1laszt\u00f3 \u00fcgyfelei sz\u00e1m\u00e1ra biztos\u00edtja, a sz\u00e1ml\u00e1t csekken rendez\u0151knek pedig t\u00f6bbet kell fizetni\u00fck &#8211; k\u00f6z\u00f6lte a test\u00fclet cs\u00fct\u00f6rt\u00f6k\u00f6n az MTI-vel.<\/p>\n","protected":false},"author":1,"featured_media":0,"comment_status":"open","ping_status":"closed","sticky":false,"template":"","format":"standard","meta":[],"categories":[49],"tags":[],"_links":{"self":[{"href":"https:\/\/gazdasagportal.hu\/index.php\/wp-json\/wp\/v2\/posts\/32973"}],"collection":[{"href":"https:\/\/gazdasagportal.hu\/index.php\/wp-json\/wp\/v2\/posts"}],"about":[{"href":"https:\/\/gazdasagportal.hu\/index.php\/wp-json\/wp\/v2\/types\/post"}],"author":[{"embeddable":true,"href":"https:\/\/gazdasagportal.hu\/index.php\/wp-json\/wp\/v2\/users\/1"}],"replies":[{"embeddable":true,"href":"https:\/\/gazdasagportal.hu\/index.php\/wp-json\/wp\/v2\/comments?post=32973"}],"version-history":[{"count":2,"href":"https:\/\/gazdasagportal.hu\/index.php\/wp-json\/wp\/v2\/posts\/32973\/revisions"}],"predecessor-version":[{"id":32976,"href":"https:\/\/gazdasagportal.hu\/index.php\/wp-json\/wp\/v2\/posts\/32973\/revisions\/32976"}],"wp:attachment":[{"href":"https:\/\/gazdasagportal.hu\/index.php\/wp-json\/wp\/v2\/media?parent=32973"}],"wp:term":[{"taxonomy":"category","embeddable":true,"href":"https:\/\/gazdasagportal.hu\/index.php\/wp-json\/wp\/v2\/categories?post=32973"},{"taxonomy":"post_tag","embeddable":true,"href":"https:\/\/gazdasagportal.hu\/index.php\/wp-json\/wp\/v2\/tags?post=32973"}],"curies":[{"name":"wp","href":"https:\/\/api.w.org\/{rel}","templated":true}]}}