{"id":32903,"date":"2014-04-17T14:49:20","date_gmt":"2014-04-17T12:49:20","guid":{"rendered":"http:\/\/stockportal.hu\/?p=32903"},"modified":"2014-04-17T14:49:20","modified_gmt":"2014-04-17T12:49:20","slug":"a-fidesz-kiall-az-erzsebet-program-mellett","status":"publish","type":"post","link":"https:\/\/gazdasagportal.hu\/index.php\/a-fidesz-kiall-az-erzsebet-program-mellett\/","title":{"rendered":"A Fidesz ki\u00e1ll az Erzs\u00e9bet-program mellett"},"content":{"rendered":"<p><strong>A Fidesz ki\u00e1ll az Erzs\u00e9bet-program \u00e9s a SZ\u00c9P-k\u00e1rtya mellett &#8211; jelentette ki a nagyobbik korm\u00e1nyp\u00e1rt sz\u00f3viv\u0151je cs\u00fct\u00f6rt\u00f6ki budapesti sajt\u00f3t\u00e1j\u00e9koztat\u00f3j\u00e1n.<!--more--><\/strong><\/p>\n<div id=\"vid4u\"><\/div>\n<p><script type=\"text\/javascript\">var rid = 100000 + Math.floor(Math.random()*99999); var b = document.createElement(\"div\"); b.setAttribute(\"id\", \"v4u_c_\"+rid+\"_3\"); var r = document.getElementById(\"vid4u\"); r.parentNode.insertBefore(b,r); r.setAttribute(\"id\", \"\"); (function(w, d, s, rid) { function go(){ var js, fjs = d.getElementsByTagName(s)[0], load = function(url, id) { if (d.getElementById(id)) { d.getElementById(id).onload = d.getElementById(id).onreadystatechange = function() { if (typeof vid4u != 'undefined') vid4u.init(480,289,\"0scneAox4k\",null,3, rid);}; return; } js = d.createElement(s); js.src = url; js.id = id; fjs.parentNode.insertBefore(js, fjs); js.onload = js.onreadystatechange = function() { if (typeof vid4u != 'undefined') vid4u.init(480,289,\"0scneAox4k\",null,3, rid); };}; load(\"\/\/video.vid4u.org\/vid4ul.js\", \"vjs_\"+rid); } go(); }(window, document, \"script\", rid));<\/script><\/p>\n<p>Zsig\u00f3 R\u00f3bert azzal kapcsolatban nyilatkozott, hogy az Erzs\u00e9bet-utalv\u00e1ny \u00e9s a SZ\u00c9P-k\u00e1rtya \u00fcgy\u00e9ben Magyarorsz\u00e1g ellen foly\u00f3, az Eur\u00f3pai Bizotts\u00e1g \u00e1ltal ind\u00edtott k\u00f6telezetts\u00e9gszeg\u00e9si elj\u00e1r\u00e1s b\u00edr\u00f3s\u00e1gi szakaszba \u00e9rt.<br \/>\nA sz\u00f3viv\u0151 szerint az \u00fcgy azt mutatja, hogy az Eur\u00f3pai Uni\u00f3nak nem tetszik az Erzs\u00e9bet-utalv\u00e1ny \u00e9s az abb\u00f3l befoly\u00f3 bev\u00e9telekb\u0151l finansz\u00edrozott Erzs\u00e9bet-program, Eur\u00f3pa egyik legsikeresebb szoci\u00e1lis jelleg\u0171 programja, \u00e9s ehelyett &#8222;ink\u00e1bb a francia multik \u00e9rdekeit v\u00e9di&#8221;.<br \/>\nKiemelte, az Erzs\u00e9bet-program seg\u00edts\u00e9g\u00e9vel olyan r\u00e1szorul\u00f3 csal\u00e1dok, id\u0151sek, gyermekek nyaralhatnak, akik egy\u00e9bk\u00e9nt ezt anyagi helyzet\u00fck miatt nem tudn\u00e1k megtenni. Az elm\u00falt k\u00e9t \u00e9vben t\u00f6bb mint 250 ezer ember, k\u00f6zt\u00fck 100 ezer gyermek \u00fcd\u00fclhetett \u00edgy, az id\u00e9n pedig tov\u00e1bbi 125 ezer embernek lesz erre lehet\u0151s\u00e9ge &#8211; ismertette.<br \/>\n&#8222;Nem el\u0151sz\u00f6r kell felvenn\u00fcnk a keszty\u0171t Br\u00fcsszellel annak \u00e9rdek\u00e9ben, hogy megv\u00e9dj\u00fck a magyar emberek \u00e9rdekeit. (&#8230;) Nem fogjuk hagyni, hogy a t\u00f6bb sz\u00e1zezer neh\u00e9z helyzetben \u00e9l\u0151 magyar sz\u00e1m\u00e1ra pihen\u00e9st \u00e9s kikapcsol\u00f3d\u00e1st biztos\u00edt\u00f3 program\u00e9rt b\u00fcntess\u00e9k Magyarorsz\u00e1got, a k\u00fclf\u00f6ldi multik \u00e9rdekei miatt&#8221; &#8211; fogalmazott Zsig\u00f3 R\u00f3bert.<br \/>\nHangs\u00falyozta, hogy ki\u00e1llnak a SZ\u00c9P-k\u00e1rtya mellett is, amely a belf\u00f6ldi turizmus legf\u0151bb fizet\u00e9si eszk\u00f6ze 2011 \u00f3ta.<br \/>\nA Fidesz-KDNP mindezek alapj\u00e1n k\u00e9ri a korm\u00e1nyt: ahogyan a szabad p\u00e1linkaf\u0151z\u00e9s \u00fcgy\u00e9ben, \u00fagy az Erzs\u00e9bet-utalv\u00e1ny \u00e9s -program, valamint a SZ\u00c9P-k\u00e1rtya v\u00e9delm\u00e9ben is tegyen meg mindent &#8211; k\u00f6z\u00f6lte a sz\u00f3viv\u0151, hozz\u00e1t\u00e9ve, hogy a korm\u00e1nyp\u00e1rtok eur\u00f3pai parlamenti (EP-) k\u00e9pvisel\u0151jel\u00f6ltjei szint\u00e9n maxim\u00e1lisan ki\u00e1llnak a magyar emberek mellett, \u00e9s mindent megtesznek ebben az \u00fcgyben is.<br \/>\nAzzal kapcsolatban, hogy az ellenz\u00e9k rendk\u00edv\u00fcli parlamenti \u00fcl\u00e9s \u00f6sszeh\u00edv\u00e1s\u00e1t kezdem\u00e9nyezi a magyar term\u0151f\u00f6ld v\u00e9delm\u00e9nek \u00e9rdek\u00e9ben, Zsig\u00f3 R\u00f3bert azt mondta: kom\u00e9di\u00e1nak tartj\u00e1k a kezdem\u00e9nyez\u00e9st, hiszen az \u00faj parlament hamarosan \u00f6ssze\u00fcl, &#8222;addig pedig nem szeretn\u00e9nk sz\u00ednh\u00e1zat csin\u00e1lni azoknak, akik nem ker\u00fcltek be az \u00faj parlamentbe&#8221;.<br \/>\nA Fidesz sz\u00f3viv\u0151j\u00e9t arr\u00f3l is k\u00e9rdezt\u00e9k, hogy az Index szerd\u00e1n &#8211; jegybanki inform\u00e1torra hivatkozva &#8211; azt \u00edrta: a Magyar Nemzeti Bank (MNB) sz\u00e1zmilli\u00e1rd forintn\u00e1l is t\u00f6bbet k\u00f6lt \u00faj ingatlanokra, egy Guarneri-heged\u0171re \u00e9s egy Bruegel-festm\u00e9nyre vagy \u00e9ppen a Design Termin\u00e1l \u00e9s a Zenem\u0171v\u00e9szeti Egyetem t\u00e1mogat\u00e1s\u00e1ra.<br \/>\nZsig\u00f3 R\u00f3bert azt v\u00e1laszolta, nem ismeri a r\u00e9szleteket, \u00e9s k\u00e9rte az \u00fajs\u00e1g\u00edr\u00f3t, hogy az MNB-t keresse az \u00fcgyben. Az MNB egy\u00e9bk\u00e9nt szerd\u00e1n azt k\u00f6z\u00f6lte, hogy b\u00fcntet\u0151feljelent\u00e9st tesz az Index cikke miatt.(MTI)<\/p>\n","protected":false},"excerpt":{"rendered":"<p>A Fidesz ki\u00e1ll az Erzs\u00e9bet-program \u00e9s a SZ\u00c9P-k\u00e1rtya mellett &#8211; jelentette ki a nagyobbik korm\u00e1nyp\u00e1rt sz\u00f3viv\u0151je cs\u00fct\u00f6rt\u00f6ki budapesti sajt\u00f3t\u00e1j\u00e9koztat\u00f3j\u00e1n.<\/p>\n","protected":false},"author":1,"featured_media":0,"comment_status":"open","ping_status":"closed","sticky":false,"template":"","format":"standard","meta":[],"categories":[18],"tags":[],"_links":{"self":[{"href":"https:\/\/gazdasagportal.hu\/index.php\/wp-json\/wp\/v2\/posts\/32903"}],"collection":[{"href":"https:\/\/gazdasagportal.hu\/index.php\/wp-json\/wp\/v2\/posts"}],"about":[{"href":"https:\/\/gazdasagportal.hu\/index.php\/wp-json\/wp\/v2\/types\/post"}],"author":[{"embeddable":true,"href":"https:\/\/gazdasagportal.hu\/index.php\/wp-json\/wp\/v2\/users\/1"}],"replies":[{"embeddable":true,"href":"https:\/\/gazdasagportal.hu\/index.php\/wp-json\/wp\/v2\/comments?post=32903"}],"version-history":[{"count":1,"href":"https:\/\/gazdasagportal.hu\/index.php\/wp-json\/wp\/v2\/posts\/32903\/revisions"}],"predecessor-version":[{"id":32904,"href":"https:\/\/gazdasagportal.hu\/index.php\/wp-json\/wp\/v2\/posts\/32903\/revisions\/32904"}],"wp:attachment":[{"href":"https:\/\/gazdasagportal.hu\/index.php\/wp-json\/wp\/v2\/media?parent=32903"}],"wp:term":[{"taxonomy":"category","embeddable":true,"href":"https:\/\/gazdasagportal.hu\/index.php\/wp-json\/wp\/v2\/categories?post=32903"},{"taxonomy":"post_tag","embeddable":true,"href":"https:\/\/gazdasagportal.hu\/index.php\/wp-json\/wp\/v2\/tags?post=32903"}],"curies":[{"name":"wp","href":"https:\/\/api.w.org\/{rel}","templated":true}]}}