{"id":32887,"date":"2014-04-17T13:55:28","date_gmt":"2014-04-17T11:55:28","guid":{"rendered":"http:\/\/stockportal.hu\/?p=32887"},"modified":"2014-04-17T13:55:28","modified_gmt":"2014-04-17T11:55:28","slug":"times-az-orosz-katonai-hirszerzes-segiti-az-ukrajnai-oroszparti-miliciakat","status":"publish","type":"post","link":"https:\/\/gazdasagportal.hu\/index.php\/times-az-orosz-katonai-hirszerzes-segiti-az-ukrajnai-oroszparti-miliciakat\/","title":{"rendered":"Times: az orosz katonai h\u00edrszerz\u00e9s seg\u00edti az ukrajnai oroszp\u00e1rti mil\u00edci\u00e1kat"},"content":{"rendered":"<p><strong>Az orosz katonai h\u00edrszerz\u00e9s Donyeck \u00e9s Luhanszk megy\u00e9kbe telep\u00edtett \u00fcgyn\u00f6kei fel\u00fcgyelik \u00e9s ir\u00e1ny\u00edtj\u00e1k az Ukrajn\u00e1ban tev\u00e9kenyked\u0151 oroszp\u00e1rti mil\u00edci\u00e1kat &#8211; \u00edrta a cs\u00fct\u00f6rt\u00f6ki The Times egy ukr\u00e1n titkosszolg\u00e1lati jelent\u00e9st id\u00e9zve.<!--more--><\/strong><\/p>\n<div id=\"vid4u\"><\/div>\n<p><script type=\"text\/javascript\">var rid = 100000 + Math.floor(Math.random()*99999); var b = document.createElement(\"div\"); b.setAttribute(\"id\", \"v4u_c_\"+rid+\"_3\"); var r = document.getElementById(\"vid4u\"); r.parentNode.insertBefore(b,r); r.setAttribute(\"id\", \"\"); (function(w, d, s, rid) { function go(){ var js, fjs = d.getElementsByTagName(s)[0], load = function(url, id) { if (d.getElementById(id)) { d.getElementById(id).onload = d.getElementById(id).onreadystatechange = function() { if (typeof vid4u != 'undefined') vid4u.init(480,289,\"0scneAox4k\",null,3, rid);}; return; } js = d.createElement(s); js.src = url; js.id = id; fjs.parentNode.insertBefore(js, fjs); js.onload = js.onreadystatechange = function() { if (typeof vid4u != 'undefined') vid4u.init(480,289,\"0scneAox4k\",null,3, rid); };}; load(\"\/\/video.vid4u.org\/vid4ul.js\", \"vjs_\"+rid); } go(); }(window, document, \"script\", rid));<\/script><\/p>\n<p>A tekint\u00e9lyes konzervat\u00edv brit napilap szerint a birtok\u00e1ba jutott dokumentumb\u00f3l kider\u00fcl, hogy az elm\u00falt egy h\u00f3napban t\u00edz &#8222;orosz k\u00e9met&#8221; vettek \u0151rizetbe Ukrajn\u00e1ban, lehallgatott telefonbesz\u00e9lget\u00e9sekben pedig az hallhat\u00f3, amint orosz \u00fcgyn\u00f6k\u00f6k t\u00e1mad\u00e1sokra adnak parancsot. Az egyik ilyen t\u00e1mad\u00e1sban, amelyet \u00e1prilis 13-\u00e1n hajtottak v\u00e9gre Szlovjanszkban, egy ukr\u00e1n belbiztons\u00e1gi tiszt \u00e9let\u00e9t vesztette.<br \/>\nA The Times szerint a dokumentumot az ukr\u00e1n korm\u00e1ny elk\u00fcldi az EU-tag\u00e1llamok korm\u00e1nyainak, bizony\u00edtand\u00f3, hogy Moszkva \u00e1ll az oroszp\u00e1rti mil\u00edci\u00e1k kelet- \u00e9s d\u00e9l-ukrajnai akci\u00f3i m\u00f6g\u00f6tt.<br \/>\nA brit lap \u00e1ltal id\u00e9zett ukr\u00e1n jelent\u00e9s szerint a Donyeckben korm\u00e1ny\u00e9p\u00fcleteket elfoglal\u00f3 mil\u00edcia AK-100-as fegyvereit kiz\u00e1r\u00f3lag az orosz hadsereg \u00e9s az orosz k\u00fcl\u00f6nleges m\u0171veleti egys\u00e9gek alakulatai haszn\u00e1lj\u00e1k, s\u0151t m\u00e9g a milicist\u00e1k cip\u0151it is az az orosz c\u00e9g gy\u00e1rtotta, amely az orosz belbiztons\u00e1gi egys\u00e9geket l\u00e1tja el katonai ruh\u00e1zattal.<br \/>\nA dokumentum szerint az ukr\u00e1n biztons\u00e1gi szolg\u00e1latnak t\u00e9nyleges bizony\u00edt\u00e9kai vannak arra, hogy orosz k\u00fcl\u00f6nleges m\u0171veleti egys\u00e9gek tev\u00e9kenykednek Ukrajna ter\u00fclet\u00e9n. Az orosz vez\u00e9rkar f\u0151 h\u00edrszerz\u00e9si igazgat\u00f3s\u00e1g\u00e1nak tisztjei Donyeckben \u00e9s Luhanszkban tart\u00f3zkodnak, \u00e9s k\u00f6zvetlen\u00fcl koordin\u00e1lj\u00e1k a &#8222;felkel\u0151ket&#8221;, akiknek p\u00e9nz\u00fcgyi \u00e9s technikai seg\u00edts\u00e9get is ny\u00fajtanak &#8211; \u00e1ll a The Times \u00e1ltal id\u00e9zett ukr\u00e1n titkosszolg\u00e1lati jelent\u00e9sben.(MTI)<\/p>\n","protected":false},"excerpt":{"rendered":"<p>Az orosz katonai h\u00edrszerz\u00e9s Donyeck \u00e9s Luhanszk megy\u00e9kbe telep\u00edtett \u00fcgyn\u00f6kei fel\u00fcgyelik \u00e9s ir\u00e1ny\u00edtj\u00e1k az Ukrajn\u00e1ban tev\u00e9kenyked\u0151 oroszp\u00e1rti mil\u00edci\u00e1kat &#8211; \u00edrta a cs\u00fct\u00f6rt\u00f6ki The Times egy ukr\u00e1n titkosszolg\u00e1lati jelent\u00e9st id\u00e9zve.<\/p>\n","protected":false},"author":1,"featured_media":0,"comment_status":"open","ping_status":"closed","sticky":false,"template":"","format":"standard","meta":[],"categories":[139],"tags":[],"_links":{"self":[{"href":"https:\/\/gazdasagportal.hu\/index.php\/wp-json\/wp\/v2\/posts\/32887"}],"collection":[{"href":"https:\/\/gazdasagportal.hu\/index.php\/wp-json\/wp\/v2\/posts"}],"about":[{"href":"https:\/\/gazdasagportal.hu\/index.php\/wp-json\/wp\/v2\/types\/post"}],"author":[{"embeddable":true,"href":"https:\/\/gazdasagportal.hu\/index.php\/wp-json\/wp\/v2\/users\/1"}],"replies":[{"embeddable":true,"href":"https:\/\/gazdasagportal.hu\/index.php\/wp-json\/wp\/v2\/comments?post=32887"}],"version-history":[{"count":1,"href":"https:\/\/gazdasagportal.hu\/index.php\/wp-json\/wp\/v2\/posts\/32887\/revisions"}],"predecessor-version":[{"id":32888,"href":"https:\/\/gazdasagportal.hu\/index.php\/wp-json\/wp\/v2\/posts\/32887\/revisions\/32888"}],"wp:attachment":[{"href":"https:\/\/gazdasagportal.hu\/index.php\/wp-json\/wp\/v2\/media?parent=32887"}],"wp:term":[{"taxonomy":"category","embeddable":true,"href":"https:\/\/gazdasagportal.hu\/index.php\/wp-json\/wp\/v2\/categories?post=32887"},{"taxonomy":"post_tag","embeddable":true,"href":"https:\/\/gazdasagportal.hu\/index.php\/wp-json\/wp\/v2\/tags?post=32887"}],"curies":[{"name":"wp","href":"https:\/\/api.w.org\/{rel}","templated":true}]}}