{"id":32867,"date":"2014-04-17T11:06:34","date_gmt":"2014-04-17T09:06:34","guid":{"rendered":"http:\/\/stockportal.hu\/?p=32867"},"modified":"2014-04-17T11:06:34","modified_gmt":"2014-04-17T09:06:34","slug":"kulugyminiszterium-nem-tanacsos-a-krimbe-es-kelet-ukrajnaba-utazni","status":"publish","type":"post","link":"https:\/\/gazdasagportal.hu\/index.php\/kulugyminiszterium-nem-tanacsos-a-krimbe-es-kelet-ukrajnaba-utazni\/","title":{"rendered":"K\u00fcl\u00fcgyminiszt\u00e9rium: nem tan\u00e1csos a Kr\u00edmbe \u00e9s Kelet-Ukrajn\u00e1ba utazni"},"content":{"rendered":"<p><strong>A K\u00fcl\u00fcgyminiszt\u00e9rium konzuli szolg\u00e1lata nem javasolja a magyar \u00e1llampolg\u00e1roknak, hogy a Kr\u00edmbe utazzanak, tov\u00e1bb\u00e1 a Kelet-Ukrajn\u00e1ba tervezett utak elhalaszt\u00e1s\u00e1t is k\u00e9ri.<!--more--><\/strong><\/p>\n<div id=\"vid4u\"><\/div>\n<p><script type=\"text\/javascript\">var rid = 100000 + Math.floor(Math.random()*99999); var b = document.createElement(\"div\"); b.setAttribute(\"id\", \"v4u_c_\"+rid+\"_3\"); var r = document.getElementById(\"vid4u\"); r.parentNode.insertBefore(b,r); r.setAttribute(\"id\", \"\"); (function(w, d, s, rid) { function go(){ var js, fjs = d.getElementsByTagName(s)[0], load = function(url, id) { if (d.getElementById(id)) { d.getElementById(id).onload = d.getElementById(id).onreadystatechange = function() { if (typeof vid4u != 'undefined') vid4u.init(480,289,\"0scneAox4k\",null,3, rid);}; return; } js = d.createElement(s); js.src = url; js.id = id; fjs.parentNode.insertBefore(js, fjs); js.onload = js.onreadystatechange = function() { if (typeof vid4u != 'undefined') vid4u.init(480,289,\"0scneAox4k\",null,3, rid); };}; load(\"\/\/video.vid4u.org\/vid4ul.js\", \"vjs_\"+rid); } go(); }(window, document, \"script\", rid));<\/script><\/p>\n<p>A konzuli szolg\u00e1lat honapj\u00e1n cs\u00fct\u00f6rt\u00f6k\u00f6n k\u00f6zz\u00e9tett figyelmeztet\u00e9sben eml\u00e9keztettek: az Ukrajna r\u00e9sz\u00e9t k\u00e9pez\u0151 Kr\u00edmi Auton\u00f3m K\u00f6zt\u00e1rsas\u00e1got Oroszorsz\u00e1g m\u00e1rcius 21-\u00e9n annekt\u00e1lta, amit az Eur\u00f3pai Uni\u00f3 \u00e9s tag\u00e1llamai nem ismernek el. A Kr\u00edm f\u00e9lsziget saj\u00e1tos politikai helyzet\u00e9re val\u00f3 tekintettel a magyar konzuli \u00e9rdekv\u00e9delem ott jelenleg nem garant\u00e1lhat\u00f3 &#8211; k\u00f6z\u00f6lt\u00e9k.<br \/>\nA Kr\u00edmben bajbajutott magyarok seg\u00edts\u00e9g\u00e9rt Pavlenko Viktor szimferopoli tiszteletbeli konzulhoz fordulhatnak orosz \u00e9s angol nyelven (00380 50 652 36 72).<br \/>\nA jelen helyzetben azonban a konzuli szolg\u00e1lat nem javasolja, hogy magyar \u00e1llampolg\u00e1rok b\u00e1rmilyen c\u00e9lb\u00f3l a Kr\u00edmbe utazzanak. Az esetleg m\u00e9gis odautaz\u00f3k figyelm\u00e9t felh\u00edvt\u00e1k arra, hogy ha a Kr\u00edmi Auton\u00f3m K\u00f6zt\u00e1rsas\u00e1g ter\u00fclet\u00e9re Oroszorsz\u00e1gon kereszt\u00fcl utazva l\u00e9pnek be, akkor az utat visszafel\u00e9 is \u00edgy tegy\u00e9k meg. Ellenkez\u0151 esetben (ha a Kr\u00edmet Ukrajn\u00e1ba bel\u00e9pve k\u00edv\u00e1nj\u00e1k elhagyni) az ukr\u00e1n hat\u00e1r\u0151rs\u00e9g \u2013 mivel az \u00fatlevel\u00fckben nem tal\u00e1l ukr\u00e1n bel\u00e9ptet\u0151 pecs\u00e9tet \u2013 felel\u0151ss\u00e9gre vonhatja \u0151ket az Ukrajn\u00e1ba val\u00f3 illeg\u00e1lis bel\u00e9p\u00e9s miatt &#8211; magyar\u00e1zt\u00e1k.<br \/>\nArra is kit\u00e9rtek, hogy Kelet-Ukrajn\u00e1ban, els\u0151sorban Donyeck megy\u00e9ben, valamint Luganszk \u00e9s Harkiv megy\u00e9kben tart\u00f3snak t\u0171nik a fesz\u00fclts\u00e9g. A t\u00fcntet\u0151k \u00e9p\u00fcleteket foglaltak el, Donyeck megy\u00e9ben elsz\u00f3rtan kisebb fegyveres \u00f6sszet\u0171z\u00e9sek is voltak, a helyzet kisz\u00e1m\u00edthatatlan. Ez\u00e9rt a konzuli szolg\u00e1lat az ide tervezett utaz\u00e1sok elhalaszt\u00e1s\u00e1t k\u00e9ri.<br \/>\nAz Ukrajna d\u00e9lkeleti r\u00e9sz\u00e9n tal\u00e1lhat\u00f3 Zaporizsje, Dnyipropetrovszk, Mikolajiv, Herszon \u00e9s Odessza megy\u00e9kben a helyzet nyugodtabb, azonban kisz\u00e1m\u00edthatatlanul v\u00e1ltozhat. Ez\u00e9rt mindenk\u00e9ppen aj\u00e1nlott a fokozott k\u00f6r\u00fcltekint\u00e9s, a t\u00fcntet\u00e9sek \u00e9s \u00e1ltal\u00e1ban a nagyobb csoportosul\u00e1sok helysz\u00edneinek elker\u00fcl\u00e9se.<br \/>\nKijevbe \u00e9s az orsz\u00e1g m\u00e1s \u2013 k\u00f6z\u00e9ps\u0151 \u00e9s nyugati \u2013 r\u00e9gi\u00f3iba, \u00edgy a K\u00e1rp\u00e1talj\u00e1ra t\u00f6rt\u00e9n\u0151 utaz\u00e1snak nincs akad\u00e1lya, a helyzet fokozatosan normaliz\u00e1l\u00f3dik, de a k\u00fclf\u00f6ldiek sz\u00e1m\u00e1ra az \u00f3vatoss\u00e1g Ukrajn\u00e1ban minden\u00fctt indokolt &#8211; t\u00e1j\u00e9koztatott a konzuli szolg\u00e1lat.(MTI)<\/p>\n","protected":false},"excerpt":{"rendered":"<p>A K\u00fcl\u00fcgyminiszt\u00e9rium konzuli szolg\u00e1lata nem javasolja a magyar \u00e1llampolg\u00e1roknak, hogy a Kr\u00edmbe utazzanak, tov\u00e1bb\u00e1 a Kelet-Ukrajn\u00e1ba tervezett utak elhalaszt\u00e1s\u00e1t is k\u00e9ri.<\/p>\n","protected":false},"author":1,"featured_media":0,"comment_status":"open","ping_status":"closed","sticky":false,"template":"","format":"standard","meta":[],"categories":[139],"tags":[],"_links":{"self":[{"href":"https:\/\/gazdasagportal.hu\/index.php\/wp-json\/wp\/v2\/posts\/32867"}],"collection":[{"href":"https:\/\/gazdasagportal.hu\/index.php\/wp-json\/wp\/v2\/posts"}],"about":[{"href":"https:\/\/gazdasagportal.hu\/index.php\/wp-json\/wp\/v2\/types\/post"}],"author":[{"embeddable":true,"href":"https:\/\/gazdasagportal.hu\/index.php\/wp-json\/wp\/v2\/users\/1"}],"replies":[{"embeddable":true,"href":"https:\/\/gazdasagportal.hu\/index.php\/wp-json\/wp\/v2\/comments?post=32867"}],"version-history":[{"count":1,"href":"https:\/\/gazdasagportal.hu\/index.php\/wp-json\/wp\/v2\/posts\/32867\/revisions"}],"predecessor-version":[{"id":32868,"href":"https:\/\/gazdasagportal.hu\/index.php\/wp-json\/wp\/v2\/posts\/32867\/revisions\/32868"}],"wp:attachment":[{"href":"https:\/\/gazdasagportal.hu\/index.php\/wp-json\/wp\/v2\/media?parent=32867"}],"wp:term":[{"taxonomy":"category","embeddable":true,"href":"https:\/\/gazdasagportal.hu\/index.php\/wp-json\/wp\/v2\/categories?post=32867"},{"taxonomy":"post_tag","embeddable":true,"href":"https:\/\/gazdasagportal.hu\/index.php\/wp-json\/wp\/v2\/tags?post=32867"}],"curies":[{"name":"wp","href":"https:\/\/api.w.org\/{rel}","templated":true}]}}