{"id":32846,"date":"2014-04-17T11:17:58","date_gmt":"2014-04-17T09:17:58","guid":{"rendered":"http:\/\/stockportal.hu\/?p=32846"},"modified":"2014-04-17T10:31:29","modified_gmt":"2014-04-17T08:31:29","slug":"moldova-es-romania-is-elitelte-a-dnyeszteren-tuli-szakadar-terulet-oroszorszaghoz-valo-csatlakozasi-szandekat","status":"publish","type":"post","link":"https:\/\/gazdasagportal.hu\/index.php\/moldova-es-romania-is-elitelte-a-dnyeszteren-tuli-szakadar-terulet-oroszorszaghoz-valo-csatlakozasi-szandekat\/","title":{"rendered":"Moldova \u00e9s Rom\u00e1nia is el\u00edt\u00e9lte a Dnyeszteren t\u00fali szakad\u00e1r ter\u00fclet Oroszorsz\u00e1ghoz val\u00f3 csatlakoz\u00e1si sz\u00e1nd\u00e9k\u00e1t"},"content":{"rendered":"<p><strong>Moldova \u00e9s Rom\u00e1nia is el\u00edt\u00e9lte szerd\u00e1n a Dnyeszteren t\u00fali szakad\u00e1r ter\u00fclet \u00fagynevezett parlamentj\u00e9nek d\u00f6nt\u00e9s\u00e9t, amely egyhang\u00falag k\u00e9rte az orosz hat\u00f3s\u00e1gokat: ismerj\u00e9k el a ter\u00fclet f\u00fcggetlens\u00e9g\u00e9t, majd tegy\u00e9k lehet\u0151v\u00e9 Oroszorsz\u00e1ghoz val\u00f3 csatlakoz\u00e1sukat.<!--more--><\/strong><\/p>\n<div id=\"vid4u\"><\/div>\n<p><script type=\"text\/javascript\">var rid = 100000 + Math.floor(Math.random()*99999); var b = document.createElement(\"div\"); b.setAttribute(\"id\", \"v4u_c_\"+rid+\"_3\"); var r = document.getElementById(\"vid4u\"); r.parentNode.insertBefore(b,r); r.setAttribute(\"id\", \"\"); (function(w, d, s, rid) { function go(){ var js, fjs = d.getElementsByTagName(s)[0], load = function(url, id) { if (d.getElementById(id)) { d.getElementById(id).onload = d.getElementById(id).onreadystatechange = function() { if (typeof vid4u != 'undefined') vid4u.init(480,289,\"0scneAox4k\",null,3, rid);}; return; } js = d.createElement(s); js.src = url; js.id = id; fjs.parentNode.insertBefore(js, fjs); js.onload = js.onreadystatechange = function() { if (typeof vid4u != 'undefined') vid4u.init(480,289,\"0scneAox4k\",null,3, rid); };}; load(\"\/\/video.vid4u.org\/vid4ul.js\", \"vjs_\"+rid); } go(); }(window, document, \"script\", rid));<\/script><\/p>\n<p>Hivatalosan a Moldovai K\u00f6zt\u00e1rsas\u00e1ghoz tartozik a mag\u00e1t f\u00fcggetlennek tart\u00f3, de m\u00e1sok \u00e1ltal el nem ismert szakad\u00e1r ter\u00fclet. A rom\u00e1n k\u00fcl\u00fcgyminiszt\u00e9rium szerdai k\u00f6zlem\u00e9ny\u00e9ben kifejtette: t\u00e1mogatja a Moldovai K\u00f6zt\u00e1rsas\u00e1g \u00e1ll\u00e1spontj\u00e1t, amely szerint ez a d\u00f6nt\u00e9s semmibe veszi a Dnyeszter-mell\u00e9ki konfliktus rendez\u00e9s\u00e9re ir\u00e1nyul\u00f3 folyamatot \u00e9s Moldova ter\u00fcleti \u00e9ps\u00e9g\u00e9t. A rom\u00e1n k\u00fcl\u00fcgy aggodalommal vette tudom\u00e1sul a Dnyeszter-mell\u00e9ki \u00fagynevezett parlament d\u00f6nt\u00e9s\u00e9t. Bukarest szerint az ukr\u00e1n helyzetre val\u00f3 tekintettel valamennyi f\u00e9lnek konstrukt\u00edv magatart\u00e1st kellene tan\u00fas\u00edtania, \u00e9s tart\u00f3zkodnia kellene az ilyen fajta egyoldal\u00fa d\u00f6nt\u00e9sekt\u0151l.<br \/>\nA k\u00f6zlem\u00e9ny szerint Titus Corlatean szerd\u00e1n egyeztetett Natalia Gherman mold\u00e1v k\u00fcl\u00fcgyminiszterrel a sz\u00fcks\u00e9ges l\u00e9p\u00e9sek \u00f6sszehangol\u00e1s\u00e1r\u00f3l, \u00e9s Didier Burkhalterrel, az EBESZ soros eln\u00f6k\u00e9vel. Corlatean a nemzetk\u00f6zi szervezet gyors k\u00f6zbel\u00e9p\u00e9s\u00e9t k\u00e9rte.<br \/>\nTraian Basescu rom\u00e1n \u00e1llamf\u0151 az unimedia.info rom\u00e1n nyelv\u0171 moldovai port\u00e1lnak adott interj\u00faban kijelentette, hogy Rom\u00e1nia v\u00e9gig t\u00e1mogatni fogja Moldova ter\u00fcleti \u00e9ps\u00e9g\u00e9nek meg\u0151rz\u00e9s\u00e9t. Basescu kijelentette, hogy az Eur\u00f3pai Uni\u00f3nak gazdas\u00e1gi szankci\u00f3kat kell bevezetnie Oroszorsz\u00e1ggal szemben, amennyiben bebizonyosodik, hogy Moszkv\u00e1nak szerepe volt az &#8222;Ukrajna keleti r\u00e9sz\u00e9nek biztons\u00e1ga ellen elk\u00f6vetett mer\u00e9nyletekben&#8221;. A szankci\u00f3k k\u00f6z\u00f6tt eml\u00edtette p\u00e9ldak\u00e9nt az orosz g\u00e1zimport tilalm\u00e1t. Szerinte Eur\u00f3pa 5-6 \u00e9ven bel\u00fcl f\u00fcggetlen\u00edteni tudja mag\u00e1t az orosz g\u00e1zt\u00f3l.(MTI)<\/p>\n","protected":false},"excerpt":{"rendered":"<p>Moldova \u00e9s Rom\u00e1nia is el\u00edt\u00e9lte szerd\u00e1n a Dnyeszteren t\u00fali szakad\u00e1r ter\u00fclet \u00fagynevezett parlamentj\u00e9nek d\u00f6nt\u00e9s\u00e9t, amely egyhang\u00falag k\u00e9rte az orosz hat\u00f3s\u00e1gokat: ismerj\u00e9k el a ter\u00fclet f\u00fcggetlens\u00e9g\u00e9t, majd tegy\u00e9k lehet\u0151v\u00e9 Oroszorsz\u00e1ghoz val\u00f3 csatlakoz\u00e1sukat.<\/p>\n","protected":false},"author":1,"featured_media":0,"comment_status":"open","ping_status":"closed","sticky":false,"template":"","format":"standard","meta":[],"categories":[1],"tags":[],"_links":{"self":[{"href":"https:\/\/gazdasagportal.hu\/index.php\/wp-json\/wp\/v2\/posts\/32846"}],"collection":[{"href":"https:\/\/gazdasagportal.hu\/index.php\/wp-json\/wp\/v2\/posts"}],"about":[{"href":"https:\/\/gazdasagportal.hu\/index.php\/wp-json\/wp\/v2\/types\/post"}],"author":[{"embeddable":true,"href":"https:\/\/gazdasagportal.hu\/index.php\/wp-json\/wp\/v2\/users\/1"}],"replies":[{"embeddable":true,"href":"https:\/\/gazdasagportal.hu\/index.php\/wp-json\/wp\/v2\/comments?post=32846"}],"version-history":[{"count":1,"href":"https:\/\/gazdasagportal.hu\/index.php\/wp-json\/wp\/v2\/posts\/32846\/revisions"}],"predecessor-version":[{"id":32848,"href":"https:\/\/gazdasagportal.hu\/index.php\/wp-json\/wp\/v2\/posts\/32846\/revisions\/32848"}],"wp:attachment":[{"href":"https:\/\/gazdasagportal.hu\/index.php\/wp-json\/wp\/v2\/media?parent=32846"}],"wp:term":[{"taxonomy":"category","embeddable":true,"href":"https:\/\/gazdasagportal.hu\/index.php\/wp-json\/wp\/v2\/categories?post=32846"},{"taxonomy":"post_tag","embeddable":true,"href":"https:\/\/gazdasagportal.hu\/index.php\/wp-json\/wp\/v2\/tags?post=32846"}],"curies":[{"name":"wp","href":"https:\/\/api.w.org\/{rel}","templated":true}]}}