{"id":32784,"date":"2014-04-16T16:09:30","date_gmt":"2014-04-16T14:09:30","guid":{"rendered":"http:\/\/stockportal.hu\/?p=32784"},"modified":"2014-04-16T16:09:30","modified_gmt":"2014-04-16T14:09:30","slug":"a-deficitcsokkentes-erdekeben-befagyasztjak-a-francia-szocialis-juttatasokat","status":"publish","type":"post","link":"https:\/\/gazdasagportal.hu\/index.php\/a-deficitcsokkentes-erdekeben-befagyasztjak-a-francia-szocialis-juttatasokat\/","title":{"rendered":"A deficitcs\u00f6kkent\u00e9s \u00e9rdek\u00e9ben befagyasztj\u00e1k a francia szoci\u00e1lis juttat\u00e1sokat"},"content":{"rendered":"<p><strong>A francia korm\u00e1ny a 2015 \u00e9s 2017 k\u00f6z\u00f6tti id\u0151szakban 50 milli\u00e1rd eur\u00f3t (15,5 ezer milli\u00e1rd forintot) takar\u00edt meg, az int\u00e9zked\u00e9s r\u00e9szenk\u00e9nt befagyasztj\u00e1k a szoci\u00e1lis juttat\u00e1sok \u00f6sszeg\u00e9t \u00e9s a k\u00f6zszf\u00e9r\u00e1ban dolgoz\u00f3k b\u00e9r\u00e9nek kor\u00e1bbi befagyaszt\u00e1sa is \u00e9rv\u00e9nyben marad &#8211; jelentette be szerd\u00e1n Manuel Valls minisztereln\u00f6k.<!--more--><\/strong><\/p>\n<div id=\"vid4u\"><\/div>\n<p><script type=\"text\/javascript\">var rid = 100000 + Math.floor(Math.random()*99999); var b = document.createElement(\"div\"); b.setAttribute(\"id\", \"v4u_c_\"+rid+\"_3\"); var r = document.getElementById(\"vid4u\"); r.parentNode.insertBefore(b,r); r.setAttribute(\"id\", \"\"); (function(w, d, s, rid) { function go(){ var js, fjs = d.getElementsByTagName(s)[0], load = function(url, id) { if (d.getElementById(id)) { d.getElementById(id).onload = d.getElementById(id).onreadystatechange = function() { if (typeof vid4u != 'undefined') vid4u.init(480,289,\"0scneAox4k\",null,3, rid);}; return; } js = d.createElement(s); js.src = url; js.id = id; fjs.parentNode.insertBefore(js, fjs); js.onload = js.onreadystatechange = function() { if (typeof vid4u != 'undefined') vid4u.init(480,289,\"0scneAox4k\",null,3, rid); };}; load(\"\/\/video.vid4u.org\/vid4ul.js\", \"vjs_\"+rid); } go(); }(window, document, \"script\", rid));<\/script><\/p>\n<p>A korm\u00e1ny\u00fcl\u00e9st k\u00f6vet\u0151 sajt\u00f3t\u00e1j\u00e9koztat\u00f3n a kor\u00e1bban m\u00e1r bejelentett 50 milli\u00e1rd eur\u00f3s megtakar\u00edt\u00e1sr\u00f3l a minisztereln\u00f6k elmondta, hogy abb\u00f3l 18 milli\u00e1rd eur\u00f3t az \u00e1llami, 11 milli\u00e1rd eur\u00f3t az \u00f6nkorm\u00e1nyzati, 10 milli\u00e1rd eur\u00f3t az eg\u00e9szs\u00e9g\u00fcgyi kiad\u00e1sok \u00e9s 11 milli\u00e1rdot a t\u00e1rsadalombiztos\u00edt\u00e1s egy\u00e9b k\u00f6lts\u00e9geib\u0151l tart vissza az \u00e1llam.<br \/>\n&#8222;Nincs sz\u00f3 arr\u00f3l, hogy cs\u00f6kkennek a szoci\u00e1lis kiad\u00e1sok. De a kiv\u00e9teles helyzetben, amelyben vagyunk, nem fogjuk az \u00f6sszegeket 2015 okt\u00f3ber\u00e9ig emelni&#8221; &#8211; hangs\u00falyozta a korm\u00e1nyf\u0151.<br \/>\nA befagyaszt\u00e1s a nyugd\u00edjakra is vonatkozik, \u00e9s elk\u00e9pzelhet\u0151, hogy a kieg\u00e9sz\u00edt\u0151 nyugd\u00edjakat is \u00e9rinti majd, amelyek a szoci\u00e1lis partnerekt\u0151l f\u00fcggnek. Az \u00e1tmeneti int\u00e9zked\u00e9sek viszont a legszer\u00e9nyebb nyugd\u00edjakra nem vonatkoznak.<br \/>\nA minisztereln\u00f6k jelezte, hogy m\u00e1s szoci\u00e1lis juttat\u00e1sokat is befagyasztanak 2015 okt\u00f3berig, az al\u00f3l csak a minim\u00e1lis juttat\u00e1sok, a munkan\u00e9lk\u00fcli seg\u00e9ly lej\u00e1rta ut\u00e1n j\u00e1r\u00f3 fix \u00f6sszeg\u0171 seg\u00e9ly \u00e9s a rokkantnyugd\u00edj jelentenek kiv\u00e9telt, amelyek az infl\u00e1ci\u00f3nak megfelel\u0151en fognak emelkedni.<br \/>\nA megtakar\u00edt\u00e1s c\u00e9lja Franciaorsz\u00e1g \u00e1llamh\u00e1ztart\u00e1si hi\u00e1ny\u00e1nak cs\u00f6kkent\u00e9se az Eur\u00f3pai Bizotts\u00e1gnak tett k\u00f6telezetts\u00e9gv\u00e1llal\u00e1sok f\u00fcggv\u00e9ny\u00e9ben \u00e9s a munk\u00e1ra rakod\u00f3 j\u00e1rul\u00e9kcs\u00f6kken\u00e9s miatti ad\u00f3bev\u00e9tel-kies\u00e9sek kompenz\u00e1l\u00e1sa. Ez ut\u00f3bbit Francois Hollande k\u00f6zt\u00e1rsas\u00e1gi eln\u00f6k \u00e1ltal janu\u00e1r 14-\u00e9n meghirdetetett \u00fagynevezett szolidarit\u00e1si \u00e9s felel\u0151ss\u00e9gi paktum keret\u00e9ben hajtja v\u00e9gre a korm\u00e1ny, amelynek c\u00e9lja a beruh\u00e1z\u00e1sok \u00f6szt\u00f6nz\u00e9se \u00e9s a foglalkoztat\u00e1s jav\u00edt\u00e1sa.<br \/>\nManuel Valls elmondta, hogy a k\u00f6zoktat\u00e1sban, a rend\u0151rs\u00e9gn\u00e9l, az igazs\u00e1gszolg\u00e1ltat\u00e1sn\u00e1l \u00e9s a b\u00fcntet\u00e9s-v\u00e9grehajt\u00e1sn\u00e1l folytat\u00f3dik az \u00faj munkahelyek l\u00e9trehoz\u00e1sa. M\u00e1s \u00e1llami int\u00e9zm\u00e9nyekn\u00e9l viszont a racionaliz\u00e1l\u00e1s miatt cs\u00f6kkenni fog a l\u00e9tsz\u00e1m, \u00e9s a 2010-ben befagyasztott b\u00e9rek tov\u00e1bbra sem emelkednek.<br \/>\nA kompenz\u00e1l\u00e1sra a korm\u00e1ny a legszer\u00e9nyebb ad\u00f3fizet\u0151k sz\u00e1m\u00e1ra m\u00e9g j\u00fanius el\u0151tt egy &#8222;int\u00e9zked\u00e9st&#8221; vezet be, de annak r\u00e9szleteit nem ismertette a minisztereln\u00f6k. Arra is eml\u00e9keztetett, hogy a legalacsonyabb kereset\u0171ek szoci\u00e1lis j\u00e1rul\u00e9kai 2015 janu\u00e1r 1-\u00e9n cs\u00f6kkenni fognak. A minim\u00e1lb\u00e9r j\u00e1rul\u00e9kmentess\u00e9g\u00e9t annak \u00e9rdek\u00e9ben, hogy a v\u00e1llalatok fel tudjanak l\u00e9legezni \u00e9s \u00faj munkahelyeket hozzanak l\u00e9tre, a m\u00falt h\u00e9ten a nemzetgy\u0171l\u00e9sben elmondott korm\u00e1nyprogramj\u00e1ban jelentette be Manuel Valls.<br \/>\n&#8222;M\u00e9g t\u00f6bb munkahely, ez a priorit\u00e1s&#8221; &#8211; fogalmazott a korm\u00e1nyf\u0151. Franciaorsz\u00e1gban 10 sz\u00e1zal\u00e9k k\u00f6r\u00fcli a munkan\u00e9lk\u00fclis\u00e9g.<br \/>\n&#8222;A deficitcs\u00f6kkent\u00e9s ahhoz kell, hogy mozg\u00e1steret tal\u00e1ljunk a befektet\u00e9sekhez, a j\u00f6v\u0151 \u00e9p\u00edt\u00e9s\u00e9hez \u00e9s hogy biztos\u00edtani tudjuk a szoci\u00e1lis modell\u00fcnk \u00e9s a k\u00f6zszolg\u00e1ltat\u00e1saink fenntarthat\u00f3s\u00e1g\u00e1t&#8221; &#8211; hangs\u00falyozta a minisztereln\u00f6k.<br \/>\nA k\u00f6lts\u00e9gvet\u00e9si programot Valls \u00e1prilis 23-\u00e1n terjeszti a korm\u00e1ny\u00fcl\u00e9s el\u00e9, arr\u00f3l \u00e1prilis 30-\u00e1n szavaz a parlament, miel\u0151tt Br\u00fcsszelben is bemutatja a korm\u00e1nyf\u0151.(MTI)<\/p>\n","protected":false},"excerpt":{"rendered":"<p>A francia korm\u00e1ny a 2015 \u00e9s 2017 k\u00f6z\u00f6tti id\u0151szakban 50 milli\u00e1rd eur\u00f3t (15,5 ezer milli\u00e1rd forintot) takar\u00edt meg, az int\u00e9zked\u00e9s r\u00e9szenk\u00e9nt befagyasztj\u00e1k a szoci\u00e1lis juttat\u00e1sok \u00f6sszeg\u00e9t \u00e9s a k\u00f6zszf\u00e9r\u00e1ban dolgoz\u00f3k b\u00e9r\u00e9nek kor\u00e1bbi befagyaszt\u00e1sa is \u00e9rv\u00e9nyben marad &#8211; jelentette be szerd\u00e1n Manuel Valls minisztereln\u00f6k.<\/p>\n","protected":false},"author":1,"featured_media":0,"comment_status":"open","ping_status":"closed","sticky":false,"template":"","format":"standard","meta":[],"categories":[12],"tags":[],"_links":{"self":[{"href":"https:\/\/gazdasagportal.hu\/index.php\/wp-json\/wp\/v2\/posts\/32784"}],"collection":[{"href":"https:\/\/gazdasagportal.hu\/index.php\/wp-json\/wp\/v2\/posts"}],"about":[{"href":"https:\/\/gazdasagportal.hu\/index.php\/wp-json\/wp\/v2\/types\/post"}],"author":[{"embeddable":true,"href":"https:\/\/gazdasagportal.hu\/index.php\/wp-json\/wp\/v2\/users\/1"}],"replies":[{"embeddable":true,"href":"https:\/\/gazdasagportal.hu\/index.php\/wp-json\/wp\/v2\/comments?post=32784"}],"version-history":[{"count":1,"href":"https:\/\/gazdasagportal.hu\/index.php\/wp-json\/wp\/v2\/posts\/32784\/revisions"}],"predecessor-version":[{"id":32789,"href":"https:\/\/gazdasagportal.hu\/index.php\/wp-json\/wp\/v2\/posts\/32784\/revisions\/32789"}],"wp:attachment":[{"href":"https:\/\/gazdasagportal.hu\/index.php\/wp-json\/wp\/v2\/media?parent=32784"}],"wp:term":[{"taxonomy":"category","embeddable":true,"href":"https:\/\/gazdasagportal.hu\/index.php\/wp-json\/wp\/v2\/categories?post=32784"},{"taxonomy":"post_tag","embeddable":true,"href":"https:\/\/gazdasagportal.hu\/index.php\/wp-json\/wp\/v2\/tags?post=32784"}],"curies":[{"name":"wp","href":"https:\/\/api.w.org\/{rel}","templated":true}]}}