{"id":32770,"date":"2014-04-16T14:31:48","date_gmt":"2014-04-16T12:31:48","guid":{"rendered":"http:\/\/stockportal.hu\/?p=32770"},"modified":"2014-04-16T16:43:38","modified_gmt":"2014-04-16T14:43:38","slug":"kulfoldi-sajto-magyarorszagrol-die-welt-der-standard-liberation","status":"publish","type":"post","link":"https:\/\/gazdasagportal.hu\/index.php\/kulfoldi-sajto-magyarorszagrol-die-welt-der-standard-liberation\/","title":{"rendered":"K\u00fclf\u00f6ldi sajt\u00f3 Magyarorsz\u00e1gr\u00f3l: Die Welt, Der Standard, Lib\u00e9ration"},"content":{"rendered":"<p><strong>A Die Welt a v\u00e1laszt\u00e1sokr\u00f3l, a Der Standard a volt szocialista \u00e1llamok t\u00f6rt\u00e9nelemszeml\u00e9let\u00e9r\u0151l, a Liberation pedig a szabads\u00e1g t\u00e9rre tervezett eml\u00e9km\u0171r\u0151l k\u00f6z\u00f6lt cikket.<!--more--><\/strong><\/p>\n<div id=\"vid4u\"><\/div>\n<p><script type=\"text\/javascript\">var rid = 100000 + Math.floor(Math.random()*99999); var b = document.createElement(\"div\"); b.setAttribute(\"id\", \"v4u_c_\"+rid+\"_3\"); var r = document.getElementById(\"vid4u\"); r.parentNode.insertBefore(b,r); r.setAttribute(\"id\", \"\"); (function(w, d, s, rid) { function go(){ var js, fjs = d.getElementsByTagName(s)[0], load = function(url, id) { if (d.getElementById(id)) { d.getElementById(id).onload = d.getElementById(id).onreadystatechange = function() { if (typeof vid4u != 'undefined') vid4u.init(480,289,\"0scneAox4k\",null,3, rid);}; return; } js = d.createElement(s); js.src = url; js.id = id; fjs.parentNode.insertBefore(js, fjs); js.onload = js.onreadystatechange = function() { if (typeof vid4u != 'undefined') vid4u.init(480,289,\"0scneAox4k\",null,3, rid); };}; load(\"\/\/video.vid4u.org\/vid4ul.js\", \"vjs_\"+rid); } go(); }(window, document, \"script\", rid));<\/script><\/p>\n<p>A Die Welt c\u00edm\u0171 n\u00e9met konzervat\u00edv lap Zilahy P\u00e9ter magyar \u00edr\u00f3t\u00f3l k\u00f6z\u00f6lt cikket a v\u00e1laszt\u00e1sokr\u00f3l. A szerz\u0151 Magyarorsz\u00e1g abszurd c\u00edm\u0171 \u00edr\u00e1s\u00e1ban kiemelte, hogy az ut\u00f3bbi n\u00e9gy \u00e9vben &#8222;Orb\u00e1n \u00e9s p\u00e1rtja olyan h\u00e1l\u00f3zatot \u00e9s gazdas\u00e1gi hatalmat \u00e9p\u00edtett fel, amelyet m\u00e1r nem lehet megrend\u00edteni&#8221;. A Fidesz az orsz\u00e1got n\u00e9gy \u00e9vig ellenz\u00e9k n\u00e9lk\u00fcl korm\u00e1nyozta, \u00e9s az ellenz\u00e9k szerep\u00e9t &#8222;az EU vette \u00e1t&#8221; &#8211; tette hozz\u00e1.<br \/>\nHangs\u00falyozta: k\u00e9ts\u00e9gtelen, hogy Orb\u00e1n Viktor az egyik legtehets\u00e9gesebb mai magyar politikus, \u00e9s sokat tett a magyar demokr\u00e1cia fejl\u0151d\u00e9s\u00e9\u00e9rt, ami az uni\u00f3s csatlakoz\u00e1shoz vezetett. Ugyanakkor annyira \u00f6sszpontos\u00edtotta a hatalmat, mint senki m\u00e1s el\u0151tte, \u00e9s a &#8222;helyzeteket autoriter m\u00f3don kezeli&#8221; &#8211; tette hozz\u00e1, megjegyezve, hogy &#8222;Orb\u00e1n rezsimje nem b\u00e1tor\u00edt kritikai gondolkod\u00e1sra \u00e9s a h\u0171s\u00e9get minden \u00e9rdem f\u00f6l\u00e9 helyezi&#8221;.<br \/>\n<strong><a title=\"Hely megnyit\u00e1sa\" href=\"http:\/\/www.welt.de\/kultur\/article126997268\/Der-Praesident-der-den-Ball-nicht-abgeben-kann.html\" target=\"_blank\" rel=\"noopener\">http:\/\/www.welt.de\/kultur\/article126997268\/Der-Praesident-der-den-Ball-nicht-abgeben-kann.html<\/a><\/strong><br \/>\n&nbsp;<br \/>\nA Der Standard c\u00edm\u0171 osztr\u00e1k liber\u00e1lis napilap az EU volt szocialista tag\u00e1llamaiban m\u0171k\u00f6d\u0151, \u00e1llamilag finansz\u00edrozott eml\u00e9km\u00fazeumokkal foglalkozik.<br \/>\nLjiljana Radonic politol\u00f3gus, aki azt kutatja, hogy hogyan jelenik meg a m\u00e1sodik vil\u00e1gh\u00e1bor\u00fa a volt szocialista \u00e1llamok t\u00f6rt\u00e9nelemszeml\u00e9let\u00e9ben, a m\u00falttal val\u00f3 szemben\u00e9z\u00e9s k\u00e9t fajt\u00e1j\u00e1r\u00f3l besz\u00e9l. Az egyik az &#8222;eur\u00f3pai norm\u00e1kat&#8221; figyelembe v\u00e9ve foglalkozik a m\u00falttal &#8211; ilyen p\u00e9ld\u00e1ul a washingtoni Holokauszt M\u00fazeum vagy a budapesti Holokauszt Eml\u00e9kk\u00f6zpont.<br \/>\nA m\u00e1sik ir\u00e1nyzat viszont jelk\u00e9pes egyenl\u0151s\u00e9gjelet tesz a nemzetiszocializmus \u00e9s a kommunizmus k\u00f6z\u00e9, hogy azut\u00e1n a szovjet megsz\u00e1ll\u00e1s alatti szenved\u00e9seket jobban el\u0151t\u00e9rbe helyezze. A napilap szerint p\u00e9ld\u00e1ul a vilniusi N\u00e9pirt\u00e1sok \u00c1ldozatainak Eml\u00e9km\u00fazeuma kiz\u00e1r\u00f3lag a k\u00e9t szovjet megsz\u00e1ll\u00e1ssal foglalkozik, mik\u00f6zben a holokauszt \u00e9s Litv\u00e1nia n\u00e1ci megsz\u00e1ll\u00e1sa teljesen hi\u00e1nyzik anyag\u00e1b\u00f3l. Ehhez a csoporthoz tartozik a cikk szerint a budapesti Terror H\u00e1za is, amely csak k\u00e9t \u00e9s f\u00e9l termet szentel a nemzetiszocialista, m\u00edg h\u00faszat a kommunista b\u0171n\u00f6knek. &#8222;A Terror H\u00e1za j\u00f3l p\u00e9ld\u00e1zza a mai Magyarorsz\u00e1g vagy m\u00e9g ink\u00e1bb a Fidesz-korm\u00e1ny revizionista \u00e9s nacionalista narrat\u00edv\u00e1j\u00e1t&#8221; &#8211; v\u00e9li a politol\u00f3gus, aki szerint ez a tendencia a v\u00e1laszt\u00e1sok ut\u00e1n csak tov\u00e1bb fog er\u0151s\u00f6dni.<br \/>\n<strong><a title=\"Hely megnyit\u00e1sa\" href=\"http:\/\/derstandard.at\/1397520720234\/Zwischen-Revisionismus-und-Europaeisierung\" target=\"_blank\" rel=\"noopener\">http:\/\/derstandard.at\/1397520720234\/Zwischen-Revisionismus-und-Europaeisierung<\/a><\/strong><br \/>\n&nbsp;<br \/>\nA Liberation Orb\u00e1n er\u0151szakolja a n\u00e1ci megsz\u00e1ll\u00e1s vitatott eml\u00e9km\u0171v\u00e9t c\u00edmmel k\u00f6z\u00f6lt budapesti tud\u00f3s\u00edt\u00e1st.<br \/>\nA francia baloldali lap szerint a berlini fal hangulat\u00e1t id\u00e9zi a Szabads\u00e1g t\u00e9r, ahol egy hete t\u00fcntet\u0151k minden nap lebontj\u00e1k a kordont, &#8222;amely m\u00f6g\u00f6tt Orb\u00e1n Viktor egy vitatott eml\u00e9km\u0171vet \u00e9p\u00edttet&#8221;, majd azt a munk\u00e1sok minden reggel \u00fajra\u00e9p\u00edtik.<br \/>\nA cikk szerz\u0151je kiemeli, a korm\u00e1ny a m\u00e1sodik vil\u00e1gh\u00e1bor\u00fa valamennyi \u00e1ldozat\u00e1ra k\u00edv\u00e1n eml\u00e9kezni az eml\u00e9km\u0171vel, amelynek ellenz\u0151i szerint viszont az \u00e9p\u00edtm\u00e9ny kiv\u00e1l\u00f3an illusztr\u00e1lja a sz\u00e9ls\u0151jobboldal \u00e9s jobboldal \u00e1ll\u00e1spontj\u00e1t arr\u00f3l, hogy a &#8222;Magyarorsz\u00e1gra 1944-ben \u00e9rkezett&#8221; n\u00e9meteket terheli egyed\u00fcl a felel\u0151ss\u00e9g a t\u00f6bb mint 500 ezer zsid\u00f3 elpuszt\u00edt\u00e1s\u00e1\u00e9rt \u00e9s sok nem zsid\u00f3 magyar hal\u00e1l\u00e1\u00e9rt.<br \/>\n<strong><a title=\"Hely megnyit\u00e1sa\" href=\"http:\/\/www.liberation.fr\/monde\/2014\/04\/15\/orban-impose-un-memorial-conteste-de-l-occupation-nazie_998293\" target=\"_blank\" rel=\"noopener\">http:\/\/www.liberation.fr\/monde\/2014\/04\/15\/orban-impose-un-memorial-conteste-de-l-occupation-nazie_998293<\/a><\/strong><br \/>\n(MTI)<\/p>\n<p><script type=\"text\/javascript\" async=\"true\" charset=\"utf-8\" src=\"http:\/\/hu.search.etargetnet.com\/generic\/advert.php?g=ref:58154,area:600x90,tabl:4,divid:,design_name:custom,border_color:ffffff,border_style:none,background_opacity:100,background_color:ffffff,hover_back:,title_color:0067d6,text_color:404040,url_color:0067d6,h_title_color:0067d6,h_text_color:404040,h_url_color:0067d6,freespace:0,logo_type:4,logo:1,title_underline:0,url_underline:0,h_title_underline:1,h_url_underline:1,nourl:,fsi:11,font:verdana,require_login_pass:,login_pass:,show_in_fb:,show_in_fb_text:\" ><\/script><\/p>\n","protected":false},"excerpt":{"rendered":"<p>A Die Welt a v\u00e1laszt\u00e1sokr\u00f3l, a Der Standard a volt szocialista \u00e1llamok t\u00f6rt\u00e9nelemszeml\u00e9let\u00e9r\u0151l, a Liberation pedig a szabads\u00e1g t\u00e9rre tervezett eml\u00e9km\u0171r\u0151l k\u00f6z\u00f6lt cikket.<\/p>\n","protected":false},"author":1,"featured_media":0,"comment_status":"open","ping_status":"closed","sticky":false,"template":"","format":"standard","meta":[],"categories":[18],"tags":[],"_links":{"self":[{"href":"https:\/\/gazdasagportal.hu\/index.php\/wp-json\/wp\/v2\/posts\/32770"}],"collection":[{"href":"https:\/\/gazdasagportal.hu\/index.php\/wp-json\/wp\/v2\/posts"}],"about":[{"href":"https:\/\/gazdasagportal.hu\/index.php\/wp-json\/wp\/v2\/types\/post"}],"author":[{"embeddable":true,"href":"https:\/\/gazdasagportal.hu\/index.php\/wp-json\/wp\/v2\/users\/1"}],"replies":[{"embeddable":true,"href":"https:\/\/gazdasagportal.hu\/index.php\/wp-json\/wp\/v2\/comments?post=32770"}],"version-history":[{"count":5,"href":"https:\/\/gazdasagportal.hu\/index.php\/wp-json\/wp\/v2\/posts\/32770\/revisions"}],"predecessor-version":[{"id":32798,"href":"https:\/\/gazdasagportal.hu\/index.php\/wp-json\/wp\/v2\/posts\/32770\/revisions\/32798"}],"wp:attachment":[{"href":"https:\/\/gazdasagportal.hu\/index.php\/wp-json\/wp\/v2\/media?parent=32770"}],"wp:term":[{"taxonomy":"category","embeddable":true,"href":"https:\/\/gazdasagportal.hu\/index.php\/wp-json\/wp\/v2\/categories?post=32770"},{"taxonomy":"post_tag","embeddable":true,"href":"https:\/\/gazdasagportal.hu\/index.php\/wp-json\/wp\/v2\/tags?post=32770"}],"curies":[{"name":"wp","href":"https:\/\/api.w.org\/{rel}","templated":true}]}}