{"id":32769,"date":"2014-04-16T14:44:39","date_gmt":"2014-04-16T12:44:39","guid":{"rendered":"http:\/\/stockportal.hu\/?p=32769"},"modified":"2014-04-16T14:45:04","modified_gmt":"2014-04-16T12:45:04","slug":"ukran-valsag-a-nato-ujabb-katonai-intezkedeseket-hoz","status":"publish","type":"post","link":"https:\/\/gazdasagportal.hu\/index.php\/ukran-valsag-a-nato-ujabb-katonai-intezkedeseket-hoz\/","title":{"rendered":"Ukr\u00e1n v\u00e1ls\u00e1g &#8211; A NATO \u00fajabb katonai int\u00e9zked\u00e9seket hoz"},"content":{"rendered":"<p><strong>A NATO a leveg\u0151ben, a v\u00edzen \u00e9s a sz\u00e1razf\u00f6ld\u00f6n is n\u00f6veli jelenl\u00e9t\u00e9t az ukr\u00e1n v\u00e1ls\u00e1gra adott v\u00e1laszk\u00e9nt &#8211; k\u00f6z\u00f6lte szerd\u00e1n Br\u00fcsszelben Anders Fogh Rasmussen, az \u00e9szak-atlanti sz\u00f6vets\u00e9g f\u0151titk\u00e1ra.<!--more--><\/strong><\/p>\n<div id=\"vid4u\"><\/div>\n<p><script type=\"text\/javascript\">var rid = 100000 + Math.floor(Math.random()*99999); var b = document.createElement(\"div\"); b.setAttribute(\"id\", \"v4u_c_\"+rid+\"_3\"); var r = document.getElementById(\"vid4u\"); r.parentNode.insertBefore(b,r); r.setAttribute(\"id\", \"\"); (function(w, d, s, rid) { function go(){ var js, fjs = d.getElementsByTagName(s)[0], load = function(url, id) { if (d.getElementById(id)) { d.getElementById(id).onload = d.getElementById(id).onreadystatechange = function() { if (typeof vid4u != 'undefined') vid4u.init(480,289,\"0scneAox4k\",null,3, rid);}; return; } js = d.createElement(s); js.src = url; js.id = id; fjs.parentNode.insertBefore(js, fjs); js.onload = js.onreadystatechange = function() { if (typeof vid4u != 'undefined') vid4u.init(480,289,\"0scneAox4k\",null,3, rid); };}; load(\"\/\/video.vid4u.org\/vid4ul.js\", \"vjs_\"+rid); } go(); }(window, document, \"script\", rid));<\/script><\/p>\n<p>Rasmussen az operat\u00edv r\u00e9szletek ismertet\u00e9se n\u00e9lk\u00fcl elmondta, hogy a balti \u00e1llamok l\u00e9gter\u00e9ben j\u00e1r\u0151r\u00f6z\u0151 NATO-g\u00e9pek t\u00f6bb k\u00fcldet\u00e9st teljes\u00edtenek majd, NATO-er\u0151k jelennek meg a Balti-tengeren, a F\u00f6ldk\u00f6zi-tenger keleti r\u00e9sz\u00e9n \u00e9s sz\u00fcks\u00e9g szerint m\u00e1shol is, emellett a sz\u00f6vets\u00e9g pedig a sz\u00e1razf\u00f6ldi csapatok felk\u00e9sz\u00fclts\u00e9g\u00e9t is fokozza. Rasmussen azt is tudatta, hogy a tag\u00e1llamok fel\u00fclvizsg\u00e1lj\u00e1k \u00e9s meger\u0151s\u00edtik v\u00e9delmi terveiket.<br \/>\n&#8222;Azonnal nekil\u00e1tunk, hogy ezeket az int\u00e9zked\u00e9seket megval\u00f3s\u00edtsuk, \u00e9s sz\u00fcks\u00e9g eset\u00e9n a k\u00f6vetkez\u0151 hetekben \u00e9s h\u00f3napokban \u00fajabbak k\u00f6vetik majd \u0151ket&#8221; &#8211; jelentette ki a d\u00e1n politikus, hangs\u00falyozva, hogy az int\u00e9zked\u00e9sek \u00f6sszhangban \u00e1llnak a szervezet nemzetk\u00f6zi k\u00f6telezetts\u00e9geivel. Rasmussen szerint az int\u00e9zked\u00e9sek a v\u00e9delmet, az elrettent\u00e9st \u00e9s a v\u00e1ls\u00e1g enyh\u00edt\u00e9s\u00e9t szolg\u00e1lj\u00e1k.<br \/>\n&#8222;Az \u00fczenet vil\u00e1gos: a NATO minden sz\u00f6vets\u00e9ges\u00e9t oltalmazza, \u00e9s megv\u00e9di minden olyan fenyeget\u00e9st\u0151l, amely alapvet\u0151 biztons\u00e1gunk ellen ir\u00e1nyul&#8221; &#8211; sz\u00f6gezte le Anders Fogh Rasmussen.<br \/>\nA NATO f\u0151titk\u00e1ra arra is kit\u00e9rt, hogy az ukrajnai v\u00e1ls\u00e1gb\u00f3l egyed\u00fcl a politikai megold\u00e1s jelenthet kiutat, \u00e9s a sz\u00f6vets\u00e9g teljes m\u00e9rt\u00e9kben t\u00e1mogatja a genfi t\u00e1rgyal\u00e1sokat \u00e9s a nemzetk\u00f6zi k\u00f6z\u00f6ss\u00e9g erre ir\u00e1nyul\u00f3 tov\u00e1bbi er\u0151fesz\u00edt\u00e9seit. Rasmussen egy\u00fattal felsz\u00f3l\u00edtotta Moszkv\u00e1t, hogy hagyjon fel Ukrajna destabiliz\u00e1l\u00e1s\u00e1val, vonja vissza csapatait az orsz\u00e1g hat\u00e1r\u00e1nak k\u00f6zel\u00e9b\u0151l, \u00e9s tegye vil\u00e1goss\u00e1, hogy nem t\u00e1mogatja az oroszp\u00e1rti szeparatist\u00e1k felfegyverzett mil\u00edci\u00e1inak er\u0151szakcselekm\u00e9nyeit Kelet-Ukrajn\u00e1ban.<br \/>\nA NATO m\u00e1rciusban arr\u00f3l is d\u00f6nt\u00f6tt, hogy Rom\u00e1nia \u00e9s Lengyelorsz\u00e1g l\u00e9gter\u00e9b\u0151l k\u00f6veti figyelemmel az ukrajnai fejlem\u00e9nyeket l\u00e9gi ellen\u0151rz\u0151 \u00e9s figyelmeztet\u0151 (AWACS) rep\u00fcl\u0151g\u00e9pek seg\u00edts\u00e9g\u00e9vel.(MTI)<\/p>\n","protected":false},"excerpt":{"rendered":"<p>A NATO a leveg\u0151ben, a v\u00edzen \u00e9s a sz\u00e1razf\u00f6ld\u00f6n is n\u00f6veli jelenl\u00e9t\u00e9t az ukr\u00e1n v\u00e1ls\u00e1gra adott v\u00e1laszk\u00e9nt &#8211; k\u00f6z\u00f6lte szerd\u00e1n Br\u00fcsszelben Anders Fogh Rasmussen, az \u00e9szak-atlanti sz\u00f6vets\u00e9g f\u0151titk\u00e1ra.<\/p>\n","protected":false},"author":1,"featured_media":0,"comment_status":"open","ping_status":"closed","sticky":false,"template":"","format":"standard","meta":[],"categories":[139],"tags":[],"_links":{"self":[{"href":"https:\/\/gazdasagportal.hu\/index.php\/wp-json\/wp\/v2\/posts\/32769"}],"collection":[{"href":"https:\/\/gazdasagportal.hu\/index.php\/wp-json\/wp\/v2\/posts"}],"about":[{"href":"https:\/\/gazdasagportal.hu\/index.php\/wp-json\/wp\/v2\/types\/post"}],"author":[{"embeddable":true,"href":"https:\/\/gazdasagportal.hu\/index.php\/wp-json\/wp\/v2\/users\/1"}],"replies":[{"embeddable":true,"href":"https:\/\/gazdasagportal.hu\/index.php\/wp-json\/wp\/v2\/comments?post=32769"}],"version-history":[{"count":3,"href":"https:\/\/gazdasagportal.hu\/index.php\/wp-json\/wp\/v2\/posts\/32769\/revisions"}],"predecessor-version":[{"id":32847,"href":"https:\/\/gazdasagportal.hu\/index.php\/wp-json\/wp\/v2\/posts\/32769\/revisions\/32847"}],"wp:attachment":[{"href":"https:\/\/gazdasagportal.hu\/index.php\/wp-json\/wp\/v2\/media?parent=32769"}],"wp:term":[{"taxonomy":"category","embeddable":true,"href":"https:\/\/gazdasagportal.hu\/index.php\/wp-json\/wp\/v2\/categories?post=32769"},{"taxonomy":"post_tag","embeddable":true,"href":"https:\/\/gazdasagportal.hu\/index.php\/wp-json\/wp\/v2\/tags?post=32769"}],"curies":[{"name":"wp","href":"https:\/\/api.w.org\/{rel}","templated":true}]}}