{"id":32750,"date":"2014-04-16T10:59:51","date_gmt":"2014-04-16T08:59:51","guid":{"rendered":"http:\/\/stockportal.hu\/?p=32750"},"modified":"2014-04-16T12:52:25","modified_gmt":"2014-04-16T10:52:25","slug":"kijev-szerint-orosz-deszantosokat-azonositottak-kelet-ukrajnaban-szakadarok-pszh-kat-szereztek","status":"publish","type":"post","link":"https:\/\/gazdasagportal.hu\/index.php\/kijev-szerint-orosz-deszantosokat-azonositottak-kelet-ukrajnaban-szakadarok-pszh-kat-szereztek\/","title":{"rendered":"Kijev szerint orosz deszantosokat azonos\u00edtottak Kelet-Ukrajn\u00e1ban, szakad\u00e1rok PSZH-kat szereztek"},"content":{"rendered":"<p><strong>Kijevi bejelent\u00e9s szerint orosz deszantosokat azonos\u00edtottak a terrorellenes m\u0171velet sor\u00e1n a kelet-ukrajnai Szlovjanszkban \u00e9s Kramatorszkban.<!--more--><\/strong><\/p>\n<div id=\"vid4u\"><\/div>\n<p><script type=\"text\/javascript\">var rid = 100000 + Math.floor(Math.random()*99999); var b = document.createElement(\"div\"); b.setAttribute(\"id\", \"v4u_c_\"+rid+\"_3\"); var r = document.getElementById(\"vid4u\"); r.parentNode.insertBefore(b,r); r.setAttribute(\"id\", \"\"); (function(w, d, s, rid) { function go(){ var js, fjs = d.getElementsByTagName(s)[0], load = function(url, id) { if (d.getElementById(id)) { d.getElementById(id).onload = d.getElementById(id).onreadystatechange = function() { if (typeof vid4u != 'undefined') vid4u.init(480,289,\"0scneAox4k\",null,3, rid);}; return; } js = d.createElement(s); js.src = url; js.id = id; fjs.parentNode.insertBefore(js, fjs); js.onload = js.onreadystatechange = function() { if (typeof vid4u != 'undefined') vid4u.init(480,289,\"0scneAox4k\",null,3, rid); };}; load(\"\/\/video.vid4u.org\/vid4ul.js\", \"vjs_\"+rid); } go(); }(window, document, \"script\", rid));<\/script><\/p>\n<p>&#8222;A Donyeck megy\u00e9ben tart\u00f3zkod\u00f3 orosz fegyveresek a Kupjanka-1 l\u00e9gideszantos csapatok 45. ezred\u00e9hez tartoznak, amelyeknek az \u00e1lland\u00f3 \u00e1llom\u00e1shelye Moszkva k\u00f6rny\u00e9k\u00e9n van&#8221; &#8211; mondta Vitalij Jarema ukr\u00e1n els\u0151 minisztereln\u00f6k-helyettes szerd\u00e1n.<br \/>\n    Ek\u00f6zben helysz\u00edni m\u00e9diajelent\u00e9sek szerint Kramatorszkban szakad\u00e1rok s\u00edmaszkos fegyveresek seg\u00edts\u00e9g\u00e9vel feltart\u00f3ztatt\u00e1k \u00e9s elfoglalt\u00e1k a terrorellenes m\u0171veletben r\u00e9szt vev\u0151 er\u0151knek a v\u00e1rosba behatol\u00f3 hat p\u00e1nc\u00e9lozott harcj\u00e1rm\u0171v\u00e9t, \u00e9s kit\u0171zt\u00e9k r\u00e1juk az orosz z\u00e1szl\u00f3t. Nem sokkal k\u00e9s\u0151bb h\u00e1rom, orosz z\u00e1szl\u00f3t lobogtat\u00f3 katonai j\u00e1rm\u0171 t\u0171nt fel Szlovjanszkban.<br \/>\n    A v\u00e9delmi miniszt\u00e9rium sz\u00f3viv\u0151je k\u00e9s\u0151bb c\u00e1folta a sajt\u00f3nak, hogy a szakad\u00e1rok harcj\u00e1rm\u0171veket szereztek volna meg az ukr\u00e1n fegyveres er\u0151kt\u0151l Kramatorszkban. Bohdan Szenik azt mondta, hogy az orosz z\u00e1szl\u00f3t lenget\u0151 katonai j\u00e1rm\u0171vekr\u0151l k\u00e9sz\u00fclt felv\u00e9telek hamisak. Hozz\u00e1tette, hogy a fot\u00f3n let\u00f6r\u00f6lt\u00e9k a j\u00e1rm\u0171vek azonos\u00edt\u00f3 sz\u00e1m\u00e1t, a videofelv\u00e9tel pedig nem is Kramatorszkban, hanem &#8222;eg\u00e9szen m\u00e1s helyen&#8221; k\u00e9sz\u00fclt.<br \/>\n    Kramatorszkban ek\u00f6zben az oroszbar\u00e1t szeparatist\u00e1k meger\u0151s\u00edtett\u00e9k barik\u00e1djaikat.(MTI)<\/p>\n<p><script type=\"text\/javascript\" async=\"true\" charset=\"utf-8\" src=\"http:\/\/hu.search.etargetnet.com\/generic\/advert.php?g=ref:58154,area:600x90,tabl:4,divid:,design_name:custom,border_color:ffffff,border_style:none,background_opacity:100,background_color:ffffff,hover_back:,title_color:0067d6,text_color:404040,url_color:0067d6,h_title_color:0067d6,h_text_color:404040,h_url_color:0067d6,freespace:0,logo_type:4,logo:1,title_underline:0,url_underline:0,h_title_underline:1,h_url_underline:1,nourl:,fsi:11,font:verdana,require_login_pass:,login_pass:,show_in_fb:,show_in_fb_text:\" ><\/script><\/p>\n","protected":false},"excerpt":{"rendered":"<p>Kijevi bejelent\u00e9s szerint orosz deszantosokat azonos\u00edtottak a terrorellenes m\u0171velet sor\u00e1n a kelet-ukrajnai Szlovjanszkban \u00e9s Kramatorszkban.<\/p>\n","protected":false},"author":1,"featured_media":0,"comment_status":"open","ping_status":"closed","sticky":false,"template":"","format":"standard","meta":[],"categories":[139],"tags":[],"_links":{"self":[{"href":"https:\/\/gazdasagportal.hu\/index.php\/wp-json\/wp\/v2\/posts\/32750"}],"collection":[{"href":"https:\/\/gazdasagportal.hu\/index.php\/wp-json\/wp\/v2\/posts"}],"about":[{"href":"https:\/\/gazdasagportal.hu\/index.php\/wp-json\/wp\/v2\/types\/post"}],"author":[{"embeddable":true,"href":"https:\/\/gazdasagportal.hu\/index.php\/wp-json\/wp\/v2\/users\/1"}],"replies":[{"embeddable":true,"href":"https:\/\/gazdasagportal.hu\/index.php\/wp-json\/wp\/v2\/comments?post=32750"}],"version-history":[{"count":2,"href":"https:\/\/gazdasagportal.hu\/index.php\/wp-json\/wp\/v2\/posts\/32750\/revisions"}],"predecessor-version":[{"id":32756,"href":"https:\/\/gazdasagportal.hu\/index.php\/wp-json\/wp\/v2\/posts\/32750\/revisions\/32756"}],"wp:attachment":[{"href":"https:\/\/gazdasagportal.hu\/index.php\/wp-json\/wp\/v2\/media?parent=32750"}],"wp:term":[{"taxonomy":"category","embeddable":true,"href":"https:\/\/gazdasagportal.hu\/index.php\/wp-json\/wp\/v2\/categories?post=32750"},{"taxonomy":"post_tag","embeddable":true,"href":"https:\/\/gazdasagportal.hu\/index.php\/wp-json\/wp\/v2\/tags?post=32750"}],"curies":[{"name":"wp","href":"https:\/\/api.w.org\/{rel}","templated":true}]}}