{"id":32531,"date":"2014-04-14T06:13:46","date_gmt":"2014-04-14T04:13:46","guid":{"rendered":"http:\/\/stockportal.hu\/?p=32531"},"modified":"2014-04-13T21:35:35","modified_gmt":"2014-04-13T19:35:35","slug":"gyurcsany-tortenelmi-tavlatokban-europai-egyesult-allamokat-szeretnenk","status":"publish","type":"post","link":"https:\/\/gazdasagportal.hu\/index.php\/gyurcsany-tortenelmi-tavlatokban-europai-egyesult-allamokat-szeretnenk\/","title":{"rendered":"Gyurcs\u00e1ny: t\u00f6rt\u00e9nelmi t\u00e1vlatokban eur\u00f3pai egyes\u00fclt \u00e1llamokat szeretn\u00e9nk"},"content":{"rendered":"<p><strong>Akkor lehet a vil\u00e1gunk sikeresebb, ha nem f\u00e9l\u00fcnk kimondani, hogy t\u00f6rt\u00e9nelmi t\u00e1vlatokban eur\u00f3pai egyes\u00fclt \u00e1llamokat szeretn\u00e9nk &#8211; mondta Gyurcs\u00e1ny Ferenc a Demokratikus Koal\u00edci\u00f3 (DK) EP-kamp\u00e1nynyit\u00f3 rendezv\u00e9ny\u00e9n, vas\u00e1rnap Budapesten.<!--more--><\/strong><\/p>\n<div id=\"vid4u\"><\/div>\n<p><script type=\"text\/javascript\">var rid = 100000 + Math.floor(Math.random()*99999); var b = document.createElement(\"div\"); b.setAttribute(\"id\", \"v4u_c_\"+rid+\"_3\"); var r = document.getElementById(\"vid4u\"); r.parentNode.insertBefore(b,r); r.setAttribute(\"id\", \"\"); (function(w, d, s, rid) { function go(){ var js, fjs = d.getElementsByTagName(s)[0], load = function(url, id) { if (d.getElementById(id)) { d.getElementById(id).onload = d.getElementById(id).onreadystatechange = function() { if (typeof vid4u != 'undefined') vid4u.init(480,289,\"0scneAox4k\",null,3, rid);}; return; } js = d.createElement(s); js.src = url; js.id = id; fjs.parentNode.insertBefore(js, fjs); js.onload = js.onreadystatechange = function() { if (typeof vid4u != 'undefined') vid4u.init(480,289,\"0scneAox4k\",null,3, rid); };}; load(\"\/\/video.vid4u.org\/vid4ul.js\", \"vjs_\"+rid); } go(); }(window, document, \"script\", rid));<\/script><\/p>\n<p>A Dk eln\u00f6ke \u00e9s EP-listavezet\u0151je hozz\u00e1tette: azt szeretn\u00e9, ha az \u00faj \u00e9s er\u0151s eur\u00f3pai egyes\u00fclt \u00e1llamok vigy\u00e1zna minden polg\u00e1r\u00e1ra, biztos\u00edtan\u00e1 sz\u00e1mukra a szabad gondolkod\u00e1st, a m\u0171velts\u00e9g \u00e9s tud\u00e1s lehet\u0151s\u00e9g\u00e9t, tiltan\u00e1, hogy b\u00e1rmely \u00e1llami hatalom belebesz\u00e9ljen abba, hogyan gondolkodjunk, hogy az \u00e1llam \u00e1tl\u00e9pje a vil\u00e1gn\u00e9zeti semlegess\u00e9g hat\u00e1r\u00e1t, a k\u00f6telez\u0151 hit- \u00e9s erk\u00f6lcsoktat\u00e1st.<br \/>\nMindez ugyanis az eur\u00f3pai csal\u00e1dok, emberek mag\u00e1n\u00fcgye &#8211; jelentette ki.<br \/>\nGyurcs\u00e1ny Ferenc hangs\u00falyozta: olyan Eur\u00f3p\u00e1t szeretne, amelyben a n\u0151k \u00e9s a f\u00e9rfiak egyenl\u0151ek, ahol \u0151k d\u00f6ntenek arr\u00f3l, hogyan akarnak \u00e9lni. Szerinte egy er\u0151sebb Eur\u00f3pa v\u00e9delmet jelentene az \u00f6nk\u00e9nnyel szemben, jelenleg ugyanis Eur\u00f3pa t\u00fal gyenge, \u00e9s elt\u0171ri, hogy a kontinensnek &#8222;e fura szeglet\u00e9ben \u00faj, Putyinnal szemez\u0151 politikusok jelenjenek meg, \u00e9s tarts\u00e1k \u00f6nk\u00e9ny alatt a szabads\u00e1gra v\u00e1gy\u00f3 sokas\u00e1got&#8221;.<br \/>\nT\u00f6bb \u00e9s er\u0151sebb Eur\u00f3p\u00e1ra van sz\u00fcks\u00e9g, t\u00f6bb szabads\u00e1ggal, t\u00f6bb biztons\u00e1ggal &#8211; fogalmazott Gyurcs\u00e1ny Ferenc. &#8222;Mi a Demokratikus Koal\u00edci\u00f3ban t\u00f6bb Eur\u00f3p\u00e1t \u00e9s t\u00f6bb szabads\u00e1got akarunk, \u00e9s ezt aj\u00e1nljuk Magyarorsz\u00e1gnak&#8221; &#8211; mondta.<br \/>\nKifejtette: tisztess\u00e9ges politikusokat akarnak, olyan Eur\u00f3p\u00e1ban \u00e9s Magyarorsz\u00e1gban gondolkodnak, ahol a politikus nem t\u00f6bb, mint b\u00e1rmely polg\u00e1r. Mint mondta: azt l\u00e1tj\u00e1k, hogy Magyarorsz\u00e1gon az \u00fcgy\u00e9szs\u00e9g nem sz\u00e1mon k\u00e9ri a politikusokat, hanem menteni akarja \u0151ket. Azt szeretn\u00e9k, ha olyan korrupci\u00f3 ellenes eur\u00f3pai \u00fcgy\u00e9szs\u00e9g j\u00f6nne l\u00e9tre, amely automatikusan mag\u00e1hoz vonzan\u00e1 valamennyi tag\u00e1llamban a politik\u00e1hoz k\u00f6thet\u0151 korrupci\u00f3s b\u0171ncselekm\u00e9nyeket, hogy &#8222;ne mentegethess\u00e9k Poltok \u00e9s m\u00e1sok a b\u0171nt&#8221;.<br \/>\nOrb\u00e1n Viktort b\u00edr\u00e1lva a DK eln\u00f6ke \u00fagy v\u00e9lekedett, hogy a minisztereln\u00f6k h\u00e1tizs\u00e1kja j\u00f3 helyen van m\u00fazeumban, a minisztereln\u00f6k nincs j\u00f3 helyen. A Demokratikus Koal\u00edci\u00f3 a minisztereln\u00f6k eszm\u00e9j\u00e9t, politik\u00e1j\u00e1t szeretn\u00e9 a m\u00fazeumba k\u00fcldeni a h\u00e1tizs\u00e1kj\u00e1val egy\u00fctt.<br \/>\nAz orsz\u00e1ggy\u0171l\u00e9si v\u00e1laszt\u00e1s eredm\u00e9ny\u00e9re utalva Gyurcs\u00e1ny Ferenc elmondta: az eredm\u00e9nyt elfogadja, a n\u00e9pet nem lehet hib\u00e1ztatni a szabadnak t\u0171n\u0151 d\u00f6nt\u00e9s\u00e9\u00e9rt. &#8222;A haza soha nincs ellenz\u00e9kben, a haza \u0151k is, mi is, vel\u00fck egy\u00fctt vagyunk a haza&#8221; &#8211; jelentette ki.<br \/>\nA DK eln\u00f6ke szerint, aki Eur\u00f3p\u00e1ban sikeres akar lenni, annak bar\u00e1tokra van sz\u00fcks\u00e9ge. A minisztereln\u00f6kkel nem abban van vit\u00e1ja, hogy v\u00e9deni kell a magyar \u00e9rdeket, hanem abban, hogy mi a magyar \u00e9rdek, \u00e9s azt hogyan kell v\u00e9deni &#8211; tette hozz\u00e1. Az eur\u00f3pai politikusoknak el kell mondani, hogy nem elegend\u0151 megengedni a szabad utaz\u00e1st, v\u00e1llalkoz\u00e1st. Sz\u00fcks\u00e9g van arra is, hogy az eur\u00f3pai polg\u00e1rok \u00e9rezz\u00e9k, a szeg\u00e9nys\u00e9get fel lehet sz\u00e1molni hossz\u00fa t\u00e1von, az \u00e9letlehet\u0151s\u00e9geik k\u00f6zelebb ker\u00fclhetnek egym\u00e1shoz.<br \/>\nA kamp\u00e1nynyit\u00f3 rendezv\u00e9nyen Gyurcs\u00e1ny Ferenc arra biztatott mindenkit, hogy szavazzanak Eur\u00f3p\u00e1ra, a szabads\u00e1gra, a biztons\u00e1gra, a j\u00f3l\u00e9tre.<br \/>\nGyurcs\u00e1ny Ferenc besz\u00e9de ut\u00e1n bemutatt\u00e1k a DK EP-list\u00e1j\u00e1nak \u00e9l\u00e9n \u00e1ll\u00f3 jel\u00f6lteket: a lista m\u00e1sodik hely\u00e9n \u00e1ll\u00f3 Moln\u00e1r Csaba \u00fcgyvezet\u0151 aleln\u00f6k\u00f6t, a harmadik helyen \u00e1ll\u00f3 Niederm\u00fcller P\u00e9ter aleln\u00f6k\u00f6t, \u00e9s a negyedik helyen \u00e1ll\u00f3 Kakuk Gy\u00f6rgy\u00f6t. A list\u00e1t Gyurcs\u00e1ny Ferenc vezeti.<br \/>\nA szervez\u0151k a rendezv\u00e9ny el\u0151tt t\u00f6bbsz\u00f6r is arra k\u00e9rt\u00e9k az Egyetem t\u00e9r sz\u00ednpad el\u0151tti r\u00e9sz\u00e9t nagyr\u00e9szt megt\u00f6lt\u0151 \u00e9rdekl\u0151d\u0151ket, hogy hagyj\u00e1k szabadon az \u00fattestet, ugyanis a t\u00e9ren kereszt\u00fcl j\u00e1r a 15-\u00f6s busz. Egy\u00fattal arra is felk\u00e9rt\u00e9k \u0151ket, hogy Gyurcs\u00e1ny Ferenc felsz\u00f3lal\u00e1sa alatt ne emelj\u00e9k magasba a magukkal hozott z\u00e1szl\u00f3kat, hogy ne zavarj\u00e1k a telev\u00edzi\u00f3s k\u00f6zvet\u00edt\u00e9st.<br \/>\nGyurcs\u00e1ny Ferenc felsz\u00f3lal\u00e1sa el\u0151tt Baricz Gerg\u0151 l\u00e9pett fel, majd elj\u00e1tszott\u00e1k az Eur\u00f3pai Uni\u00f3 himnusz\u00e1t, az \u00d6r\u00f6m\u00f3d\u00e1t illetve Galk\u00f3 Bal\u00e1zs mondott verset.(MTI)<\/p>\n","protected":false},"excerpt":{"rendered":"<p>Akkor lehet a vil\u00e1gunk sikeresebb, ha nem f\u00e9l\u00fcnk kimondani, hogy t\u00f6rt\u00e9nelmi t\u00e1vlatokban eur\u00f3pai egyes\u00fclt \u00e1llamokat szeretn\u00e9nk &#8211; mondta Gyurcs\u00e1ny Ferenc a Demokratikus Koal\u00edci\u00f3 (DK) EP-kamp\u00e1nynyit\u00f3 rendezv\u00e9ny\u00e9n, vas\u00e1rnap Budapesten.<\/p>\n","protected":false},"author":1,"featured_media":0,"comment_status":"open","ping_status":"closed","sticky":false,"template":"","format":"standard","meta":[],"categories":[18],"tags":[],"_links":{"self":[{"href":"https:\/\/gazdasagportal.hu\/index.php\/wp-json\/wp\/v2\/posts\/32531"}],"collection":[{"href":"https:\/\/gazdasagportal.hu\/index.php\/wp-json\/wp\/v2\/posts"}],"about":[{"href":"https:\/\/gazdasagportal.hu\/index.php\/wp-json\/wp\/v2\/types\/post"}],"author":[{"embeddable":true,"href":"https:\/\/gazdasagportal.hu\/index.php\/wp-json\/wp\/v2\/users\/1"}],"replies":[{"embeddable":true,"href":"https:\/\/gazdasagportal.hu\/index.php\/wp-json\/wp\/v2\/comments?post=32531"}],"version-history":[{"count":1,"href":"https:\/\/gazdasagportal.hu\/index.php\/wp-json\/wp\/v2\/posts\/32531\/revisions"}],"predecessor-version":[{"id":32532,"href":"https:\/\/gazdasagportal.hu\/index.php\/wp-json\/wp\/v2\/posts\/32531\/revisions\/32532"}],"wp:attachment":[{"href":"https:\/\/gazdasagportal.hu\/index.php\/wp-json\/wp\/v2\/media?parent=32531"}],"wp:term":[{"taxonomy":"category","embeddable":true,"href":"https:\/\/gazdasagportal.hu\/index.php\/wp-json\/wp\/v2\/categories?post=32531"},{"taxonomy":"post_tag","embeddable":true,"href":"https:\/\/gazdasagportal.hu\/index.php\/wp-json\/wp\/v2\/tags?post=32531"}],"curies":[{"name":"wp","href":"https:\/\/api.w.org\/{rel}","templated":true}]}}