{"id":32525,"date":"2014-04-14T04:44:15","date_gmt":"2014-04-14T02:44:15","guid":{"rendered":"http:\/\/stockportal.hu\/?p=32525"},"modified":"2014-04-14T08:20:16","modified_gmt":"2014-04-14T06:20:16","slug":"az-egesz-orszagban-viharos-szel-varhato-hetfon","status":"publish","type":"post","link":"https:\/\/gazdasagportal.hu\/index.php\/az-egesz-orszagban-viharos-szel-varhato-hetfon\/","title":{"rendered":"Az eg\u00e9sz orsz\u00e1gban viharos sz\u00e9l v\u00e1rhat\u00f3 h\u00e9tf\u0151n"},"content":{"rendered":"<p><strong>Hat megy\u00e9re \u00e9s a f\u0151v\u00e1rosra m\u00e1sodfok\u00fa, az orsz\u00e1g t\u00f6bbi r\u00e9sz\u00e9re els\u0151fok\u00fa figyelmeztet\u00e9st adott ki h\u00e9tf\u0151re a v\u00e1rhat\u00f3 viharos sz\u00e9l miatt a meteorol\u00f3giai szolg\u00e1lat.<!--more--><\/strong><\/p>\n<div id=\"vid4u\"><\/div>\n<p><script type=\"text\/javascript\">var rid = 100000 + Math.floor(Math.random()*99999); var b = document.createElement(\"div\"); b.setAttribute(\"id\", \"v4u_c_\"+rid+\"_3\"); var r = document.getElementById(\"vid4u\"); r.parentNode.insertBefore(b,r); r.setAttribute(\"id\", \"\"); (function(w, d, s, rid) { function go(){ var js, fjs = d.getElementsByTagName(s)[0], load = function(url, id) { if (d.getElementById(id)) { d.getElementById(id).onload = d.getElementById(id).onreadystatechange = function() { if (typeof vid4u != 'undefined') vid4u.init(480,289,\"0scneAox4k\",null,3, rid);}; return; } js = d.createElement(s); js.src = url; js.id = id; fjs.parentNode.insertBefore(js, fjs); js.onload = js.onreadystatechange = function() { if (typeof vid4u != 'undefined') vid4u.init(480,289,\"0scneAox4k\",null,3, rid); };}; load(\"\/\/video.vid4u.org\/vid4ul.js\", \"vjs_\"+rid); } go(); }(window, document, \"script\", rid));<\/script><\/p>\n<p>Az Orsz\u00e1gos Meteorol\u00f3giai Szolg\u00e1lat vas\u00e1rnap este az MTI-hez eljuttatott vesz\u00e9lyjelz\u00e9se szerint narancss\u00e1rga, vagyis m\u00e1sodfok\u00fa figyelmeztet\u00e9st adtak ki Fej\u00e9r, Gy\u0151r-Moson-Sopron, Kom\u00e1rom-Esztergom, N\u00f3gr\u00e1d, Veszpr\u00e9m \u00e9s Pest megy\u00e9re, valamint Budapestre. Ezeken a ter\u00fcleteken a leger\u0151sebb sz\u00e9ll\u00f6k\u00e9sek az \u00f3r\u00e1nk\u00e9nti 90 kilom\u00e9teres sebess\u00e9get is meghaladhatj\u00e1k.<br \/>\nA meteorol\u00f3giai szolg\u00e1lat arra is kit\u00e9rt: h\u00e9tf\u0151 reggel a sz\u00e9lv\u00e9dett, gyeng\u00e9n felh\u0151s, a k\u00f6rnyezet\u00fckh\u00f6z k\u00e9pest alacsonyabban fekv\u0151 t\u00e1jakon el\u0151fordulhat gyenge talaj menti fagy. A nap m\u00e1sodik fel\u00e9ben \u00e9szaknyugat fel\u0151l er\u0151s hidegfront \u00e9rkezik. A front el\u0151tt \u00e9s a fronton z\u00e1porok, zivatarok alakulnak ki &#8211; emelt\u00e9k ki, megjegyezve: zivatarokra nagyobb es\u00e9llyel az orsz\u00e1g d\u00e9li fel\u00e9ben lehet sz\u00e1m\u00edtani.<br \/>\nEgy-egy er\u0151s z\u00e1port vagy zivatart kism\u00e9ret\u0171 j\u00e9g vagy j\u00e9gdara k\u00eds\u00e9rhet. Helyenk\u00e9nt r\u00f6vid id\u0151 alatt nagy mennyis\u00e9g\u0171 10-20, n\u00e9hol esetleg 20 millim\u00e9tern\u00e9l is t\u00f6bb csapad\u00e9k hullhat &#8211; tett\u00e9k hozz\u00e1.<br \/>\nAz orsz\u00e1gos k\u00f6z\u00e9pt\u00e1v\u00fa el\u0151rejelz\u00e9s szerint a j\u00f6v\u0151 h\u00e9ten h\u0171v\u00f6s, szeles, es\u0151s id\u0151 v\u00e1rhat\u00f3.(MTI)<\/p>\n<p><script type=\"text\/javascript\" async=\"true\" charset=\"utf-8\" src=\"http:\/\/hu.search.etargetnet.com\/generic\/advert.php?g=ref:58152,area:728x60,tabl:7,design_name:custom,border_color:ffffff,border_style:none,background_opacity:100,background_color:ffffff,hover_back:,title_color:0067d6,text_color:404040,url_color:0067d6,h_title_color:0067d6,h_text_color:404040,h_url_color:0067d6,freespace:0,logo_type:0,logo:0,title_underline:0,url_underline:0,h_title_underline:1,h_url_underline:1,nourl:,fsi:11,font:verdana,ads_count:3,require_login_pass:,login_pass:,show_in_fb:,show_in_fb_text:\" ><\/script><\/p>\n","protected":false},"excerpt":{"rendered":"<p>Hat megy\u00e9re \u00e9s a f\u0151v\u00e1rosra m\u00e1sodfok\u00fa, az orsz\u00e1g t\u00f6bbi r\u00e9sz\u00e9re els\u0151fok\u00fa figyelmeztet\u00e9st adott ki h\u00e9tf\u0151re a v\u00e1rhat\u00f3 viharos sz\u00e9l miatt a meteorol\u00f3giai szolg\u00e1lat.<\/p>\n","protected":false},"author":1,"featured_media":0,"comment_status":"open","ping_status":"closed","sticky":false,"template":"","format":"standard","meta":[],"categories":[48],"tags":[],"_links":{"self":[{"href":"https:\/\/gazdasagportal.hu\/index.php\/wp-json\/wp\/v2\/posts\/32525"}],"collection":[{"href":"https:\/\/gazdasagportal.hu\/index.php\/wp-json\/wp\/v2\/posts"}],"about":[{"href":"https:\/\/gazdasagportal.hu\/index.php\/wp-json\/wp\/v2\/types\/post"}],"author":[{"embeddable":true,"href":"https:\/\/gazdasagportal.hu\/index.php\/wp-json\/wp\/v2\/users\/1"}],"replies":[{"embeddable":true,"href":"https:\/\/gazdasagportal.hu\/index.php\/wp-json\/wp\/v2\/comments?post=32525"}],"version-history":[{"count":5,"href":"https:\/\/gazdasagportal.hu\/index.php\/wp-json\/wp\/v2\/posts\/32525\/revisions"}],"predecessor-version":[{"id":32553,"href":"https:\/\/gazdasagportal.hu\/index.php\/wp-json\/wp\/v2\/posts\/32525\/revisions\/32553"}],"wp:attachment":[{"href":"https:\/\/gazdasagportal.hu\/index.php\/wp-json\/wp\/v2\/media?parent=32525"}],"wp:term":[{"taxonomy":"category","embeddable":true,"href":"https:\/\/gazdasagportal.hu\/index.php\/wp-json\/wp\/v2\/categories?post=32525"},{"taxonomy":"post_tag","embeddable":true,"href":"https:\/\/gazdasagportal.hu\/index.php\/wp-json\/wp\/v2\/tags?post=32525"}],"curies":[{"name":"wp","href":"https:\/\/api.w.org\/{rel}","templated":true}]}}