{"id":32523,"date":"2014-04-13T20:31:47","date_gmt":"2014-04-13T18:31:47","guid":{"rendered":"http:\/\/stockportal.hu\/?p=32523"},"modified":"2014-04-13T20:31:47","modified_gmt":"2014-04-13T18:31:47","slug":"ukran-valsag-veszelyes-eszkalacio-kezdodott","status":"publish","type":"post","link":"https:\/\/gazdasagportal.hu\/index.php\/ukran-valsag-veszelyes-eszkalacio-kezdodott\/","title":{"rendered":"Ukr\u00e1n v\u00e1ls\u00e1g: Vesz\u00e9lyes eszkal\u00e1ci\u00f3 kezd\u0151d\u00f6tt"},"content":{"rendered":"<p><strong>Az eddig is vesz\u00e9lyes helyzet tov\u00e1bbi \u00e9lez\u0151d\u00e9s\u00e9t jelzi, hogy fegyveres csoportok korm\u00e1ny\u00e9p\u00fcleteket foglalnak el kelet-ukrajnai v\u00e1rosokban &#8211; k\u00f6z\u00f6lte vas\u00e1rnapi nyilatkozat\u00e1ban a brit k\u00fcl\u00fcgyminiszt\u00e9rium.<!--more--><\/strong><\/p>\n<div id=\"vid4u\"><\/div>\n<p><script type=\"text\/javascript\">var rid = 100000 + Math.floor(Math.random()*99999); var b = document.createElement(\"div\"); b.setAttribute(\"id\", \"v4u_c_\"+rid+\"_3\"); var r = document.getElementById(\"vid4u\"); r.parentNode.insertBefore(b,r); r.setAttribute(\"id\", \"\"); (function(w, d, s, rid) { function go(){ var js, fjs = d.getElementsByTagName(s)[0], load = function(url, id) { if (d.getElementById(id)) { d.getElementById(id).onload = d.getElementById(id).onreadystatechange = function() { if (typeof vid4u != 'undefined') vid4u.init(480,289,\"0scneAox4k\",null,3, rid);}; return; } js = d.createElement(s); js.src = url; js.id = id; fjs.parentNode.insertBefore(js, fjs); js.onload = js.onreadystatechange = function() { if (typeof vid4u != 'undefined') vid4u.init(480,289,\"0scneAox4k\",null,3, rid); };}; load(\"\/\/video.vid4u.org\/vid4ul.js\", \"vjs_\"+rid); } go(); }(window, document, \"script\", rid));<\/script><\/p>\n<p>A Foreign Office sz\u00f3viv\u0151je szerint am\u00edg Moszkva nem hat\u00e1rol\u00f3dik el nyilv\u00e1nosan ezekt\u0151l a t\u00f6rv\u00e9nyellenes akci\u00f3kt\u00f3l, addig &#8222;\u00f3hatatlanul ad\u00f3dik az a felt\u00e9telez\u00e9s&#8221;, hogy Oroszorsz\u00e1g r\u00e9szese e fejlem\u00e9nyeknek.<br \/>\nA brit k\u00fcl\u00fcgyi nyilatkozat szerint Oroszorsz\u00e1gnak tart\u00f3zkodnia kell az olyan l\u00e9p\u00e9sekt\u0151l, amelyek destabiliz\u00e1lj\u00e1k Ukrajn\u00e1t.<br \/>\nAz Eur\u00f3pai Uni\u00f3 k\u00fcl\u00fcgyminiszterei h\u00e9tf\u0151i \u00fcl\u00e9s\u00fck\u00f6n megvitatj\u00e1k, hogy milyen v\u00e1laszint\u00e9zked\u00e9sek sz\u00fclessenek a legut\u00f3bbi fejlem\u00e9nyek nyom\u00e1n &#8211; hangs\u00falyozta a miniszt\u00e9riumi sz\u00f3viv\u0151.(MTI)<\/p>\n","protected":false},"excerpt":{"rendered":"<p>Az eddig is vesz\u00e9lyes helyzet tov\u00e1bbi \u00e9lez\u0151d\u00e9s\u00e9t jelzi, hogy fegyveres csoportok korm\u00e1ny\u00e9p\u00fcleteket foglalnak el kelet-ukrajnai v\u00e1rosokban &#8211; k\u00f6z\u00f6lte vas\u00e1rnapi nyilatkozat\u00e1ban a brit k\u00fcl\u00fcgyminiszt\u00e9rium.<\/p>\n","protected":false},"author":1,"featured_media":0,"comment_status":"open","ping_status":"closed","sticky":false,"template":"","format":"standard","meta":[],"categories":[139],"tags":[],"_links":{"self":[{"href":"https:\/\/gazdasagportal.hu\/index.php\/wp-json\/wp\/v2\/posts\/32523"}],"collection":[{"href":"https:\/\/gazdasagportal.hu\/index.php\/wp-json\/wp\/v2\/posts"}],"about":[{"href":"https:\/\/gazdasagportal.hu\/index.php\/wp-json\/wp\/v2\/types\/post"}],"author":[{"embeddable":true,"href":"https:\/\/gazdasagportal.hu\/index.php\/wp-json\/wp\/v2\/users\/1"}],"replies":[{"embeddable":true,"href":"https:\/\/gazdasagportal.hu\/index.php\/wp-json\/wp\/v2\/comments?post=32523"}],"version-history":[{"count":1,"href":"https:\/\/gazdasagportal.hu\/index.php\/wp-json\/wp\/v2\/posts\/32523\/revisions"}],"predecessor-version":[{"id":32524,"href":"https:\/\/gazdasagportal.hu\/index.php\/wp-json\/wp\/v2\/posts\/32523\/revisions\/32524"}],"wp:attachment":[{"href":"https:\/\/gazdasagportal.hu\/index.php\/wp-json\/wp\/v2\/media?parent=32523"}],"wp:term":[{"taxonomy":"category","embeddable":true,"href":"https:\/\/gazdasagportal.hu\/index.php\/wp-json\/wp\/v2\/categories?post=32523"},{"taxonomy":"post_tag","embeddable":true,"href":"https:\/\/gazdasagportal.hu\/index.php\/wp-json\/wp\/v2\/tags?post=32523"}],"curies":[{"name":"wp","href":"https:\/\/api.w.org\/{rel}","templated":true}]}}