{"id":3250,"date":"2013-02-20T09:51:45","date_gmt":"2013-02-20T08:51:45","guid":{"rendered":"http:\/\/stockportal.hu\/?p=3250"},"modified":"2013-02-20T09:51:45","modified_gmt":"2013-02-20T08:51:45","slug":"mol-ujabb-olajtalalat-az-irak-kurdisztani-regioban","status":"publish","type":"post","link":"https:\/\/gazdasagportal.hu\/index.php\/mol-ujabb-olajtalalat-az-irak-kurdisztani-regioban\/","title":{"rendered":"Mol: \u00fajabb olajtal\u00e1lat az Irak kurdiszt\u00e1ni r\u00e9gi\u00f3ban"},"content":{"rendered":"<p><strong>Jelent\u0151s mennyis\u00e9g\u0171 \u00e9s j\u00f3 min\u0151s\u00e9g\u0171 olajat tal\u00e1lt a Mol Nyrt. az Irak kurdiszt\u00e1ni r\u00e9gi\u00f3j\u00e1ban zajl\u00f3 kutat\u00e1si programja sor\u00e1n, a r\u00e9gi\u00f3ban ez a harmadik tal\u00e1lata az olajt\u00e1rsas\u00e1gnak.<!--more--><\/strong><\/p>\n<p>A Mol a Budapesti \u00c9rt\u00e9kt\u0151zsde honlapj\u00e1n szerd\u00e1n k\u00f6z\u00f6lte, hogy az Akri-Bijeel blokkban a Bakrman-1 kutat\u00f3f\u00far\u00e1s m\u00e1sodik tesztje sor\u00e1n napi 2616 hord\u00f3 k\u00f6zepes s\u0171r\u0171s\u00e9g\u0171 olaj \u00e9s 5,86 milli\u00f3 k\u00f6bl\u00e1b (1070 hord\u00f3 olajegyen\u00e9rt\u00e9k) g\u00e1z j\u00f6tt a felsz\u00ednre. A k\u00fatban \u00f6t tov\u00e1bbi tesztet tervez a v\u00e1llalat 2013 \u00e1prilis\u00e1ig.<br \/>\nA Mol t\u00e1j\u00e9koztatott arr\u00f3l is, hogy a Bijell-1 k\u00fatn\u00e1l, ahol kor\u00e1bban szint\u00e9n tal\u00e1lt olajat a t\u00e1rsas\u00e1g, v\u00e1rhat\u00f3an az id\u00e9n m\u00e1jusban megkezd\u0151dhet az \u00e9rt\u00e9kes\u00edthet\u0151 sz\u00e9nhidrog\u00e9n termel\u00e9s.<br \/>\nA Shaikan blokkban az els\u0151 termel\u0151 \u00fczem \u00e9p\u00edt\u00e9se hamarosan befejez\u0151dik \u00e9s a tervek szerint az \u00fczem m\u00e1rciusban megkezdi m\u0171k\u00f6d\u00e9s\u00e9t. (MTI)<\/p>\n","protected":false},"excerpt":{"rendered":"<p>Jelent\u0151s mennyis\u00e9g\u0171 \u00e9s j\u00f3 min\u0151s\u00e9g\u0171 olajat tal\u00e1lt a Mol Nyrt. az Irak kurdiszt\u00e1ni r\u00e9gi\u00f3j\u00e1ban zajl\u00f3 kutat\u00e1si programja sor\u00e1n, a r\u00e9gi\u00f3ban ez a harmadik tal\u00e1lata az olajt\u00e1rsas\u00e1gnak.<\/p>\n","protected":false},"author":1,"featured_media":0,"comment_status":"closed","ping_status":"open","sticky":false,"template":"","format":"standard","meta":[],"categories":[8],"tags":[],"_links":{"self":[{"href":"https:\/\/gazdasagportal.hu\/index.php\/wp-json\/wp\/v2\/posts\/3250"}],"collection":[{"href":"https:\/\/gazdasagportal.hu\/index.php\/wp-json\/wp\/v2\/posts"}],"about":[{"href":"https:\/\/gazdasagportal.hu\/index.php\/wp-json\/wp\/v2\/types\/post"}],"author":[{"embeddable":true,"href":"https:\/\/gazdasagportal.hu\/index.php\/wp-json\/wp\/v2\/users\/1"}],"replies":[{"embeddable":true,"href":"https:\/\/gazdasagportal.hu\/index.php\/wp-json\/wp\/v2\/comments?post=3250"}],"version-history":[{"count":2,"href":"https:\/\/gazdasagportal.hu\/index.php\/wp-json\/wp\/v2\/posts\/3250\/revisions"}],"predecessor-version":[{"id":3252,"href":"https:\/\/gazdasagportal.hu\/index.php\/wp-json\/wp\/v2\/posts\/3250\/revisions\/3252"}],"wp:attachment":[{"href":"https:\/\/gazdasagportal.hu\/index.php\/wp-json\/wp\/v2\/media?parent=3250"}],"wp:term":[{"taxonomy":"category","embeddable":true,"href":"https:\/\/gazdasagportal.hu\/index.php\/wp-json\/wp\/v2\/categories?post=3250"},{"taxonomy":"post_tag","embeddable":true,"href":"https:\/\/gazdasagportal.hu\/index.php\/wp-json\/wp\/v2\/tags?post=3250"}],"curies":[{"name":"wp","href":"https:\/\/api.w.org\/{rel}","templated":true}]}}