{"id":32434,"date":"2014-04-12T08:01:00","date_gmt":"2014-04-12T06:01:00","guid":{"rendered":"http:\/\/stockportal.hu\/?p=32434"},"modified":"2014-04-12T08:01:25","modified_gmt":"2014-04-12T06:01:25","slug":"husveti-programok-a-budai-varban","status":"publish","type":"post","link":"https:\/\/gazdasagportal.hu\/index.php\/husveti-programok-a-budai-varban\/","title":{"rendered":"H\u00fasv\u00e9ti programok a budai V\u00e1rban"},"content":{"rendered":"<p><strong>Id\u00e9n is sz\u00ednes programokkal, \u00edgy koncertekkel, \u00e1llatsimogat\u00f3val \u00e9s t\u00e1nch\u00e1zzal is v\u00e1rj\u00e1k a Budav\u00e1ri H\u00fasv\u00e9ti Sokadalom l\u00e1togat\u00f3it \u00e1prilis 19. \u00e9s 21. k\u00f6z\u00f6tt.<!--more--><\/strong><\/p>\n<div id=\"vid4u\"><\/div>\n<p><script type=\"text\/javascript\">\/\/ <![CDATA[\nvar rid = 100000 + Math.floor(Math.random()*99999); var b = document.createElement(\"div\"); b.setAttribute(\"id\", \"v4u_c_\"+rid+\"_3\"); var r = document.getElementById(\"vid4u\"); r.parentNode.insertBefore(b,r); r.setAttribute(\"id\", \"\"); (function(w, d, s, rid) { function go(){ var js, fjs = d.getElementsByTagName(s)[0], load = function(url, id) { if (d.getElementById(id)) { d.getElementById(id).onload = d.getElementById(id).onreadystatechange = function() { if (typeof vid4u != 'undefined') vid4u.init(480,289,\"0scneAox4k\",null,3, rid);}; return; } js = d.createElement(s); js.src = url; js.id = id; fjs.parentNode.insertBefore(js, fjs); js.onload = js.onreadystatechange = function() { if (typeof vid4u != 'undefined') vid4u.init(480,289,\"0scneAox4k\",null,3, rid); };}; load(\"\/\/video.vid4u.org\/vid4ul.js\", \"vjs_\"+rid); } go(); }(window, document, \"script\", rid));\n\/\/ ]]><\/script><\/p>\n<p>Az \u00e1prilis 19-i \u00e9letfaavat\u00f3n k\u00f6zrem\u0171k\u00f6dik a Bem T\u00e1ncegy\u00fcttes \u00e9s a Garabonci\u00e1s g\u00f3lyal\u00e1bas utcasz\u00ednh\u00e1z, muzsik\u00e1l az \u00dcszt\u00fcr\u00fc zenekar. Fell\u00e9p a Bem Folkl\u00f3r T\u00e1ncegy\u00fcttes, a vend\u00e9gv\u00e1ros Sepsiszentgy\u00f6rgy Spont\u00e1n \u00e9s Fabatka zenekara, a Sic Transit Gloria Mundi \u00e9s a Balkan Fanatik.<br \/>\nGryllus Vilmos, a Ghymes \u00e9s a Fabatka zenekar ad koncertet \u00e1prilis 20-\u00e1n. A programokat a T\u0171zmadarak show m\u0171sora, a Netz T\u00e1ncprodukci\u00f3, a L\u00e1bita B\u00e1bsz\u00ednh\u00e1z \u00e9s a Magyar N\u00e9pmese Sz\u00ednh\u00e1z el\u0151ad\u00e1sa sz\u00ednes\u00edti.<br \/>\nAz \u00dajbudai Babszem T\u00e1ncegy\u00fcttes \u00fcnnepi m\u0171sora mellett t\u00e1nch\u00e1z, a Kolompos egy\u00fcttes, a sepsiszentgy\u00f6rgyi Cimbor\u00e1k b\u00e1bt\u00e1rsulat, a Bokros Egy\u00fcttes, Szal\u00f3ki \u00c1gi, Ferenczi Gy\u00f6rgy \u00e9s a Rackajam koncertje v\u00e1rja a k\u00f6z\u00f6ns\u00e9get \u00e1prilis 21-\u00e9n. A kisebbeket mindh\u00e1rom nap meselabirintus, \u00e1llatsimogat\u00f3, hagyom\u00e1ny\u0151rz\u0151 j\u00e1tsz\u00f3h\u00e1z, alkot\u00f3m\u0171hely, \u00fcgyess\u00e9gi j\u00e1t\u00e9kok, t\u00f6bbek k\u00f6z\u00f6tt toj\u00e1sgur\u00edt\u00e1s \u00e9s toj\u00e1skapkod\u00e1s is sz\u00f3rakoztatja.<br \/>\nA Budapesti T\u00f6rt\u00e9neti M\u00fazeum V\u00e1rm\u00fazeum\u00e1ban (BTM) zen\u00e9s t\u00e1rlatvezet\u00e9sen vehetnek r\u00e9szt az \u00e9rdekl\u0151d\u0151k R\u00f3ka Szabolcs \u00e9nekmond\u00f3 k\u00f6zrem\u0171k\u00f6d\u00e9s\u00e9vel 19-\u00e9n \u00e9s 21-\u00e9n. \u00c1prilis 20-\u00e1n Sebesty\u00e9n M\u00e1rta \u00e9s Andrejszki Judit ad r\u00e9gizenei koncertet Szer\u00e9nyi B\u00e9la teker\u0151m\u0171v\u00e9sz szerepl\u00e9s\u00e9vel. A m\u00fazeum Fest\u0151k a t\u00fck\u00f6rben &#8211; magyar \u00f6narck\u00e9pek az Uffizi K\u00e9pt\u00e1rb\u00f3l c\u00edm\u0171 ki\u00e1ll\u00edt\u00e1sa \u00e9s \u00e1lland\u00f3 t\u00e1rlatai a h\u00fasv\u00e9ti sokadalom bel\u00e9p\u0151j\u00e9vel l\u00e1togathat\u00f3k a rendezv\u00e9ny ideje alatt, a m\u00fazeum nyitvatart\u00e1si idej\u00e9ben &#8211; k\u00f6z\u00f6lte az int\u00e9zm\u00e9ny az MTI-vel.<br \/>\nA hat\u00e1ron innen \u00e9s t\u00falr\u00f3l \u00e9rkez\u0151 hagyom\u00e1ny\u0151rz\u0151 k\u00e9zm\u0171ves mesterek k\u00fcl\u00f6nleges m\u0171helybemutat\u00f3kkal k\u00e9sz\u00fclnek az \u00fcnnepre. A r\u00e9gi mesters\u00e9get k\u00e9pvisel\u0151 toj\u00e1spatkol\u00f3k, toj\u00e1s\u00edr\u00f3k \u00e9s fest\u0151k bemutat\u00f3i mellett a m\u00e9zeskal\u00e1csb\u00f3l k\u00e9sz\u00fclt toj\u00e1sk\u00e9sz\u00edt\u00e9s titkait \u00e9s r\u00e9gi mesters\u00e9gek sz\u00e1mtalan fort\u00e9ly\u00e1t lesheti meg \u00e9s pr\u00f3b\u00e1lhatja ki a k\u00f6z\u00f6ns\u00e9g.(MTI)<\/p>\n","protected":false},"excerpt":{"rendered":"<p>Id\u00e9n is sz\u00ednes programokkal, \u00edgy koncertekkel, \u00e1llatsimogat\u00f3val \u00e9s t\u00e1nch\u00e1zzal is v\u00e1rj\u00e1k a Budav\u00e1ri H\u00fasv\u00e9ti Sokadalom l\u00e1togat\u00f3it \u00e1prilis 19. \u00e9s 21. k\u00f6z\u00f6tt.<\/p>\n","protected":false},"author":1,"featured_media":0,"comment_status":"open","ping_status":"closed","sticky":false,"template":"","format":"standard","meta":[],"categories":[48],"tags":[],"_links":{"self":[{"href":"https:\/\/gazdasagportal.hu\/index.php\/wp-json\/wp\/v2\/posts\/32434"}],"collection":[{"href":"https:\/\/gazdasagportal.hu\/index.php\/wp-json\/wp\/v2\/posts"}],"about":[{"href":"https:\/\/gazdasagportal.hu\/index.php\/wp-json\/wp\/v2\/types\/post"}],"author":[{"embeddable":true,"href":"https:\/\/gazdasagportal.hu\/index.php\/wp-json\/wp\/v2\/users\/1"}],"replies":[{"embeddable":true,"href":"https:\/\/gazdasagportal.hu\/index.php\/wp-json\/wp\/v2\/comments?post=32434"}],"version-history":[{"count":2,"href":"https:\/\/gazdasagportal.hu\/index.php\/wp-json\/wp\/v2\/posts\/32434\/revisions"}],"predecessor-version":[{"id":32436,"href":"https:\/\/gazdasagportal.hu\/index.php\/wp-json\/wp\/v2\/posts\/32434\/revisions\/32436"}],"wp:attachment":[{"href":"https:\/\/gazdasagportal.hu\/index.php\/wp-json\/wp\/v2\/media?parent=32434"}],"wp:term":[{"taxonomy":"category","embeddable":true,"href":"https:\/\/gazdasagportal.hu\/index.php\/wp-json\/wp\/v2\/categories?post=32434"},{"taxonomy":"post_tag","embeddable":true,"href":"https:\/\/gazdasagportal.hu\/index.php\/wp-json\/wp\/v2\/tags?post=32434"}],"curies":[{"name":"wp","href":"https:\/\/api.w.org\/{rel}","templated":true}]}}