{"id":32432,"date":"2014-04-12T07:22:19","date_gmt":"2014-04-12T05:22:19","guid":{"rendered":"http:\/\/stockportal.hu\/?p=32432"},"modified":"2014-04-11T22:04:48","modified_gmt":"2014-04-11T20:04:48","slug":"londoni-elemzok-javitjak-kozep-europai-novekedesi-elorejelzesuket","status":"publish","type":"post","link":"https:\/\/gazdasagportal.hu\/index.php\/londoni-elemzok-javitjak-kozep-europai-novekedesi-elorejelzesuket\/","title":{"rendered":"Londoni elemz\u0151k jav\u00edtj\u00e1k k\u00f6z\u00e9p-eur\u00f3pai n\u00f6veked\u00e9si el\u0151rejelz\u00e9s\u00fcket"},"content":{"rendered":"<p><strong>Az elm\u00falt id\u0151szak &#8222;meglep\u0151en robusztus&#8221; aktivit\u00e1si mutat\u00f3i alapj\u00e1n jelent\u0151sen jav\u00edtott\u00e1k k\u00f6z\u00e9p-eur\u00f3pai n\u00f6veked\u00e9si el\u0151rejelz\u00e9s\u00fcket az egyik legnagyobb p\u00e9nz\u00fcgyi szolg\u00e1ltat\u00f3 csoport londoni elemz\u0151i. A JP Morgan szakemberei az els\u0151 negyed\u00e9ves magyar GDP-el\u0151rejelz\u00e9st 0,8 sz\u00e1zal\u00e9kponttal emelt\u00e9k, az \u00e9ves progn\u00f3zist pedig 2,1 sz\u00e1zal\u00e9kr\u00f3l 2,4 sz\u00e1zal\u00e9kra.<!--more--><\/strong><\/p>\n<div id=\"vid4u\"><\/div>\n<p><script type=\"text\/javascript\">\/\/ <![CDATA[\nvar rid = 100000 + Math.floor(Math.random()*99999); var b = document.createElement(\"div\"); b.setAttribute(\"id\", \"v4u_c_\"+rid+\"_3\"); var r = document.getElementById(\"vid4u\"); r.parentNode.insertBefore(b,r); r.setAttribute(\"id\", \"\"); (function(w, d, s, rid) { function go(){ var js, fjs = d.getElementsByTagName(s)[0], load = function(url, id) { if (d.getElementById(id)) { d.getElementById(id).onload = d.getElementById(id).onreadystatechange = function() { if (typeof vid4u != 'undefined') vid4u.init(480,289,\"0scneAox4k\",null,3, rid);}; return; } js = d.createElement(s); js.src = url; js.id = id; fjs.parentNode.insertBefore(js, fjs); js.onload = js.onreadystatechange = function() { if (typeof vid4u != 'undefined') vid4u.init(480,289,\"0scneAox4k\",null,3, rid); };}; load(\"\/\/video.vid4u.org\/vid4ul.js\", \"vjs_\"+rid); } go(); }(window, document, \"script\", rid));\n\/\/ ]]><\/script><\/p>\n<p>A JP Morgan londoni befektet\u00e9si r\u00e9szleg\u00e9nek k\u00f6zgazd\u00e1szai p\u00e9nteken ismertetett, fel\u00fclvizsg\u00e1lt progn\u00f3zisukban k\u00f6z\u00f6lt\u00e9k, hogy a magyar, a cseh, a lengyel \u00e9s a rom\u00e1n gazdas\u00e1g egy\u00fcttes idei els\u0151 negyed\u00e9vi n\u00f6veked\u00e9s\u00e9re adott, szezon\u00e1lis kiigaz\u00edt\u00e1ssal sz\u00e1molt, \u00e9ves szintre vet\u00edtett becsl\u00e9s\u00fcket 1,5 sz\u00e1zal\u00e9kr\u00f3l 2,5 sz\u00e1zal\u00e9kra emelt\u00e9k.<br \/>\nA c\u00e9g a t\u00e9rs\u00e9gi \u00e1tlagon bel\u00fcl a legnagyobb m\u00e9rt\u00e9kben a magyar \u00e9s a cseh el\u0151rejelz\u00e9seit jav\u00edtotta. Az \u00e1ltala haszn\u00e1lt sz\u00e1m\u00edt\u00e1si modell alapj\u00e1n Magyarorsz\u00e1gon a JP Morgan az eddigi 2,0 sz\u00e1zal\u00e9k helyett 2,8 sz\u00e1zal\u00e9kos GDP-n\u00f6veked\u00e9st v\u00e1r az idei els\u0151 negyedre. Csehorsz\u00e1gban a c\u00e9g eddig 0,2 sz\u00e1zal\u00e9kos visszaes\u00e9ssel sz\u00e1molt 2014 els\u0151 h\u00e1rom h\u00f3napj\u00e1ban, most viszont m\u00e1r 2,0 sz\u00e1zal\u00e9kos b\u0151v\u00fcl\u00e9st val\u00f3sz\u00edn\u0171s\u00edt.<br \/>\nAz ugyan\u00edgy sz\u00e1m\u00edtott idei els\u0151 negyed\u00e9vi GDP-n\u00f6veked\u00e9s Lengyelorsz\u00e1gban 3,0 sz\u00e1zal\u00e9k helyett 3,5 sz\u00e1zal\u00e9k, Rom\u00e1ni\u00e1ban z\u00e9r\u00f3 helyett 0,4 sz\u00e1zal\u00e9k lesz a h\u00e1z \u00faj progn\u00f3zisa szerint.<br \/>\nA magyar gazdas\u00e1g idei eg\u00e9sz \u00e9vi n\u00f6veked\u00e9s\u00e9re adott el\u0151rejelz\u00e9s\u00e9t a JP Morgan 2,1 sz\u00e1zal\u00e9kr\u00f3l 2,4 sz\u00e1zal\u00e9kra jav\u00edtotta. Csehorsz\u00e1gban a c\u00e9g az eddig v\u00e1rt 2,3 sz\u00e1zal\u00e9k helyett 2,8 sz\u00e1zal\u00e9kos, Lengyelorsz\u00e1gban 2,8 sz\u00e1zal\u00e9k helyett 3,0 sz\u00e1zal\u00e9kos GDP-n\u00f6veked\u00e9st val\u00f3sz\u00edn\u0171s\u00edt 2014 eg\u00e9sz\u00e9re. Rom\u00e1ni\u00e1ban a h\u00e1z londoni elemz\u0151i v\u00e1ltozatlanul 3,2 sz\u00e1zal\u00e9kos n\u00f6veked\u00e9ssel sz\u00e1molnak az id\u00e9n.<br \/>\nA progn\u00f3zis jav\u00edt\u00e1s\u00e1hoz f\u0171z\u00f6tt indokl\u00e1sukban a JP Morgan k\u00f6zgazd\u00e1szai kiemelt\u00e9k, hogy K\u00f6z\u00e9p-Eur\u00f3pa gazdas\u00e1gai &#8222;er\u0151teljes aktivit\u00e1ssal&#8221; kezdt\u00e9k 2014-et. A c\u00e9g elemz\u0151it k\u00fcl\u00f6n\u00f6sen a kiskereskedelmi forgalom lepte meg, de a n\u00e9gy gazdas\u00e1g \u00e9p\u00edt\u0151ipar\u00e1nak \u00e9s feldolgoz\u00f3szektor\u00e1nak teljes\u00edtm\u00e9nye is meghaladta v\u00e1rakoz\u00e1sukat.<br \/>\nA h\u00e1z szerint ezekben az orsz\u00e1gokban egyre t\u00f6bb jele van a fogyaszt\u00f3i der\u0171l\u00e1t\u00e1snak, \u00e9s ez al\u00e1t\u00e1masztja a c\u00e9g azon v\u00e9lem\u00e9ny\u00e9t, hogy az er\u0151teljes exportteljes\u00edtm\u00e9ny mellett most m\u00e1r fokozatosan \u00e9l\u00e9nk\u00fcl a hazai kereslet is e gazdas\u00e1gokban &#8211; \u00e1ll a JP Morgan p\u00e9nteki londoni elemz\u00e9s\u00e9ben.<br \/>\nUgyanezt \u00e1llap\u00edtott\u00e1k meg p\u00e9nteki t\u00e9rs\u00e9gi helyzet\u00e9rt\u00e9kel\u00e9s\u00fckben a Bank of America-Merrill Lynch bankcsoport londoni elemz\u0151r\u00e9szleg\u00e9nek (BofA Merrill Lynch Global Research) k\u00f6zgazd\u00e1szai. A h\u00e1z szerint a n\u00e9gy k\u00f6z\u00e9p-eur\u00f3pai EU-gazdas\u00e1gban &#8222;l\u00e1that\u00f3an felgyorsult&#8221; a GDP-n\u00f6veked\u00e9s a legut\u00f3bbi k\u00e9t negyed\u00e9vben, \u00e9s ebben az exportrendel\u00e9sek b\u0151v\u00fcl\u00e9se mellett a hazai kereslet er\u0151s\u00f6d\u00e9s\u00e9nek hat\u00e1sa is l\u00e1tszik.<br \/>\nA c\u00e9g szerint ez nem csup\u00e1n &#8222;az esem\u00e9nyek szerencs\u00e9s fordulata&#8221;: t\u00f6bb\u00e9ves kil\u00e1bal\u00e1si folyamat kezdet\u00e9r\u0151l van sz\u00f3, amely a 2008-2013 k\u00f6z\u00f6tt lezajlott p\u00e9nz\u00fcgyim\u00e9rleg-kiigaz\u00edt\u00e1sok \u00e9s a t\u00f6rt\u00e9nelmi m\u00e9lypontokon j\u00e1r\u00f3 kamatok el\u0151ny\u00f6s hat\u00e1saira \u00e9p\u00fcl, valamint arra, hogy a magyar, a lengyel, a cseh \u00e9s a rom\u00e1n gazdas\u00e1g m\u00e9g mindig vonz\u00f3 a k\u00f6zvetlen k\u00fclf\u00f6ldi befektet\u00e9sek sz\u00e1m\u00e1ra.<br \/>\nA Bank of America-Merrill Lynch londoni elemz\u0151i az idei \u00e9vre 2,6, 2015-ben 3,0 sz\u00e1zal\u00e9kos GDP-n\u00f6veked\u00e9st v\u00e1rnak a magyar gazdas\u00e1gban. A h\u00e1z Lengyelorsz\u00e1gban az id\u00e9n 2,8, j\u00f6v\u0151re 3,8 sz\u00e1zal\u00e9kos, Csehorsz\u00e1gban 2,3, illetve 2,6, Rom\u00e1ni\u00e1ban 2,8, illetve 3,3 sz\u00e1zal\u00e9kos n\u00f6veked\u00e9st val\u00f3sz\u00edn\u0171s\u00edt 2014-ben \u00e9s 2015-ben.<br \/>\nAz ut\u00f3bbi id\u0151szakban m\u00e1s nagy londoni h\u00e1zak is jav\u00edtott\u00e1k a k\u00f6z\u00e9p-eur\u00f3pai EU-gazdas\u00e1gokra, k\u00f6zt\u00fck Magyarorsz\u00e1gra adott progn\u00f3zisaikat, b\u00e1r vannak olyan citybeli v\u00e9lem\u00e9nyek, hogy a magyar gazdas\u00e1g n\u00f6veked\u00e9se a v\u00e1laszt\u00e1sok el\u0151tti serkent\u0151 int\u00e9zked\u00e9sek hat\u00e1s\u00e1nak m\u00falt\u00e1val j\u00f6v\u0151re valamelyest lassulhat.<br \/>\nA Morgan Stanley bankcsoport londoni befektet\u00e9si r\u00e9szleg\u00e9nek elemz\u0151st\u00e1bja a minap k\u00f6z\u00f6lte, hogy Magyarorsz\u00e1gon az id\u00e9n 2,4 sz\u00e1zal\u00e9kos, j\u00f6v\u0151re 2 sz\u00e1zal\u00e9kos gazdas\u00e1gi n\u00f6veked\u00e9st v\u00e1r az eddigi progn\u00f3zis\u00e1ban szerepl\u0151 2,2, illetve 1,9 sz\u00e1zal\u00e9k helyett.<br \/>\nA h\u00e1z az idei \u00e9s j\u00f6v\u0151 \u00e9vi lengyel n\u00f6veked\u00e9sre adott el\u0151rejelz\u00e9s\u00e9t 3,5, illetve 4,2 sz\u00e1zal\u00e9kra jav\u00edtotta az eddig v\u00e1rt 3,2 \u00e9s 3,6 sz\u00e1zal\u00e9kr\u00f3l. A Morgan Stanley elemz\u0151i Csehorsz\u00e1gban az id\u00e9n 2,1 sz\u00e1zal\u00e9kos, 2015-ben 2,6 sz\u00e1zal\u00e9kos GDP-n\u00f6veked\u00e9ssel sz\u00e1molnak a kor\u00e1bbi progn\u00f3zisukban val\u00f3sz\u00edn\u0171s\u00edtett 1,7, illetve 2,5 sz\u00e1zal\u00e9k helyett.<br \/>\nA c\u00e9g elemz\u0151i a fel\u00fclvizsg\u00e1lat okai k\u00f6z\u00f6tt kiemelt\u00e9k, hogy a h\u00e1rom gazdas\u00e1g tavalyi negyedik negyed\u00e9vi GDP-adataiban m\u00e1r l\u00e1tszik a n\u00f6veked\u00e9si modell elmozdul\u00e1sa a nett\u00f3 exportr\u00f3l az egyre kiegyens\u00falyozottabb \u00f6sszet\u00e9tel fel\u00e9.<br \/>\nAz egyik legnagyobb londoni gazdas\u00e1gi-p\u00e9nz\u00fcgyi elemz\u0151h\u00e1z, a Capital Economics k\u00f6zgazd\u00e1szainak leg\u00fajabb \u00e1tfog\u00f3 negyed\u00e9ves progn\u00f3zisa szerint Magyarorsz\u00e1gon az id\u00e9n 2,5 sz\u00e1zal\u00e9kos GDP-n\u00f6veked\u00e9s v\u00e1rhat\u00f3. A c\u00e9g ugyanakkor azzal sz\u00e1mol, hogy a v\u00e1laszt\u00e1sok el\u0151tti gazdas\u00e1g\u00e9l\u00e9nk\u00edt\u0151 l\u00e9p\u00e9sek az idei m\u00e1sodik f\u00e9l\u00e9vt\u0151l kifutnak, \u00e9s a k\u00f6lts\u00e9gvet\u00e9si politik\u00e1t szigor\u00edtani kell majd. Emiatt a Capital Economics &#8211; a Morgan Stanley el\u0151rejelz\u00e9s\u00e9hez hasonl\u00f3an &#8211; 2015-re 2,0 sz\u00e1zal\u00e9kos n\u00f6veked\u00e9st val\u00f3sz\u00edn\u0171s\u00edt a magyar gazdas\u00e1gban.(MTI)<\/p>\n","protected":false},"excerpt":{"rendered":"<p>Az elm\u00falt id\u0151szak &#8222;meglep\u0151en robusztus&#8221; aktivit\u00e1si mutat\u00f3i alapj\u00e1n jelent\u0151sen jav\u00edtott\u00e1k k\u00f6z\u00e9p-eur\u00f3pai n\u00f6veked\u00e9si el\u0151rejelz\u00e9s\u00fcket az egyik legnagyobb p\u00e9nz\u00fcgyi szolg\u00e1ltat\u00f3 csoport londoni elemz\u0151i. A JP Morgan szakemberei az els\u0151 negyed\u00e9ves magyar GDP-el\u0151rejelz\u00e9st 0,8 sz\u00e1zal\u00e9kponttal emelt\u00e9k, az \u00e9ves progn\u00f3zist pedig 2,1 sz\u00e1zal\u00e9kr\u00f3l 2,4 sz\u00e1zal\u00e9kra.<\/p>\n","protected":false},"author":1,"featured_media":0,"comment_status":"open","ping_status":"closed","sticky":false,"template":"","format":"standard","meta":[],"categories":[19],"tags":[],"_links":{"self":[{"href":"https:\/\/gazdasagportal.hu\/index.php\/wp-json\/wp\/v2\/posts\/32432"}],"collection":[{"href":"https:\/\/gazdasagportal.hu\/index.php\/wp-json\/wp\/v2\/posts"}],"about":[{"href":"https:\/\/gazdasagportal.hu\/index.php\/wp-json\/wp\/v2\/types\/post"}],"author":[{"embeddable":true,"href":"https:\/\/gazdasagportal.hu\/index.php\/wp-json\/wp\/v2\/users\/1"}],"replies":[{"embeddable":true,"href":"https:\/\/gazdasagportal.hu\/index.php\/wp-json\/wp\/v2\/comments?post=32432"}],"version-history":[{"count":1,"href":"https:\/\/gazdasagportal.hu\/index.php\/wp-json\/wp\/v2\/posts\/32432\/revisions"}],"predecessor-version":[{"id":32433,"href":"https:\/\/gazdasagportal.hu\/index.php\/wp-json\/wp\/v2\/posts\/32432\/revisions\/32433"}],"wp:attachment":[{"href":"https:\/\/gazdasagportal.hu\/index.php\/wp-json\/wp\/v2\/media?parent=32432"}],"wp:term":[{"taxonomy":"category","embeddable":true,"href":"https:\/\/gazdasagportal.hu\/index.php\/wp-json\/wp\/v2\/categories?post=32432"},{"taxonomy":"post_tag","embeddable":true,"href":"https:\/\/gazdasagportal.hu\/index.php\/wp-json\/wp\/v2\/tags?post=32432"}],"curies":[{"name":"wp","href":"https:\/\/api.w.org\/{rel}","templated":true}]}}