{"id":32430,"date":"2014-04-12T06:38:30","date_gmt":"2014-04-12T04:38:30","guid":{"rendered":"http:\/\/stockportal.hu\/?p=32430"},"modified":"2014-04-11T22:01:31","modified_gmt":"2014-04-11T20:01:31","slug":"jacenyuk-a-krim-meg-eletunkben-visszater-ukrajnahoz","status":"publish","type":"post","link":"https:\/\/gazdasagportal.hu\/index.php\/jacenyuk-a-krim-meg-eletunkben-visszater-ukrajnahoz\/","title":{"rendered":"Jacenyuk: A Kr\u00edm m\u00e9g \u00e9let\u00fcnkben visszat\u00e9r Ukrajn\u00e1hoz"},"content":{"rendered":"<p><strong>Arszenyij Jacenyuk ukr\u00e1n minisztereln\u00f6knek meggy\u0151z\u0151d\u00e9se, hogy Ukrajna id\u0151vel visszakapja a fennhat\u00f3s\u00e1g\u00e1t az Oroszorsz\u00e1g \u00e1ltal bekebelezett Kr\u00edm f\u00e9lsziget felett. Err\u0151l a korm\u00e1nyf\u0151 p\u00e9nteken besz\u00e9lt egy telev\u00edzi\u00f3s interj\u00faban.<!--more--><\/strong><\/p>\n<div id=\"vid4u\"><\/div>\n<p><script type=\"text\/javascript\">\/\/ <![CDATA[\nvar rid = 100000 + Math.floor(Math.random()*99999); var b = document.createElement(\"div\"); b.setAttribute(\"id\", \"v4u_c_\"+rid+\"_3\"); var r = document.getElementById(\"vid4u\"); r.parentNode.insertBefore(b,r); r.setAttribute(\"id\", \"\"); (function(w, d, s, rid) { function go(){ var js, fjs = d.getElementsByTagName(s)[0], load = function(url, id) { if (d.getElementById(id)) { d.getElementById(id).onload = d.getElementById(id).onreadystatechange = function() { if (typeof vid4u != 'undefined') vid4u.init(480,289,\"0scneAox4k\",null,3, rid);}; return; } js = d.createElement(s); js.src = url; js.id = id; fjs.parentNode.insertBefore(js, fjs); js.onload = js.onreadystatechange = function() { if (typeof vid4u != 'undefined') vid4u.init(480,289,\"0scneAox4k\",null,3, rid); };}; load(\"\/\/video.vid4u.org\/vid4ul.js\", \"vjs_\"+rid); } go(); }(window, document, \"script\", rid));\n\/\/ ]]><\/script><\/p>\n<p>&#8222;Igaz, ez a k\u00e9rd\u00e9s gyorsan \u00e9s egyszer\u0171en nem old\u00f3dik meg. Csak arr\u00f3l biztos\u00edthatok mindenkit, hogy m\u00e9g a mi \u00e9let\u00fcnkben bocs\u00e1natot k\u00e9rnek az ukr\u00e1n n\u00e9pt\u0151l azok, akik elfoglalt\u00e1k a Kr\u00edmet, \u00e9s Ukrajna \u00fajra ellen\u0151rz\u00e9se al\u00e1 veszi ter\u00fclet\u00e9t, a Kr\u00edmi Auton\u00f3m K\u00f6zt\u00e1rsas\u00e1got&#8221; &#8211; fogalmazott a korm\u00e1nyf\u0151.<br \/>\nJacenyuk egy\u00e9bk\u00e9nt az orsz\u00e1g d\u00e9lkeleti r\u00e9sz\u00e9n kialakult helyzetet komment\u00e1lva \u00fagy v\u00e9lte, hogy minden es\u00e9ly megvan a konfliktus b\u00e9k\u00e9s rendez\u00e9s\u00e9re.<br \/>\n&#8222;Mindent meg kell tenn\u00fcnk annak \u00e9rdek\u00e9ben, hogy ezek az emberek \u00f6nk\u00e9nt kij\u00f6jjenek az elfoglalt hivatali \u00e9p\u00fcletekb\u0151l, letegy\u00e9k a fegyvert, ne k\u00f6vessenek el terrorista cselekm\u00e9nyeket \u00e9s ne fenyegess\u00e9k a lakoss\u00e1g biztons\u00e1g\u00e1t&#8221; &#8211; hangs\u00falyozta.<br \/>\n\u00c1prilis 6-7-\u00e9n h\u00e1rom kelet-ukrajnai v\u00e1rosban &#8211; Harkivban, Donyeckben \u00e9s Luhanszkban &#8211; radik\u00e1lis oroszbar\u00e1t t\u00fcntet\u0151k megrohamozt\u00e1k \u00e9s megsz\u00e1llt\u00e1k a helyi megyei adminisztr\u00e1ci\u00f3 \u00e9p\u00fclet\u00e9t, Luhanszkban \u00e9s Donyeckben az SZBU hivatal\u00e1t is.<br \/>\nA t\u00fcntet\u0151k f\u00fcggetlens\u00e9get akarnak a megy\u00e9knek, de elhangzottak olyan k\u00f6vetel\u00e9sek is, hogy a Kr\u00edmhez hasonl\u00f3an az eml\u00edtett ter\u00fcletek is csatlakozzanak Oroszorsz\u00e1ghoz.<br \/>\nHarkivban a bel\u00fcgyminiszt\u00e9rium kedden terrorizmusellenes m\u0171veletet kezdett, amelynek eredm\u00e9nyek\u00e9ppen egyetlen l\u00f6v\u00e9s n\u00e9lk\u00fcl megtiszt\u00edtotta a szakad\u00e1rokt\u00f3l a harkivi megyei adminisztr\u00e1ci\u00f3 \u00e9p\u00fclet\u00e9t, valamint mintegy 70 oroszbar\u00e1t \u00e9p\u00fcletfoglal\u00f3t \u0151rizetbe vettek a hat\u00f3s\u00e1gok. A v\u00e1rosban a szakad\u00e1rok el\u0151z\u0151 nap kiki\u00e1ltott\u00e1k a &#8222;harkivi n\u00e9pi k\u00f6zt\u00e1rsas\u00e1got&#8221;.<br \/>\nDonyeckben &#8211; ahol szint\u00e9n kiki\u00e1ltott\u00e1k a &#8222;f\u00fcggetlen donyecki k\u00f6zt\u00e1rsas\u00e1got&#8221; &#8211; a t\u00fcntet\u0151k m\u00e9g mindig megsz\u00e1llva tartj\u00e1k a megyei adminisztr\u00e1ci\u00f3, Luhanszkban pedig az SZBU \u00e9p\u00fclet\u00e9t.<br \/>\nArszenyij Jacenyuk p\u00e9nteken Donyeckben folytatott megbesz\u00e9l\u00e9st helyi vezet\u0151kkel, az oroszbar\u00e1t aktivist\u00e1k vezet\u0151ivel azonban nem volt hajland\u00f3 tal\u00e1lkozni.(MTI)<\/p>\n","protected":false},"excerpt":{"rendered":"<p>Arszenyij Jacenyuk ukr\u00e1n minisztereln\u00f6knek meggy\u0151z\u0151d\u00e9se, hogy Ukrajna id\u0151vel visszakapja a fennhat\u00f3s\u00e1g\u00e1t az Oroszorsz\u00e1g \u00e1ltal bekebelezett Kr\u00edm f\u00e9lsziget felett. Err\u0151l a korm\u00e1nyf\u0151 p\u00e9nteken besz\u00e9lt egy telev\u00edzi\u00f3s interj\u00faban.<\/p>\n","protected":false},"author":1,"featured_media":0,"comment_status":"open","ping_status":"closed","sticky":false,"template":"","format":"standard","meta":[],"categories":[139],"tags":[],"_links":{"self":[{"href":"https:\/\/gazdasagportal.hu\/index.php\/wp-json\/wp\/v2\/posts\/32430"}],"collection":[{"href":"https:\/\/gazdasagportal.hu\/index.php\/wp-json\/wp\/v2\/posts"}],"about":[{"href":"https:\/\/gazdasagportal.hu\/index.php\/wp-json\/wp\/v2\/types\/post"}],"author":[{"embeddable":true,"href":"https:\/\/gazdasagportal.hu\/index.php\/wp-json\/wp\/v2\/users\/1"}],"replies":[{"embeddable":true,"href":"https:\/\/gazdasagportal.hu\/index.php\/wp-json\/wp\/v2\/comments?post=32430"}],"version-history":[{"count":1,"href":"https:\/\/gazdasagportal.hu\/index.php\/wp-json\/wp\/v2\/posts\/32430\/revisions"}],"predecessor-version":[{"id":32431,"href":"https:\/\/gazdasagportal.hu\/index.php\/wp-json\/wp\/v2\/posts\/32430\/revisions\/32431"}],"wp:attachment":[{"href":"https:\/\/gazdasagportal.hu\/index.php\/wp-json\/wp\/v2\/media?parent=32430"}],"wp:term":[{"taxonomy":"category","embeddable":true,"href":"https:\/\/gazdasagportal.hu\/index.php\/wp-json\/wp\/v2\/categories?post=32430"},{"taxonomy":"post_tag","embeddable":true,"href":"https:\/\/gazdasagportal.hu\/index.php\/wp-json\/wp\/v2\/tags?post=32430"}],"curies":[{"name":"wp","href":"https:\/\/api.w.org\/{rel}","templated":true}]}}