{"id":32428,"date":"2014-04-12T05:54:00","date_gmt":"2014-04-12T03:54:00","guid":{"rendered":"http:\/\/stockportal.hu\/?p=32428"},"modified":"2014-04-11T21:58:15","modified_gmt":"2014-04-11T19:58:15","slug":"bajnai-az-igazsagosabb-valasztasi-rendszer-lehetoseg-a-javitasra","status":"publish","type":"post","link":"https:\/\/gazdasagportal.hu\/index.php\/bajnai-az-igazsagosabb-valasztasi-rendszer-lehetoseg-a-javitasra\/","title":{"rendered":"Bajnai: az igazs\u00e1gosabb v\u00e1laszt\u00e1si rendszer lehet\u0151s\u00e9g a jav\u00edt\u00e1sra"},"content":{"rendered":"<p><strong>Bajnai Gordon jav\u00edt\u00e1sban, j\u00f3 szerepl\u00e9sben b\u00edzik a m\u00e1jusi eur\u00f3pai parlamenti (EP-) v\u00e1laszt\u00e1son, amely szavai szerint egy igazs\u00e1gosabb v\u00e1laszt\u00e1si rendszerben zajlik.<!--more--><\/strong><\/p>\n<div id=\"vid4u\"><\/div>\n<p><script type=\"text\/javascript\">\/\/ <![CDATA[\nvar rid = 100000 + Math.floor(Math.random()*99999); var b = document.createElement(\"div\"); b.setAttribute(\"id\", \"v4u_c_\"+rid+\"_3\"); var r = document.getElementById(\"vid4u\"); r.parentNode.insertBefore(b,r); r.setAttribute(\"id\", \"\"); (function(w, d, s, rid) { function go(){ var js, fjs = d.getElementsByTagName(s)[0], load = function(url, id) { if (d.getElementById(id)) { d.getElementById(id).onload = d.getElementById(id).onreadystatechange = function() { if (typeof vid4u != 'undefined') vid4u.init(480,289,\"0scneAox4k\",null,3, rid);}; return; } js = d.createElement(s); js.src = url; js.id = id; fjs.parentNode.insertBefore(js, fjs); js.onload = js.onreadystatechange = function() { if (typeof vid4u != 'undefined') vid4u.init(480,289,\"0scneAox4k\",null,3, rid); };}; load(\"\/\/video.vid4u.org\/vid4ul.js\", \"vjs_\"+rid); } go(); }(window, document, \"script\", rid));\n\/\/ ]]><\/script><\/p>\n<p>Az Egy\u00fctt-PM p\u00e1rtsz\u00f6vets\u00e9g vezet\u0151je p\u00e9nteken Veszpr\u00e9mben azt mondta: ritk\u00e1n ad\u00f3dik olyan es\u00e9ly, hogy egy nagy veres\u00e9g ut\u00e1n r\u00f6gt\u00f6n lehet\u0151s\u00e9g legyen a sz\u00e9p\u00edt\u00e9sre. Sajt\u00f3t\u00e1j\u00e9koztat\u00f3j\u00e1n hangs\u00falyozta: &#8222;rengeteg polg\u00e1rban van meg a hangulat, hogy sz\u00e9p\u00edts\u00fcnk&#8221;, sokan szeretn\u00e9k megmutatni a vil\u00e1g \u00e9s saj\u00e1t maguk sz\u00e1m\u00e1ra &#8222;az orsz\u00e1g szebbik arc\u00e1t&#8221;.<br \/>\nAz EP-v\u00e1laszt\u00e1s &#8211; amely az alig egy \u00e9ve alakult p\u00e1rtsz\u00f6vets\u00e9g els\u0151 \u00f6n\u00e1ll\u00f3 megm\u00e9ret\u00e9se lesz &#8211; &#8222;nem Orb\u00e1n Viktor v\u00e1laszt\u00e1si rendszer\u00e9ben zajlik&#8221;, hanem egy igazs\u00e1gosabb elj\u00e1r\u00e1sban, amely lehet\u0151s\u00e9get ad a p\u00e1rtok verseny\u00e9nek &#8211; fogalmazott.<br \/>\nA mand\u00e1tumok eloszl\u00e1s\u00e1t d\u00f6nt\u0151en a r\u00e9szv\u00e9teli ar\u00e1ny fogja meghat\u00e1rozni &#8211; tette hozz\u00e1.<br \/>\nBajnai Gordon k\u00f6z\u00f6lte: meg szeretn\u00e9k mutatni, hogy &#8222;csak az\u00e9rt is l\u00e9tezik egy jelent\u0151s t\u00f6meg, amely nem el\u00e9gedett azzal, ami az orsz\u00e1gban t\u00f6rt\u00e9nik&#8221;.<br \/>\nK\u00e9rd\u00e9sre elmondta: az Egy\u00fctt-PM le akarja v\u00e1ltani Tarl\u00f3s Istv\u00e1n f\u0151polg\u00e1rmestert, \u00e9s &#8222;v\u00e9get akar vetni annak a politik\u00e1nak, amely Budapestet egy \u00e9lhet\u0151, szabad szellem\u0171 v\u00e1rosb\u00f3l Orb\u00e1niszt\u00e1n egyik v\u00e1ros\u00e1v\u00e1 tette. (&#8230;) Nem f\u0151v\u00e1ros\u00e1v\u00e1, mert az Felcs\u00fat&#8221; \u2013 fogalmazott.<br \/>\nOlyan f\u0151polg\u00e1rmester-jel\u00f6ltet kell tal\u00e1lniuk, aki k\u00e9pes elnyerni nagyon sokf\u00e9le f\u0151v\u00e1rosi szavaz\u00f3 bizalm\u00e1t, de a jel\u00f6ltkeres\u00e9s m\u00e9g folyamatban van: &#8222;a demokratikus ellenz\u00e9k ezt a jel\u00f6ltet m\u00e9g nem tal\u00e1lta meg&#8221; \u2013 mondta.<br \/>\nOrb\u00e1n Viktor rendszer\u00e9t jogszer\u0171en kell megd\u00f6nteni, de az \u00faj h\u00e1zszab\u00e1ly jelent\u0151sen cs\u00f6kkenti a parlamenti politiz\u00e1l\u00e1s szerep\u00e9t, &#8222;ez\u00e9rt sz\u00fcks\u00e9gesek olyan parlamenten k\u00edv\u00fcli k\u00f6r\u00f6k, civil mozgalmak, amelyek k\u00e9pesek magukat megszervezni&#8221; \u2013 fogalmazott. Hozz\u00e1tette: p\u00e1rtsz\u00f6vets\u00e9g\u00fck eddig is parlamenten k\u00edv\u00fcl politiz\u00e1lt, m\u00e9gis \u00e9rdemi hat\u00e1suk volt.(MTI)<\/p>\n","protected":false},"excerpt":{"rendered":"<p>Bajnai Gordon jav\u00edt\u00e1sban, j\u00f3 szerepl\u00e9sben b\u00edzik a m\u00e1jusi eur\u00f3pai parlamenti (EP-) v\u00e1laszt\u00e1son, amely szavai szerint egy igazs\u00e1gosabb v\u00e1laszt\u00e1si rendszerben zajlik.<\/p>\n","protected":false},"author":1,"featured_media":0,"comment_status":"open","ping_status":"closed","sticky":false,"template":"","format":"standard","meta":[],"categories":[18],"tags":[],"_links":{"self":[{"href":"https:\/\/gazdasagportal.hu\/index.php\/wp-json\/wp\/v2\/posts\/32428"}],"collection":[{"href":"https:\/\/gazdasagportal.hu\/index.php\/wp-json\/wp\/v2\/posts"}],"about":[{"href":"https:\/\/gazdasagportal.hu\/index.php\/wp-json\/wp\/v2\/types\/post"}],"author":[{"embeddable":true,"href":"https:\/\/gazdasagportal.hu\/index.php\/wp-json\/wp\/v2\/users\/1"}],"replies":[{"embeddable":true,"href":"https:\/\/gazdasagportal.hu\/index.php\/wp-json\/wp\/v2\/comments?post=32428"}],"version-history":[{"count":1,"href":"https:\/\/gazdasagportal.hu\/index.php\/wp-json\/wp\/v2\/posts\/32428\/revisions"}],"predecessor-version":[{"id":32429,"href":"https:\/\/gazdasagportal.hu\/index.php\/wp-json\/wp\/v2\/posts\/32428\/revisions\/32429"}],"wp:attachment":[{"href":"https:\/\/gazdasagportal.hu\/index.php\/wp-json\/wp\/v2\/media?parent=32428"}],"wp:term":[{"taxonomy":"category","embeddable":true,"href":"https:\/\/gazdasagportal.hu\/index.php\/wp-json\/wp\/v2\/categories?post=32428"},{"taxonomy":"post_tag","embeddable":true,"href":"https:\/\/gazdasagportal.hu\/index.php\/wp-json\/wp\/v2\/tags?post=32428"}],"curies":[{"name":"wp","href":"https:\/\/api.w.org\/{rel}","templated":true}]}}