{"id":32421,"date":"2014-04-11T19:20:21","date_gmt":"2014-04-11T17:20:21","guid":{"rendered":"http:\/\/stockportal.hu\/?p=32421"},"modified":"2014-04-11T17:31:59","modified_gmt":"2014-04-11T15:31:59","slug":"lmp-a-paks-ii-vezetoi-titokban-ujabb-megallapodasokat-keszitenek-elo","status":"publish","type":"post","link":"https:\/\/gazdasagportal.hu\/index.php\/lmp-a-paks-ii-vezetoi-titokban-ujabb-megallapodasokat-keszitenek-elo\/","title":{"rendered":"LMP: a Paks II. vezet\u0151i titokban \u00fajabb meg\u00e1llapod\u00e1sokat k\u00e9sz\u00edtenek el\u0151"},"content":{"rendered":"<p><strong>Az LMP inform\u00e1ci\u00f3i szerint a j\u00f6v\u0151 h\u00e9ten Moszkv\u00e1ban folytat\u00f3dnak az egyeztet\u00e9sek a paksi b\u0151v\u00edt\u00e9sr\u0151l, \u00e9s az MVM Paks II. Atomer\u0151m\u0171 Fejleszt\u0151 Zrt. vez\u00e9rkara titokban \u00fajabb meg\u00e1llapod\u00e1sokat k\u00e9sz\u00edt el\u0151 &#8211; k\u00f6z\u00f6lte p\u00e9nteken a p\u00e1rt t\u00e1rseln\u00f6ke az MTI-vel.<!--more--><\/strong><\/p>\n<div id=\"vid4u\"><\/div>\n<p><script type=\"text\/javascript\">\/\/ <![CDATA[\nvar rid = 100000 + Math.floor(Math.random()*99999); var b = document.createElement(\"div\"); b.setAttribute(\"id\", \"v4u_c_\"+rid+\"_3\"); var r = document.getElementById(\"vid4u\"); r.parentNode.insertBefore(b,r); r.setAttribute(\"id\", \"\"); (function(w, d, s, rid) { function go(){ var js, fjs = d.getElementsByTagName(s)[0], load = function(url, id) { if (d.getElementById(id)) { d.getElementById(id).onload = d.getElementById(id).onreadystatechange = function() { if (typeof vid4u != 'undefined') vid4u.init(480,289,\"0scneAox4k\",null,3, rid);}; return; } js = d.createElement(s); js.src = url; js.id = id; fjs.parentNode.insertBefore(js, fjs); js.onload = js.onreadystatechange = function() { if (typeof vid4u != 'undefined') vid4u.init(480,289,\"0scneAox4k\",null,3, rid); };}; load(\"\/\/video.vid4u.org\/vid4ul.js\", \"vjs_\"+rid); } go(); }(window, document, \"script\", rid));\n\/\/ ]]><\/script><\/p>\n<p>Sz\u00e9l Bernadett az LMP nev\u00e9ben felsz\u00f3l\u00edtotta a korm\u00e1nyt, hogy azonnal \u00e1ll\u00edtsanak le minden tov\u00e1bbi egyeztet\u00e9st, \u00e9s az eddigi meg\u00e1llapod\u00e1sokat hozz\u00e1k nyilv\u00e1noss\u00e1gra. Vissza kell l\u00e9pni a b\u0151v\u00edt\u00e9st\u0151l, hiszen k\u00f6r\u00fcl\u00f6tte tov\u00e1bbra is teljes a titkol\u00f3z\u00e1s, ek\u00f6zben pedig az Orb\u00e1n-korm\u00e1ny partnere \u00e9ppen katon\u00e1kat vonultat fel az ukr\u00e1n hat\u00e1ron &#8211; jelentette ki.<br \/>\nA Lehet M\u00e1s a Politika szerint az atomer\u0151m\u0171 b\u0151v\u00edt\u00e9se elhib\u00e1zott gazdas\u00e1gi, energetikai, \u00e9s munkahely-teremt\u00e9si okb\u00f3l is, de k\u00fcl\u00f6n\u00f6sen aggaszt\u00f3, hogy az Orb\u00e1n-korm\u00e1ny \u00fagy folytatja az egyeztet\u00e9seket az orosz partnerrel, hogy tudom\u00e1st sem vesz az ukrajnai agresszi\u00f3 fejlem\u00e9nyeir\u0151l &#8211; folytatja. K\u00fcl\u00f6n kiemeli, hogy a p\u00e1rt t\u00f6bb beadv\u00e1nnyal is a b\u00edr\u00f3s\u00e1ghoz fordult, hogy ne lehessen az orsz\u00e1g el\u0151tt tov\u00e1bb titokban tartani a meg\u00e1llapod\u00e1s r\u00e9szleteit.<br \/>\nOroszorsz\u00e1g \u00e9ppen csapatokat k\u00fcld az ukr\u00e1n hat\u00e1rra, az Eur\u00f3pa Tan\u00e1cs parlamenti k\u00f6zgy\u0171l\u00e9se pedig alig egy napja f\u00fcggesztette fel az orsz\u00e1g szavazati jog\u00e1t szankci\u00f3k\u00e9nt a Kr\u00edm elfoglal\u00e1sa miatt &#8211; eml\u00e9keztetett Sz\u00e9l Bernadett. Az Orb\u00e1n-korm\u00e1nynak ebben a helyzetben sokkal ink\u00e1bb Magyarorsz\u00e1g f\u00fcggetlens\u00e9g\u00e9\u00e9rt kellene dolgoznia, nem pedig azon, hogy min\u00e9l szorosabbra f\u0171zze a viszonyt az Eur\u00f3p\u00e1ban fokozatosan elszigetel\u0151d\u0151, az \u00e9rdekeit er\u0151szakkal is \u00e9rv\u00e9nyes\u00edt\u0151 hatalommal &#8211; z\u00e1rta k\u00f6zlem\u00e9ny\u00e9t.(MTI)<\/p>\n","protected":false},"excerpt":{"rendered":"<p>Az LMP inform\u00e1ci\u00f3i szerint a j\u00f6v\u0151 h\u00e9ten Moszkv\u00e1ban folytat\u00f3dnak az egyeztet\u00e9sek a paksi b\u0151v\u00edt\u00e9sr\u0151l, \u00e9s az MVM Paks II. Atomer\u0151m\u0171 Fejleszt\u0151 Zrt. vez\u00e9rkara titokban \u00fajabb meg\u00e1llapod\u00e1sokat k\u00e9sz\u00edt el\u0151 &#8211; k\u00f6z\u00f6lte p\u00e9nteken a p\u00e1rt t\u00e1rseln\u00f6ke az MTI-vel.<\/p>\n","protected":false},"author":1,"featured_media":0,"comment_status":"open","ping_status":"closed","sticky":false,"template":"","format":"standard","meta":[],"categories":[19],"tags":[],"_links":{"self":[{"href":"https:\/\/gazdasagportal.hu\/index.php\/wp-json\/wp\/v2\/posts\/32421"}],"collection":[{"href":"https:\/\/gazdasagportal.hu\/index.php\/wp-json\/wp\/v2\/posts"}],"about":[{"href":"https:\/\/gazdasagportal.hu\/index.php\/wp-json\/wp\/v2\/types\/post"}],"author":[{"embeddable":true,"href":"https:\/\/gazdasagportal.hu\/index.php\/wp-json\/wp\/v2\/users\/1"}],"replies":[{"embeddable":true,"href":"https:\/\/gazdasagportal.hu\/index.php\/wp-json\/wp\/v2\/comments?post=32421"}],"version-history":[{"count":2,"href":"https:\/\/gazdasagportal.hu\/index.php\/wp-json\/wp\/v2\/posts\/32421\/revisions"}],"predecessor-version":[{"id":32423,"href":"https:\/\/gazdasagportal.hu\/index.php\/wp-json\/wp\/v2\/posts\/32421\/revisions\/32423"}],"wp:attachment":[{"href":"https:\/\/gazdasagportal.hu\/index.php\/wp-json\/wp\/v2\/media?parent=32421"}],"wp:term":[{"taxonomy":"category","embeddable":true,"href":"https:\/\/gazdasagportal.hu\/index.php\/wp-json\/wp\/v2\/categories?post=32421"},{"taxonomy":"post_tag","embeddable":true,"href":"https:\/\/gazdasagportal.hu\/index.php\/wp-json\/wp\/v2\/tags?post=32421"}],"curies":[{"name":"wp","href":"https:\/\/api.w.org\/{rel}","templated":true}]}}