{"id":32162,"date":"2014-04-09T05:09:36","date_gmt":"2014-04-09T03:09:36","guid":{"rendered":"http:\/\/stockportal.hu\/?p=32162"},"modified":"2014-04-08T23:51:26","modified_gmt":"2014-04-08T21:51:26","slug":"ukran-valsag-kijev-szerint-moszkva-gerjeszti-a-szakadar-megmozdulasokat","status":"publish","type":"post","link":"https:\/\/gazdasagportal.hu\/index.php\/ukran-valsag-kijev-szerint-moszkva-gerjeszti-a-szakadar-megmozdulasokat\/","title":{"rendered":"Ukr\u00e1n v\u00e1ls\u00e1g &#8211; Kijev szerint Moszkva gerjeszti a szakad\u00e1r megmozdul\u00e1sokat"},"content":{"rendered":"<p><strong>Oroszorsz\u00e1g &#8222;felforgat\u00f3 tev\u00e9kenys\u00e9ge&#8221; v\u00e1ltotta ki Ukrajna egyes keleti \u00e9s d\u00e9li v\u00e1rosaiban a helyzet ki\u00e9lez\u0151d\u00e9s\u00e9t, a provok\u00e1ci\u00f3kat olyan csoportok hajtj\u00e1k v\u00e9gre, amelyeket az orosz titkosszolg\u00e1latok ir\u00e1ny\u00edtanak &#8211; jelentette ki az ukr\u00e1n k\u00fcl\u00fcgyminiszt\u00e9rium kedden nyilv\u00e1noss\u00e1gra hozott k\u00f6zlem\u00e9ny\u00e9ben.<!--more--><\/strong><\/p>\n<p>Kijev a dokumentumban k\u00f6vetelte Moszkv\u00e1t\u00f3l, hogy mihamarabb hagyjon fel az ukr\u00e1n bel\u00fcgyekbe val\u00f3 beavatkoz\u00e1ssal, \u00e9s teljes\u00edtse a konfliktus rendez\u00e9s\u00e9re tett nyilv\u00e1nos \u00edg\u00e9reteit.<br \/>\nA t\u00e1rca lesz\u00f6gezi, hogy Ukrajna k\u00e9sz a nemzetk\u00f6zi p\u00e1rbesz\u00e9dre olyan form\u00e1tumban, amely k\u00e9pes gyakorlati eredm\u00e9nyeket el\u00e9rni szigor\u00faan meghat\u00e1rozott hat\u00e1rid\u0151n bel\u00fcl. Hozz\u00e1f\u0171zte ugyanakkor, hogy azok a k\u00e9rd\u00e9sek nem k\u00e9pezhetik a t\u00e1rgyal\u00e1sok t\u00e9m\u00e1j\u00e1t, amelyek az ukr\u00e1n n\u00e9p szuver\u00e9n jog\u00e1t \u00e9rintik saj\u00e1t bel- \u00e9s k\u00fclpolitik\u00e1j\u00e1nak megval\u00f3s\u00edt\u00e1s\u00e1ra.<br \/>\nA konfliktus rendez\u00e9s\u00e9hez Kijev szerint alapvet\u0151en sz\u00fcks\u00e9ges, hogy Oroszorsz\u00e1g mondjon le h\u00f3d\u00edt\u00f3 terveir\u0151l, amelyek egyenes vesz\u00e9lyt jelentenek valamennyi szomsz\u00e9dos \u00e1llamra, a nemzetk\u00f6zi b\u00e9k\u00e9re \u00e9s biztons\u00e1gra, tov\u00e1bb\u00e1 vonj\u00e1k vissza az orosz csapatokat Ukrajna hat\u00e1rait\u00f3l \u00e9s a Kr\u00edm f\u00e9lszigetr\u0151l.<br \/>\nA k\u00f6zlem\u00e9ny szerint az er\u0151szakos cselekm\u00e9nyek, amelyek ukr\u00e1n \u00e1llampolg\u00e1rok \u00e9let\u00e9t \u00e9s biztons\u00e1g\u00e1t vesz\u00e9lyeztetik, a szeparatista er\u0151k tev\u00e9kenys\u00e9g\u00e9nek intenz\u00edvebb\u00e9 v\u00e1l\u00e1sa, valamint orosz \u00e1llampolg\u00e1rok r\u00e9szv\u00e9tele Ukrajna ter\u00fclet\u00e9n elk\u00f6vetett t\u00f6rv\u00e9nyellenes cselekedetekben, mind arr\u00f3l \u00e1rulkodik, hogy Oroszorsz\u00e1g Ukrajna &#8222;elfoglal\u00e1s\u00e1nak m\u00e1sodik szakasz\u00e1t&#8221; k\u00e9sz\u00fcl v\u00e9grehajtani.<br \/>\nA k\u00fcl\u00fcgyminiszt\u00e9rium al\u00e1h\u00fazta, hogy az orosz ir\u00e1ny\u00edt\u00e1s alatt zajl\u00f3 szabot\u00e1zst nagyszab\u00e1s\u00fa propagandakamp\u00e1ny k\u00eds\u00e9ri, amelyben cinikusan elferd\u00edtik a t\u00e9nyeket, tov\u00e1bb\u00e1 zsarolnak \u00e9s fenyegetnek. Kijev szerint a nyilv\u00e1nval\u00f3 val\u00f3tlans\u00e1gok terjeszt\u00e9s\u00e9nek az a c\u00e9lja, hogy igazolja az ukr\u00e1n bel\u00fcgyekbe val\u00f3 beavatkoz\u00e1st. A helyzet ki\u00e9lez\u0151d\u00e9s\u00e9nek er\u0151szakos \u00f6sszecsap\u00e1sokba \u00e9s v\u00e9ront\u00e1sba kellett volna torkollnia, amely \u00fcr\u00fcgyet biztos\u00edtott volna Oroszorsz\u00e1gnak az Ukrajna elleni \u00fajabb agresszi\u00f3ra &#8211; v\u00e9li az ukr\u00e1n k\u00fcl\u00fcgyminiszt\u00e9rium.<br \/>\nA miniszt\u00e9rium meg\u00e1llap\u00edt\u00e1sa szerint az ukr\u00e1n \u00e1llampolg\u00e1rok nem engedtek a provok\u00e1ci\u00f3knak. &#8222;N\u00e9p\u00fcnk nem fogadja el a szeparatizmus \u00e9s a fasizmus ideol\u00f3gi\u00e1j\u00e1t, amelyet az orosz titkosszolg\u00e1latok provok\u00e1torai akt\u00edvan terjesztenek&#8221; &#8211; sz\u00f6gezte le a t\u00e1rca. Hozz\u00e1tette, hogy Ukrajna \u00fagynevezett f\u00f6deraliz\u00e1l\u00e1s\u00e1nak Moszkva \u00e1ltal er\u0151ltetett \u00f6tlete val\u00f3j\u00e1ban nem f\u00f6deraliz\u00e1ci\u00f3, hanem az ukr\u00e1n \u00e1llam megb\u00e9n\u00edt\u00e1s\u00e1nak terve.<br \/>\nA miniszt\u00e9rium r\u00e1mutatott arra, hogy a k\u00f6zrendet keleten \u00e9s d\u00e9len is az ukr\u00e1n rendv\u00e9delmi szervek biztos\u00edtj\u00e1k, a helyzetet ellen\u0151rz\u00e9s alatt tartj\u00e1k, \u00e9s a t\u00f6rv\u00e9nyes keretek k\u00f6z\u00f6tt hat\u00e1rozottan fell\u00e9pnek az &#8222;\u00e1llam- \u00e9s n\u00e9pellenes&#8221; t\u00e1mad\u00e1sokkal szemben.<br \/>\nA t\u00e1rca a dokumentumban ugyanakkor lesz\u00f6gezi, hogy az ukr\u00e1n korm\u00e1ny alapvet\u0151 \u00e1ll\u00e1spontja tov\u00e1bbra is a demokratikus szabads\u00e1gjogok v\u00e9delme, az orsz\u00e1gban \u00e9l\u0151 nemzetis\u00e9gek k\u00f6z\u00f6tti meg\u00e9rt\u00e9s er\u0151s\u00edt\u00e9se, \u00e9s a r\u00e9gi\u00f3k helyi \u00f6nrendelkez\u00e9s\u00e9nek biztos\u00edt\u00e1sa.<br \/>\nAz ut\u00f3bbi napokban Ukrajna keleti r\u00e9sz\u00e9n, Donyeckben, Luhanszkban \u00e9s Harkivban feler\u0151s\u00f6dtek az oroszbar\u00e1t szakad\u00e1r megmozdul\u00e1sok, amelyeken a t\u00fcntet\u0151k n\u00e9h\u00e1ny sz\u00e1z csoportjai hivatali \u00e9p\u00fcleteket foglaltak el. Helysz\u00edni jelent\u00e9sek szerint a megy\u00e9k Ukrajn\u00e1t\u00f3l val\u00f3 elszakad\u00e1s\u00e1t k\u00f6vetel\u0151 helyi t\u00fcntet\u00e9seken legfeljebb n\u00e9h\u00e1ny ezren vettek eddig r\u00e9szt a f\u00e9l \u00e9s m\u00e1sf\u00e9l milli\u00f3 k\u00f6z\u00f6tti lakos\u00fa v\u00e1rosokban.<\/p>\n","protected":false},"excerpt":{"rendered":"<p>Oroszorsz\u00e1g &#8222;felforgat\u00f3 tev\u00e9kenys\u00e9ge&#8221; v\u00e1ltotta ki Ukrajna egyes keleti \u00e9s d\u00e9li v\u00e1rosaiban a helyzet ki\u00e9lez\u0151d\u00e9s\u00e9t, a provok\u00e1ci\u00f3kat olyan csoportok hajtj\u00e1k v\u00e9gre, amelyeket az orosz titkosszolg\u00e1latok ir\u00e1ny\u00edtanak &#8211; jelentette ki az ukr\u00e1n k\u00fcl\u00fcgyminiszt\u00e9rium kedden nyilv\u00e1noss\u00e1gra hozott k\u00f6zlem\u00e9ny\u00e9ben.<\/p>\n","protected":false},"author":1,"featured_media":0,"comment_status":"open","ping_status":"closed","sticky":false,"template":"","format":"standard","meta":[],"categories":[139],"tags":[],"_links":{"self":[{"href":"https:\/\/gazdasagportal.hu\/index.php\/wp-json\/wp\/v2\/posts\/32162"}],"collection":[{"href":"https:\/\/gazdasagportal.hu\/index.php\/wp-json\/wp\/v2\/posts"}],"about":[{"href":"https:\/\/gazdasagportal.hu\/index.php\/wp-json\/wp\/v2\/types\/post"}],"author":[{"embeddable":true,"href":"https:\/\/gazdasagportal.hu\/index.php\/wp-json\/wp\/v2\/users\/1"}],"replies":[{"embeddable":true,"href":"https:\/\/gazdasagportal.hu\/index.php\/wp-json\/wp\/v2\/comments?post=32162"}],"version-history":[{"count":1,"href":"https:\/\/gazdasagportal.hu\/index.php\/wp-json\/wp\/v2\/posts\/32162\/revisions"}],"predecessor-version":[{"id":32163,"href":"https:\/\/gazdasagportal.hu\/index.php\/wp-json\/wp\/v2\/posts\/32162\/revisions\/32163"}],"wp:attachment":[{"href":"https:\/\/gazdasagportal.hu\/index.php\/wp-json\/wp\/v2\/media?parent=32162"}],"wp:term":[{"taxonomy":"category","embeddable":true,"href":"https:\/\/gazdasagportal.hu\/index.php\/wp-json\/wp\/v2\/categories?post=32162"},{"taxonomy":"post_tag","embeddable":true,"href":"https:\/\/gazdasagportal.hu\/index.php\/wp-json\/wp\/v2\/tags?post=32162"}],"curies":[{"name":"wp","href":"https:\/\/api.w.org\/{rel}","templated":true}]}}