{"id":32150,"date":"2014-04-09T04:04:52","date_gmt":"2014-04-09T00:04:52","guid":{"rendered":"http:\/\/stockportal.hu\/?p=32150"},"modified":"2014-04-09T11:22:59","modified_gmt":"2014-04-09T09:22:59","slug":"ep-valasztas-fodor-kozos-lista-kellene-hogy-ne-a-jobbik-legyen-a-masodik","status":"publish","type":"post","link":"https:\/\/gazdasagportal.hu\/index.php\/ep-valasztas-fodor-kozos-lista-kellene-hogy-ne-a-jobbik-legyen-a-masodik\/","title":{"rendered":"EP-v\u00e1laszt\u00e1s &#8211; Fodor: k\u00f6z\u00f6s lista kellene, hogy ne a Jobbik legyen a m\u00e1sodik"},"content":{"rendered":"<p><strong>Fodor G\u00e1bor szerint a baloldali \u00f6sszefog\u00e1sban r\u00e9szt vev\u0151 p\u00e1rtoknak az eur\u00f3pai parlamenti (EP) v\u00e1laszt\u00e1sra is k\u00f6z\u00f6s list\u00e1t kellene \u00e1ll\u00edtaniuk az\u00e9rt, hogy ne a Jobbik legyen a m\u00e1sodik.<!--more--><\/strong><\/p>\n<div id=\"vid4u\"><\/div>\n<p><script type=\"text\/javascript\">var rid = 100000 + Math.floor(Math.random()*99999); var b = document.createElement(\"div\"); b.setAttribute(\"id\", \"v4u_c_\"+rid+\"_3\"); var r = document.getElementById(\"vid4u\"); r.parentNode.insertBefore(b,r); r.setAttribute(\"id\", \"\"); (function(w, d, s, rid) { function go(){ var js, fjs = d.getElementsByTagName(s)[0], load = function(url, id) { if (d.getElementById(id)) { d.getElementById(id).onload = d.getElementById(id).onreadystatechange = function() { if (typeof vid4u != 'undefined') vid4u.init(480,289,\"0scneAox4k\",null,3, rid);}; return; } js = d.createElement(s); js.src = url; js.id = id; fjs.parentNode.insertBefore(js, fjs); js.onload = js.onreadystatechange = function() { if (typeof vid4u != 'undefined') vid4u.init(480,289,\"0scneAox4k\",null,3, rid); };}; load(\"\/\/video.vid4u.org\/vid4ul.js\", \"vjs_\"+rid); } go(); }(window, document, \"script\", rid));<\/script><\/p>\n<p>A Magyar Liber\u00e1lis P\u00e1rt eln\u00f6ke az ATV Egyenes besz\u00e9d c\u00edm\u0171 m\u0171sor\u00e1ban kedd este arr\u00f3l is besz\u00e9lt, hogy p\u00e1rtja neh\u00e9z helyzetben lenne \u00f6n\u00e1ll\u00f3 indul\u00e1s eset\u00e9n &#8211; els\u0151sorban mert nincs 100 milli\u00f3 forintjuk kamp\u00e1nyra. Hozz\u00e1tette ugyanakkor, hogy a k\u00f6z\u00f6s lista\u00e1ll\u00edt\u00e1s az\u00e9rt lenne fontos, mert ellenkez\u0151 esetben a Jobbik fogja megszerezni a m\u00e1sodik helyet, amit mindenk\u00e9ppen el kellene ker\u00fclni.<br \/>\nA m\u00e1jus 25-ei EP-v\u00e1laszt\u00e1sra az MSZP, a Demokratikus Koal\u00edci\u00f3 \u00e9s az Egy\u00fctt-PM is \u00f6n\u00e1ll\u00f3an k\u00e9sz\u00fcl.<br \/>\nFodor G\u00e1bor elmondta: sem a DK, sem az Egy\u00fctt-PM nem kereste meg azzal, hogy mint egyed\u00fcli liber\u00e1lis k\u00e9pvisel\u0151 csatlakozzon hozz\u00e1juk a parlamentben. (A k\u00e9t p\u00e1rtnak n\u00e9gy-n\u00e9gy k\u00e9pvisel\u0151je lesz a k\u00f6vetkez\u0151 Orsz\u00e1ggy\u0171l\u00e9sben, a frakci\u00f3alak\u00edt\u00e1shoz viszont \u00f6tre van sz\u00fcks\u00e9g.)<br \/>\nHa \u00e9rkezne megkeres\u00e9s, a liber\u00e1lis p\u00e1rt vezet\u0151 test\u00fclete d\u00f6ntene r\u00f3la &#8211; er\u0151s\u00edtette meg, azzal egy\u00fctt, hogy \u00f6n\u00e1ll\u00f3an szeretn\u00e9k megjelen\u00edteni a liber\u00e1lis alternat\u00edv\u00e1t.(MTI)<\/p>\n","protected":false},"excerpt":{"rendered":"<p>Fodor G\u00e1bor szerint a baloldali \u00f6sszefog\u00e1sban r\u00e9szt vev\u0151 p\u00e1rtoknak az eur\u00f3pai parlamenti (EP) v\u00e1laszt\u00e1sra is k\u00f6z\u00f6s list\u00e1t kellene \u00e1ll\u00edtaniuk az\u00e9rt, hogy ne a Jobbik legyen a m\u00e1sodik.<\/p>\n","protected":false},"author":1,"featured_media":0,"comment_status":"open","ping_status":"closed","sticky":false,"template":"","format":"standard","meta":[],"categories":[18],"tags":[],"_links":{"self":[{"href":"https:\/\/gazdasagportal.hu\/index.php\/wp-json\/wp\/v2\/posts\/32150"}],"collection":[{"href":"https:\/\/gazdasagportal.hu\/index.php\/wp-json\/wp\/v2\/posts"}],"about":[{"href":"https:\/\/gazdasagportal.hu\/index.php\/wp-json\/wp\/v2\/types\/post"}],"author":[{"embeddable":true,"href":"https:\/\/gazdasagportal.hu\/index.php\/wp-json\/wp\/v2\/users\/1"}],"replies":[{"embeddable":true,"href":"https:\/\/gazdasagportal.hu\/index.php\/wp-json\/wp\/v2\/comments?post=32150"}],"version-history":[{"count":3,"href":"https:\/\/gazdasagportal.hu\/index.php\/wp-json\/wp\/v2\/posts\/32150\/revisions"}],"predecessor-version":[{"id":32189,"href":"https:\/\/gazdasagportal.hu\/index.php\/wp-json\/wp\/v2\/posts\/32150\/revisions\/32189"}],"wp:attachment":[{"href":"https:\/\/gazdasagportal.hu\/index.php\/wp-json\/wp\/v2\/media?parent=32150"}],"wp:term":[{"taxonomy":"category","embeddable":true,"href":"https:\/\/gazdasagportal.hu\/index.php\/wp-json\/wp\/v2\/categories?post=32150"},{"taxonomy":"post_tag","embeddable":true,"href":"https:\/\/gazdasagportal.hu\/index.php\/wp-json\/wp\/v2\/tags?post=32150"}],"curies":[{"name":"wp","href":"https:\/\/api.w.org\/{rel}","templated":true}]}}