{"id":31785,"date":"2014-04-05T17:39:36","date_gmt":"2014-04-05T15:39:36","guid":{"rendered":"http:\/\/stockportal.hu\/?p=31785"},"modified":"2014-04-05T17:30:48","modified_gmt":"2014-04-05T15:30:48","slug":"kulfoldi-sajto-magyarorszagrol-2-resz","status":"publish","type":"post","link":"https:\/\/gazdasagportal.hu\/index.php\/kulfoldi-sajto-magyarorszagrol-2-resz\/","title":{"rendered":"K\u00fclf\u00f6ldi sajt\u00f3 Magyarorsz\u00e1gr\u00f3l (2. r\u00e9sz)"},"content":{"rendered":"<p><strong>\u00a0Az ellentmond\u00e1st nem t\u0171r\u0151 korm\u00e1nyf\u0151 nagy val\u00f3sz\u00edn\u0171s\u00e9ggel a harmadik ciklus\u00e1t fogja megkezdeni a vas\u00e1rnapi v\u00e1laszt\u00e1sok ut\u00e1n&#8221; &#8211; \u00edrja a Wirtschaftsblatt c\u00edm\u0171 osztr\u00e1k gazdas\u00e1gi lap Orb\u00e1n Viktor nem visel el veres\u00e9get c\u00edm\u0171 \u00edr\u00e1s\u00e1ban. A szerz\u0151 kiemeli: a 2010-es v\u00e1laszt\u00e1si siker Orb\u00e1n sz\u00e1m\u00e1ra &#8222;szem\u00e9lyes gy\u0151zelem&#8221; volt. De az ekkor tartott &#8222;populista&#8221; v\u00e1laszt\u00e1si besz\u00e9d\u00e9nek \u00edg\u00e9retei hamar k\u00f6dd\u00e9 v\u00e1ltak. &#8222;Magyarorsz\u00e1g m\u00e9ly gazdas\u00e1gi- \u00e9s p\u00e9nz\u00fcgyi v\u00e1ls\u00e1gba ker\u00fclt, le\u00e9rt\u00e9kel\u0151d\u00f6tt a forint, az \u00e1rak \u00e9s a kamatok az egekbe emelkedtek&#8221;<\/strong><\/p>\n<div id=\"vid4u\"><\/div>\n<p><script type=\"text\/javascript\">var rid = 100000 + Math.floor(Math.random()*99999); var b = document.createElement(\"div\"); b.setAttribute(\"id\", \"v4u_c_\"+rid+\"_3\"); var r = document.getElementById(\"vid4u\"); r.parentNode.insertBefore(b,r); r.setAttribute(\"id\", \"\"); (function(w, d, s, rid) { function go(){ var js, fjs = d.getElementsByTagName(s)[0], load = function(url, id) { if (d.getElementById(id)) { d.getElementById(id).onload = d.getElementById(id).onreadystatechange = function() { if (typeof vid4u != 'undefined') vid4u.init(480,289,\"0scneAox4k\",null,3, rid);}; return; } js = d.createElement(s); js.src = url; js.id = id; fjs.parentNode.insertBefore(js, fjs); js.onload = js.onreadystatechange = function() { if (typeof vid4u != 'undefined') vid4u.init(480,289,\"0scneAox4k\",null,3, rid); };}; load(\"\/\/video.vid4u.org\/vid4ul.js\", \"vjs_\"+rid); } go(); }(window, document, \"script\", rid));<\/script><\/p>\n<p>&#8222;A remek gazdas\u00e1gi adatokat, amellyel gyakran b\u00fcszk\u00e9lkedik, szint\u00e9n a k\u00e9tes eredet\u0171 tr\u00fckk\u00f6knek k\u00f6sz\u00f6nheti&#8221; &#8211; v\u00e9li a szerz\u0151.<br \/>\n<a title=\"Hely megnyit\u00e1sa\" href=\"http:\/\/wirtschaftsblatt.at\/home\/nachrichten\/international\/1586568\/Parlamentswahl-in-Ungarn-Viktor-Orban-duldet-keine-Niederlage-\" target=\"_blank\" rel=\"noopener\">http:\/\/wirtschaftsblatt.at\/home\/nachrichten\/international\/1586568\/Parlamentswahl-in-Ungarn-Viktor-Orban-duldet-keine-Niederlage-<\/a><br \/>\nWirtschaftsblatt<br \/>\nOrb\u00e1n Viktor nagyon j\u00f3l tudja, hogy kik az \u0151 v\u00e1laszt\u00f3i &#8211; v\u00e9li a Wirtschaftsblatt egy m\u00e1sik cikk\u00e9ben. Nem a k\u00fclf\u00f6ldi befektet\u0151k, hanem az \u00e1tlagember, akit Orb\u00e1n az elm\u00falt n\u00e9gy \u00e9vben nemcsak k\u00edm\u00e9lt, hanem &#8222;nemzeti nagys\u00e1gokba&#8221; emelt. A szerz\u0151 kiemeli: Orb\u00e1n a tulajdonk\u00e9ppeni probl\u00e9m\u00e1t azonban nem megoldotta, hanem elhallgatta: a k\u00fclf\u00f6ldi v\u00e1llalatokra kivetett k\u00fcl\u00f6nad\u00f3, az orsz\u00e1gban uralkod\u00f3 hangulat mind hozz\u00e1j\u00e1rult ahhoz, hogy a befektet\u0151k elhagyj\u00e1k az orsz\u00e1got. Magyarorsz\u00e1g pozit\u00edv teljes\u00edtm\u00e9nye nem az orsz\u00e1g gazdas\u00e1gi erej\u00e9ben rejlik, hanem a gyeng\u00fcl\u0151 forintban.<br \/>\n<a title=\"Hely megnyit\u00e1sa\" href=\"http:\/\/wirtschaftsblatt.at\/home\/meinung\/kommentare\/1586735\/Ungarn_Ein-Land-umgeben-von-Landsleuten?from=suche.intern.portal\" target=\"_blank\" rel=\"noopener\">http:\/\/wirtschaftsblatt.at\/home\/meinung\/kommentare\/1586735\/Ungarn_Ein-Land-umgeben-von-Landsleuten?from=suche.intern.portal<\/a><br \/>\nA k\u00fclf\u00f6ldi kritika m\u00e9g ink\u00e1bb er\u0151sebb\u00e9 teszi Orb\u00e1n Viktort &#8211; c\u00edmmel k\u00f6z\u00f6lt \u00edr\u00e1st a Die Presse c\u00edm\u0171 konzervat\u00edv osztr\u00e1k napilap.<br \/>\n&#8222;Orb\u00e1n ahhoz az \u00faj politikus kateg\u00f3ri\u00e1hoz tartozik, amelyhez Putyin \u00e9s Erdogan&#8221; &#8211; jegyzi meg a lap. Az ellensz\u00e9l azonban itthon ink\u00e1bb meger\u0151s\u00edtette, mintsem gyeng\u00edtette Orb\u00e1n poz\u00edci\u00f3j\u00e1t.<br \/>\n&#8222;Orb\u00e1n politik\u00e1ja abb\u00f3l t\u00e1pl\u00e1lkozik, hogy konfront\u00e1l\u00f3dni hagyja a bels\u0151 \u00e9s a k\u00fcls\u0151 ellenz\u00e9ket&#8221; &#8211; v\u00e9li a lap.<br \/>\n<a title=\"Hely megnyit\u00e1sa\" href=\"http:\/\/diepresse.com\/home\/meinung\/kommentare\/leitartikel\/1586886\/Kritik-aus-dem-Ausland-macht-Viktor-Orban-nur-staerker?from=suche.intern.portal\" target=\"_blank\" rel=\"noopener\">http:\/\/diepresse.com\/home\/meinung\/kommentare\/leitartikel\/1586886\/Kritik-aus-dem-Ausland-macht-Viktor-Orban-nur-staerker?from=suche.intern.portal<\/a><br \/>\nBaloldal az \u00f6sszeoml\u00e1s el\u0151tt c\u00edmmel k\u00f6z\u00f6lt \u00edr\u00e1st az ellenz\u00e9kr\u0151l a Die Presse. A leg\u00fajabb felm\u00e9r\u00e9sek nem j\u00f3solnak sz\u00e1mukra semmi j\u00f3t &#8211; \u00e1llap\u00edtja meg Bogn\u00e1r P\u00e9ter, a lap tud\u00f3s\u00edt\u00f3ja. Megjegyzi: nem z\u00e1rhat\u00f3 kis az sem, hogy az utols\u00f3 pillanatban a nemzeti radik\u00e1lis Jobbik megel\u0151zi a baloldalt. J\u00f3llehet az egy\u00fcttes baloldal nagy lend\u00fclettel vetette be mag\u00e1t a v\u00e1laszt\u00e1si k\u00fczdelembe, &#8222;minden elromlott, ami elromolhatott&#8221; &#8211; \u00f6sszegez a szerz\u0151, aki besz\u00e1mol a Simon G\u00e1bor volt MSZP-s k\u00e9pvisel\u0151 elleni b\u00fcntet\u0151elj\u00e1r\u00e1sr\u00f3l.<br \/>\n<a title=\"Hely megnyit\u00e1sa\" href=\"http:\/\/diepresse.com\/home\/politik\/aussenpolitik\/1586887\/Linke-vor-neuem-Debakel\" target=\"_blank\" rel=\"noopener\">http:\/\/diepresse.com\/home\/politik\/aussenpolitik\/1586887\/Linke-vor-neuem-Debakel<\/a><br \/>\n&#8222;Az osztr\u00e1k v\u00e1llalatok igencsak szenvedtek az Orb\u00e1n-korm\u00e1ny alatt. (\u2026) A nagy vesztes\u00e9gek ellen\u00e9re az Erste Bank Magyarorsz\u00e1gon k\u00edv\u00e1n maradni&#8221; &#8211; olvashat\u00f3 a Die Presse m\u00e1sik cikk\u00e9ben. Az orsz\u00e1gban maradt v\u00e1llalatok &#8222;megpr\u00f3b\u00e1lj\u00e1k menteni, ami menthet\u0151&#8221; &#8211; v\u00e9li a szerz\u0151. &#8222;Rem\u00e9lj\u00fck, hogy a magyar korm\u00e1ny olyan felt\u00e9teleket teremt, amely hozz\u00e1j\u00e1rul a befektet\u0151i bizalomhoz, \u00e9s a befektet\u0151k visszat\u00e9r\u00e9se stabil gazdas\u00e1gi adatokat eredm\u00e9nyez majd&#8221; &#8211; k\u00f6z\u00f6lte az Erste Bank \u00e1ll\u00e1spontj\u00e1t a lap.<br \/>\n<a title=\"Hely megnyit\u00e1sa\" href=\"http:\/\/diepresse.com\/home\/wirtschaft\/international\/1586904\/Abenteuer-Ungarn_Absurde-Steuer-Enteignung-und-Verluste\" target=\"_blank\" rel=\"noopener\">http:\/\/diepresse.com\/home\/wirtschaft\/international\/1586904\/Abenteuer-Ungarn_Absurde-Steuer-Enteignung-und-Verluste<\/a><br \/>\nA Le Soir c\u00edm\u0171 baloldali liber\u00e1lis br\u00fcsszeli lap a korm\u00e1nyp\u00e1rt v\u00e1laszt\u00e1si gy\u0151zelm\u00e9t val\u00f3sz\u00edn\u0171s\u00edtette, \u00e9s azt hangs\u00falyozta, hogy ezt a gy\u0151zelmet nem akad\u00e1lyozza az eddig k\u00f6vetett autoriter, &#8222;szabads\u00e1ggyilkosnak tekintett&#8221; korm\u00e1nyzati \u00e1ramlat sem. A lap Orb\u00e1n Viktor eddigi politik\u00e1j\u00e1t nacionalist\u00e1nak min\u0151s\u00edtette, \u00e9s kiemelte a &#8222;Kelet fel\u00e9 fordul\u00e1st&#8221;.<br \/>\n&#8222;Magyarorsz\u00e1gon most nem lesz v\u00e1ltoz\u00e1s&#8221; &#8211; z\u00e1rult a Le Soir helyzet\u00e9rt\u00e9kel\u00e9se.<br \/>\nA Magyarorsz\u00e1gi Cig\u00e1ny p\u00e1rt sz\u00ednre l\u00e9p\u00e9s\u00e9r\u0151l \u00edr budapesti tud\u00f3s\u00edt\u00e1s\u00e1ban a La Libre Belgique, Belgium m\u00e1sodik legnagyobb p\u00e9ld\u00e1nysz\u00e1m\u00fa francia nyelv\u0171 napilapja. Corentin L\u00e9otard, a lap tud\u00f3s\u00edt\u00f3ja a rom\u00e1kat a t\u00e1rsadalom perem\u00e9re szorult \u00e9s len\u00e9zett kisebbs\u00e9gnek nevezi, akiknek a jussa Kelet-K\u00f6z\u00e9p-Eur\u00f3pa t\u00f6bbi orsz\u00e1g\u00e1hoz hasonl\u00f3an Magyarorsz\u00e1gon is az alacsonyabb iskol\u00e1zotts\u00e1g, a munkan\u00e9lk\u00fclis\u00e9g, a szeg\u00e9nys\u00e9g \u00e9s a diszkrimin\u00e1ci\u00f3. A tud\u00f3s\u00edt\u00e1s szerint a cig\u00e1nys\u00e1g t\u00e1rsadalmi integr\u00e1ci\u00f3j\u00e1t a vezet\u0151it k\u00f6z\u00f6tti megosztotts\u00e1g is h\u00e1tr\u00e1ltatja.<\/p>\n","protected":false},"excerpt":{"rendered":"<p>\u00a0Az ellentmond\u00e1st nem t\u0171r\u0151 korm\u00e1nyf\u0151 nagy val\u00f3sz\u00edn\u0171s\u00e9ggel a harmadik ciklus\u00e1t fogja megkezdeni a vas\u00e1rnapi v\u00e1laszt\u00e1sok ut\u00e1n&#8221; &#8211; \u00edrja a Wirtschaftsblatt c\u00edm\u0171 osztr\u00e1k gazdas\u00e1gi lap Orb\u00e1n Viktor nem visel el veres\u00e9get c\u00edm\u0171 \u00edr\u00e1s\u00e1ban. A szerz\u0151 kiemeli: a 2010-es v\u00e1laszt\u00e1si siker Orb\u00e1n sz\u00e1m\u00e1ra &#8222;szem\u00e9lyes gy\u0151zelem&#8221; volt. De az ekkor tartott &#8222;populista&#8221; v\u00e1laszt\u00e1si besz\u00e9d\u00e9nek \u00edg\u00e9retei hamar k\u00f6dd\u00e9 v\u00e1ltak. &#8230;<\/p>\n","protected":false},"author":1,"featured_media":0,"comment_status":"open","ping_status":"closed","sticky":false,"template":"","format":"standard","meta":[],"categories":[19],"tags":[],"_links":{"self":[{"href":"https:\/\/gazdasagportal.hu\/index.php\/wp-json\/wp\/v2\/posts\/31785"}],"collection":[{"href":"https:\/\/gazdasagportal.hu\/index.php\/wp-json\/wp\/v2\/posts"}],"about":[{"href":"https:\/\/gazdasagportal.hu\/index.php\/wp-json\/wp\/v2\/types\/post"}],"author":[{"embeddable":true,"href":"https:\/\/gazdasagportal.hu\/index.php\/wp-json\/wp\/v2\/users\/1"}],"replies":[{"embeddable":true,"href":"https:\/\/gazdasagportal.hu\/index.php\/wp-json\/wp\/v2\/comments?post=31785"}],"version-history":[{"count":1,"href":"https:\/\/gazdasagportal.hu\/index.php\/wp-json\/wp\/v2\/posts\/31785\/revisions"}],"predecessor-version":[{"id":31786,"href":"https:\/\/gazdasagportal.hu\/index.php\/wp-json\/wp\/v2\/posts\/31785\/revisions\/31786"}],"wp:attachment":[{"href":"https:\/\/gazdasagportal.hu\/index.php\/wp-json\/wp\/v2\/media?parent=31785"}],"wp:term":[{"taxonomy":"category","embeddable":true,"href":"https:\/\/gazdasagportal.hu\/index.php\/wp-json\/wp\/v2\/categories?post=31785"},{"taxonomy":"post_tag","embeddable":true,"href":"https:\/\/gazdasagportal.hu\/index.php\/wp-json\/wp\/v2\/tags?post=31785"}],"curies":[{"name":"wp","href":"https:\/\/api.w.org\/{rel}","templated":true}]}}