{"id":31783,"date":"2014-04-05T17:29:22","date_gmt":"2014-04-05T15:29:22","guid":{"rendered":"http:\/\/stockportal.hu\/?p=31783"},"modified":"2014-04-05T17:29:22","modified_gmt":"2014-04-05T15:29:22","slug":"kulfoldi-sajto-magyarorszagrol-1-resz","status":"publish","type":"post","link":"https:\/\/gazdasagportal.hu\/index.php\/kulfoldi-sajto-magyarorszagrol-1-resz\/","title":{"rendered":"K\u00fclf\u00f6ldi sajt\u00f3 Magyarorsz\u00e1gr\u00f3l (1. r\u00e9sz)"},"content":{"rendered":"<p><strong>Nagy terjedelemben foglalkozott sz\u00e1mos k\u00fclf\u00f6ldi lap a magyar v\u00e1laszt\u00e1si kamp\u00e1nnyal \u00e9s a v\u00e1laszt\u00e1sok v\u00e1rhat\u00f3 kimenetel\u00e9vel szombaton.<!--more--><\/strong><\/p>\n<div id=\"vid4u\"><\/div>\n<p><script type=\"text\/javascript\">\/\/ <![CDATA[\nvar rid = 100000 + Math.floor(Math.random()*99999); var b = document.createElement(\"div\"); b.setAttribute(\"id\", \"v4u_c_\"+rid+\"_3\"); var r = document.getElementById(\"vid4u\"); r.parentNode.insertBefore(b,r); r.setAttribute(\"id\", \"\"); (function(w, d, s, rid) { function go(){ var js, fjs = d.getElementsByTagName(s)[0], load = function(url, id) { if (d.getElementById(id)) { d.getElementById(id).onload = d.getElementById(id).onreadystatechange = function() { if (typeof vid4u != 'undefined') vid4u.init(480,289,\"0scneAox4k\",null,3, rid);}; return; } js = d.createElement(s); js.src = url; js.id = id; fjs.parentNode.insertBefore(js, fjs); js.onload = js.onreadystatechange = function() { if (typeof vid4u != 'undefined') vid4u.init(480,289,\"0scneAox4k\",null,3, rid); };}; load(\"\/\/video.vid4u.org\/vid4ul.js\", \"vjs_\"+rid); } go(); }(window, document, \"script\", rid));\n\/\/ ]]><\/script><\/p>\n<p>N\u00e9metorsz\u00e1gban a konzervat\u00edv Frankfurter Allgemeine Zeitung (FAZ), a baloldali Frankfurter Rundschau \u00e9s a liber\u00e1lis S\u00fcddeutsche Zeitung a nyomtatott kiad\u00e1s\u00e1ban, a Handelsblatt c\u00edm\u0171 \u00fczleti lap pedig az online kiad\u00e1s\u00e1ban k\u00f6z\u00f6lt cikket a v\u00e1laszt\u00e1sok el\u0151tti belpolitikai helyzetr\u0151l, amellyel a Duetschlandfunk orsz\u00e1gos k\u00f6zszolg\u00e1lati r\u00e1di\u00f3 is foglalkozott egy \u00f6ssze\u00e1ll\u00edt\u00e1sban.<br \/>\nElt\u00e9r\u0151 utak K\u00f6z\u00e9p-Eur\u00f3p\u00e1ban c\u00edmmel a FAZ vez\u00e9rcikk\u00e9ben Karl-Peter Schwarz a szlov\u00e1kiai \u00e9s a magyarorsz\u00e1gi belpolitikai helyzetet elemezve kiemelte, hogy a korm\u00e1nyp\u00e1rt mindk\u00e9t orsz\u00e1gban a nemzeti \u00e9s t\u00e1rsadalmi \u00e9rdekek v\u00e9delm\u00e9t hangs\u00falyozza az EU-val \u00e9s a k\u00fclf\u00f6ldi befektet\u0151k profit\u00e9hs\u00e9g\u00e9vel szemben, a politikai ellenfeleket pedig azzal v\u00e1dolja, hogy a cserbenhagyt\u00e1k a gyenge t\u00e1rsadalmi r\u00e9tegeket \u00e9s a nemzetet &#8222;kiszolg\u00e1ltatt\u00e1k a glob\u00e1lis kaszin\u00f3kapitalizmusnak&#8221;. A moszkvai vezet\u00e9shez f\u0171z\u0151d\u0151 kapcsolatokat vizsg\u00e1lva a szerz\u0151 \u00fagy v\u00e9li: &#8222;m\u00e1r-m\u00e1r K\u00f6z\u00e9p-Eur\u00f3pa r\u00e9szleges putyiniz\u00e1l\u00f3d\u00e1s\u00e1r\u00f3l lehet besz\u00e9lni, hiszen Szlov\u00e1ki\u00e1ban \u00e9s Magyarorsz\u00e1gon is r\u00e9szben hat\u00e1lyon k\u00edv\u00fcl helyezt\u00e9k a k\u00f6lcs\u00f6n\u00f6s ellen\u0151rz\u00e9snek a parlament\u00e1ris demokr\u00e1ci\u00e1ra jellemz\u0151 rendszer\u00e9t&#8221;.<br \/>\nA Frankfurter Rundschau Vesz\u00e9lyben a demokr\u00e1cia c\u00edmmel \u00fagy v\u00e9li, hogy Orb\u00e1n Viktor a v\u00e1laszt\u00e1son &#8222;nem utols\u00f3sorban az\u00e9rt gy\u0151z majd egy\u00e9rtelm\u0171en, mert korl\u00e1tozta a sajt\u00f3szabads\u00e1got, \u00e9s a saj\u00e1t jav\u00e1ra m\u00f3dos\u00edtotta a v\u00e1laszt\u00f3jogot&#8221;. A szerz\u0151, Ulrich Kr\u00f6kel kiemelte: &#8222;legf\u0151bb ideje, hogy az EU a hazai +hadsz\u00ednterek+ fel\u00e9 forduljon&#8221;, mert &#8222;nem csak Orb\u00e1nr\u00f3l van sz\u00f3&#8221;, hanem arr\u00f3l is, hogy a francia Nemzeti Front ut\u00e1n a Jobbik k\u00e9p\u00e9ben &#8222;egy \u00fajabb rasszista, ny\u00edltan antiszemita p\u00e1rt \u00e9r el nyugtalan\u00edt\u00f3 v\u00e1laszt\u00e1si sikert&#8221;.<br \/>\nA S\u00fcddeutsche Zeitung Egy \u00faj t\u00edpus\u00fa populista c\u00edmmel k\u00f6z\u00f6lte Cathrin Kahlweit elemz\u00e9s\u00e9t, amely szerint Orb\u00e1n Viktor \u00e9s Alexander Vuvic szerb korm\u00e1nyf\u0151 a populista politikusok \u00faj t\u00edpus\u00e1t k\u00e9pviselik. Ideol\u00f3gi\u00e1juk szerint a n\u00e9p &#8222;homog\u00e9n&#8221;, akarata pedig a k\u00f6zj\u00f3ra ir\u00e1nyul \u00e9s csup\u00e1n egy hiteles k\u00e9pvisel\u0151re van sz\u00fcks\u00e9ge, aki ezt az akaratot \u00e9rv\u00e9nyes\u00edti. Ebben az ideol\u00f3gi\u00e1ban politikailag csak az lehet legitim, ami illik az erk\u00f6lcsi elk\u00e9pzel\u00e9sekhez, a karizmatikus vezet\u0151 pedig az &#8222;a f\u00e9rfi\u00fa, aki tudja, hogy mire van sz\u00fcks\u00e9ge a n\u00e9pnek&#8221;, \u00e9s akinek m\u00e1s v\u00e9lem\u00e9nye van, az nem is tartozik a n\u00e9phez.<br \/>\nA Handelsblatt az online kiad\u00e1s\u00e1ban k\u00f6z\u00f6lte Hans-Peter Seibenhaar \u00f6ssze\u00e1ll\u00edt\u00e1s\u00e1t A ragadoz\u00f3 c\u00edmmel. A szerz\u0151 \u00fagy v\u00e9lte, Orb\u00e1n Viktor &#8222;a nacionalizmus \u00e9s az antikapitalizmus r\u00e9v\u00e9n m\u00e1r a vas\u00e1rnapi v\u00e1laszt\u00e1sok el\u0151tt biztos\u00edtotta hatalm\u00e1t&#8221;, \u00e9s a v\u00e1laszt\u00e1son m\u00e1r csak az a k\u00e9rd\u00e9s, hogy k\u00e9tharmados gy\u0151zelmet szerez-e. Elemz\u0151k \u00e9s v\u00e1llalatvezet\u0151k v\u00e9lem\u00e9ny\u00e9t id\u00e9zve egyebek k\u00f6z\u00f6tt kifejtette, hogy Orb\u00e1n Viktor &#8222;sokoldal\u00fa&#8221; gazdas\u00e1gpolitik\u00e1t folytat, hiszen az antikapitalizmus k\u00e9pvisel\u0151je mellett a piacgazdas\u00e1g bar\u00e1tj\u00e1nak is mutatkozik, &#8222;ha ez haszn\u00e1l neki&#8221;.<br \/>\n<a title=\"Hely megnyit\u00e1sa\" href=\"http:\/\/www.handelsblatt.com\/politik\/international\/wahlen-in-ungarn-der-dauer-sieger\/9716774.html\" target=\"_blank\" rel=\"noopener\">http:\/\/www.handelsblatt.com\/politik\/international\/wahlen-in-ungarn-der-dauer-sieger\/9716774.html<\/a><br \/>\nA Deutschlandfunk Biztosnak sz\u00e1m\u00edt Orb\u00e1n Viktor m\u00e1sodik hivatali peri\u00f3dusa c\u00edmmel k\u00f6z\u00f6lt \u00f6ssze\u00e1ll\u00edt\u00e1st, amelyben egyebek k\u00f6z\u00f6tt \u00fagy v\u00e9lt\u00e9k, hogy a korm\u00e1nyf\u0151 a 2010-ben szerzett k\u00e9tharmados t\u00f6bbs\u00e9g r\u00e9v\u00e9n egy &#8222;nacionalista, \u00e9s a hatalom megtart\u00e1s\u00e1t c\u00e9lz\u00f3 alkotm\u00e1nyt fogadtatott el&#8221;, amely &#8222;a cenz\u00far\u00e1val hat\u00e1ros m\u00e9diaszab\u00e1lyokat r\u00f6gz\u00edt \u00e9s sz\u0171k\u00edteti az alkotm\u00e1nyb\u00edr\u00f3s\u00e1g jogk\u00f6reit&#8221;.<br \/>\n<a title=\"Hely megnyit\u00e1sa\" href=\"http:\/\/www.deutschlandfunk.de\/parlamentswahl-in-ungarn-viktor-orbans-zweite-amtszeit-gilt.1818.de.html?dram:article_id=282072\" target=\"_blank\" rel=\"noopener\">http:\/\/www.deutschlandfunk.de\/parlamentswahl-in-ungarn-viktor-orbans-zweite-amtszeit-gilt.1818.de.html?dram:article_id=282072<\/a><br \/>\nKritikus hangv\u00e9tel\u0171 szerkeszt\u0151s\u00e9gi cikket k\u00f6z\u00f6l Orb\u00e1n Viktor minisztereln\u00f6k politik\u00e1j\u00e1r\u00f3l a The Guardian. A vezet\u0151 brit baloldali napilap szombati kiad\u00e1s\u00e1ban megjelent \u00edr\u00e1s szerint Orb\u00e1n Viktor felemelked\u00e9se s\u00falyos k\u00e9rd\u00e9seket vet fel a Magyarorsz\u00e1g \u00e1ltal a hidegh\u00e1bor\u00fa v\u00e9ge \u00f3ta bej\u00e1rt politikai p\u00e1ly\u00e1val kapcsolatban. Ahol jelent\u0151s p\u00e1rtoknak kellene v\u00e1ltaniuk egym\u00e1st a hatalomban, ott egy p\u00e1rt van, amely l\u00e1that\u00f3lag \u00e9vekre be\u00e1sta mag\u00e1t, \u00e9s az egyetlen t\u00e9nyleg er\u0151teljes ellenz\u00e9ket a sz\u00e9ls\u0151jobb jelenti. A The Guardian szerint j\u00f3llehet a v\u00e1laszt\u00e1s nem el\u0151re lej\u00e1tszott, nagyon kevesen gondolj\u00e1k Magyarorsz\u00e1gon \u00e9s k\u00fclf\u00f6ld\u00f6n egyar\u00e1nt, hogy igazs\u00e1gos lenne.(MTI)<br \/>\n<a title=\"Hely megnyit\u00e1sa\" href=\"http:\/\/www.theguardian.com\/commentisfree\/2014\/apr\/04\/hungarian-elections-not-fixed-but-fair-editorial\" target=\"_blank\" rel=\"noopener\">http:\/\/www.theguardian.com\/commentisfree\/2014\/apr\/04\/hungarian-elections-not-fixed-but-fair-editorial<\/a><\/p>\n","protected":false},"excerpt":{"rendered":"<p>Nagy terjedelemben foglalkozott sz\u00e1mos k\u00fclf\u00f6ldi lap a magyar v\u00e1laszt\u00e1si kamp\u00e1nnyal \u00e9s a v\u00e1laszt\u00e1sok v\u00e1rhat\u00f3 kimenetel\u00e9vel szombaton.<\/p>\n","protected":false},"author":1,"featured_media":0,"comment_status":"open","ping_status":"closed","sticky":false,"template":"","format":"standard","meta":[],"categories":[19],"tags":[],"_links":{"self":[{"href":"https:\/\/gazdasagportal.hu\/index.php\/wp-json\/wp\/v2\/posts\/31783"}],"collection":[{"href":"https:\/\/gazdasagportal.hu\/index.php\/wp-json\/wp\/v2\/posts"}],"about":[{"href":"https:\/\/gazdasagportal.hu\/index.php\/wp-json\/wp\/v2\/types\/post"}],"author":[{"embeddable":true,"href":"https:\/\/gazdasagportal.hu\/index.php\/wp-json\/wp\/v2\/users\/1"}],"replies":[{"embeddable":true,"href":"https:\/\/gazdasagportal.hu\/index.php\/wp-json\/wp\/v2\/comments?post=31783"}],"version-history":[{"count":1,"href":"https:\/\/gazdasagportal.hu\/index.php\/wp-json\/wp\/v2\/posts\/31783\/revisions"}],"predecessor-version":[{"id":31784,"href":"https:\/\/gazdasagportal.hu\/index.php\/wp-json\/wp\/v2\/posts\/31783\/revisions\/31784"}],"wp:attachment":[{"href":"https:\/\/gazdasagportal.hu\/index.php\/wp-json\/wp\/v2\/media?parent=31783"}],"wp:term":[{"taxonomy":"category","embeddable":true,"href":"https:\/\/gazdasagportal.hu\/index.php\/wp-json\/wp\/v2\/categories?post=31783"},{"taxonomy":"post_tag","embeddable":true,"href":"https:\/\/gazdasagportal.hu\/index.php\/wp-json\/wp\/v2\/tags?post=31783"}],"curies":[{"name":"wp","href":"https:\/\/api.w.org\/{rel}","templated":true}]}}