{"id":31756,"date":"2014-04-04T20:07:23","date_gmt":"2014-04-04T18:07:23","guid":{"rendered":"http:\/\/stockportal.hu\/?p=31756"},"modified":"2014-04-04T18:58:03","modified_gmt":"2014-04-04T16:58:03","slug":"navracsics-a-kozigazgatas-felkeszult-a-specialis-ugyfelekre-is","status":"publish","type":"post","link":"https:\/\/gazdasagportal.hu\/index.php\/navracsics-a-kozigazgatas-felkeszult-a-specialis-ugyfelekre-is\/","title":{"rendered":"Navracsics: a k\u00f6zigazgat\u00e1s felk\u00e9sz\u00fclt a speci\u00e1lis \u00fcgyfelekre is"},"content":{"rendered":"<p><strong>A k\u00f6zigazgat\u00e1s felk\u00e9sz\u00fclt a speci\u00e1lis \u00fcgyfelekre is &#8211; mondta Navracsics Tibor minisztereln\u00f6k-helyettes a veszpr\u00e9mi AutiSpektrum Egyes\u00fclet \u00e1ltal, az autizmus vil\u00e1gnapja alkalm\u00e1b\u00f3l szervezett konferenci\u00e1n p\u00e9nteken a Pannon Egyetemen.<!--more--><\/strong><\/p>\n<p>A k\u00f6zigazgat\u00e1si \u00e9s igazs\u00e1g\u00fcgyi miniszter eml\u00e9keztetett: saj\u00e1t ter\u00fclet\u00fck\u00f6n megtett\u00e9k, amit lehet az autizmussal \u00e9s m\u00e1s fogyat\u00e9kkal \u00e9l\u0151 emberek\u00e9rt, hiszen nemcsak fizikai, hanem szellemi akad\u00e1lymentes\u00edt\u00e9st is v\u00e9ghez vittek a k\u00f6zigazgat\u00e1sban.<br \/>\n\u00cdgy az ott dolgoz\u00f3kat k\u00e9pz\u00e9seken k\u00e9sz\u00edtett\u00e9k fel arra, hogy a speci\u00e1lis \u00fcgyfelekkel hogyan b\u00e1njanak, mik\u00e9nt \u00e9rtsenek vel\u00fck sz\u00f3t \u00e9s hogyan int\u00e9zz\u00e9k \u00fcgyeiket &#8211; tette hozz\u00e1.<br \/>\n\u00dagy v\u00e9lte, hogy a magyar politika felel\u0151ss\u00e9ge is, hogy a k\u00fcl\u00f6nb\u00f6z\u0151 t\u00e1rsadalmi csoportokat, \u00edgy a fogyat\u00e9kkal \u00e9l\u0151ket is bevonj\u00e1k a k\u00f6z\u00f6ss\u00e9gbe.<br \/>\nA vil\u00e1gnapi programok seg\u00edtenek abban, hogy egy l\u00e9p\u00e9ssel k\u00f6zelebb ker\u00fclj\u00fcnk egym\u00e1shoz, \u00e9vr\u0151l-\u00e9vre k\u00f6zelebb ker\u00fclj\u00fcnk autista t\u00e1rsainkhoz &#8211; hiszen egy k\u00f6z\u00f6ss\u00e9g vagyunk, seg\u00edteni, gazdag\u00edtanunk kell egym\u00e1s \u00e9let\u00e9t &#8211; emelte ki Navracsics Tibor.<br \/>\nAz AutiSpektrum Egyes\u00fclet autizmusssal sz\u00fcletett gyermeket nevel\u0151 csal\u00e1dok \u00f6nseg\u00edt\u0151 szervezete, \u00f6tven csal\u00e1ddal \u00e1llnak kapcsolatban. Az autizmus vil\u00e1gnapj\u00e1n sz\u00e1mos szakmai \u00e9s szabadid\u0151s programot szerveztek az \u00e9rdekl\u0151d\u0151knek.<br \/>\nBrok\u00e9s Judit, az egyes\u00fclet eln\u00f6ke elmondta, egy\u00a0\u00a0meg\u00e1llapod\u00e1s nyom\u00e1n a j\u00f6v\u0151ben az autist\u00e1k\u00a0\u00a0kedvezm\u00e9nyes bel\u00e9p\u0151jeggyel l\u00e1togathatj\u00e1k a Kittenberger K\u00e1lm\u00e1n N\u00f6v\u00e9ny-\u00e9s Vadasparkot.<br \/>\nHozz\u00e1tette: a veszpr\u00e9mi \u00f6nkorm\u00e1nyzat az egyes\u00fclet rendelkez\u00e9s\u00e9re bocs\u00e1tott egy helyis\u00e9get, amit azonban m\u00e9g fel kell \u00faj\u00edtani, ehhez t\u00e1mogat\u00f3kat v\u00e1rnak.<br \/>\nA konferenci\u00e1n pszichol\u00f3gus \u00e9s pszichi\u00e1ter besz\u00e9lt az autizmusr\u00f3l \u00e9s autizmussal \u00e9l\u0151, tehets\u00e9ges fiatalok mutatkoztak be. Est\u00e9re j\u00f3t\u00e9konys\u00e1gi koncertet szervezett az egyes\u00fclet, szombaton pedig a Tekeres-v\u00f6lgybe v\u00e1rj\u00e1k kir\u00e1ndulni az \u00e9rdekl\u0151d\u0151ket.(MTI)<\/p>\n","protected":false},"excerpt":{"rendered":"<p>A k\u00f6zigazgat\u00e1s felk\u00e9sz\u00fclt a speci\u00e1lis \u00fcgyfelekre is &#8211; mondta Navracsics Tibor minisztereln\u00f6k-helyettes a veszpr\u00e9mi AutiSpektrum Egyes\u00fclet \u00e1ltal, az autizmus vil\u00e1gnapja alkalm\u00e1b\u00f3l szervezett konferenci\u00e1n p\u00e9nteken a Pannon Egyetemen.<\/p>\n","protected":false},"author":1,"featured_media":0,"comment_status":"open","ping_status":"closed","sticky":false,"template":"","format":"standard","meta":[],"categories":[19],"tags":[],"_links":{"self":[{"href":"https:\/\/gazdasagportal.hu\/index.php\/wp-json\/wp\/v2\/posts\/31756"}],"collection":[{"href":"https:\/\/gazdasagportal.hu\/index.php\/wp-json\/wp\/v2\/posts"}],"about":[{"href":"https:\/\/gazdasagportal.hu\/index.php\/wp-json\/wp\/v2\/types\/post"}],"author":[{"embeddable":true,"href":"https:\/\/gazdasagportal.hu\/index.php\/wp-json\/wp\/v2\/users\/1"}],"replies":[{"embeddable":true,"href":"https:\/\/gazdasagportal.hu\/index.php\/wp-json\/wp\/v2\/comments?post=31756"}],"version-history":[{"count":1,"href":"https:\/\/gazdasagportal.hu\/index.php\/wp-json\/wp\/v2\/posts\/31756\/revisions"}],"predecessor-version":[{"id":31757,"href":"https:\/\/gazdasagportal.hu\/index.php\/wp-json\/wp\/v2\/posts\/31756\/revisions\/31757"}],"wp:attachment":[{"href":"https:\/\/gazdasagportal.hu\/index.php\/wp-json\/wp\/v2\/media?parent=31756"}],"wp:term":[{"taxonomy":"category","embeddable":true,"href":"https:\/\/gazdasagportal.hu\/index.php\/wp-json\/wp\/v2\/categories?post=31756"},{"taxonomy":"post_tag","embeddable":true,"href":"https:\/\/gazdasagportal.hu\/index.php\/wp-json\/wp\/v2\/tags?post=31756"}],"curies":[{"name":"wp","href":"https:\/\/api.w.org\/{rel}","templated":true}]}}