{"id":31749,"date":"2014-04-04T17:35:31","date_gmt":"2014-04-04T15:35:31","guid":{"rendered":"http:\/\/stockportal.hu\/?p=31749"},"modified":"2014-04-04T17:35:31","modified_gmt":"2014-04-04T15:35:31","slug":"lufthansa-sztrajk-a-germanwings-jaratai-szombaton-mar-a-menetrend-szerint-kozlekednek","status":"publish","type":"post","link":"https:\/\/gazdasagportal.hu\/index.php\/lufthansa-sztrajk-a-germanwings-jaratai-szombaton-mar-a-menetrend-szerint-kozlekednek\/","title":{"rendered":"Lufthansa-sztr\u00e1jk &#8211; A Germanwings j\u00e1ratai szombaton m\u00e1r a menetrend szerint k\u00f6zlekednek"},"content":{"rendered":"<p><strong>A h\u00e1romnapos Lufthansa-sztr\u00e1jkot k\u00f6vet\u0151en a c\u00e9g diszkont le\u00e1nyv\u00e1llalata, a Germanwings j\u00e1ratai szombaton m\u00e1r a menetrend szerint k\u00f6zlekednek &#8211; k\u00f6z\u00f6lte a l\u00e9git\u00e1rsas\u00e1g p\u00e9nteken az MTI-vel.<!--more--><\/strong><\/p>\n<p>A munkabesz\u00fcntet\u00e9s h\u00e1rom napja alatt a l\u00e9git\u00e1rsas\u00e1g t\u00f6bb mint h\u00e9tsz\u00e1z j\u00e1ratot t\u00f6r\u00f6lt, hatsz\u00e1z viszont \u00fczemelt, ez id\u0151 alatt nem volt fennakad\u00e1s a rep\u00fcl\u0151tereken.<br \/>\nA Germanwings p\u00e9nteki n\u00e9gy budapesti j\u00e1rat\u00e1b\u00f3l kett\u0151t t\u00f6r\u00f6lt, a k\u00f6lni \u00e9s az esti stuttgarti j\u00e1rat nem k\u00f6zlekedik.<br \/>\nAz 5400 pil\u00f3ta r\u00e9szv\u00e9tel\u00e9vel harmadik napja tart\u00f3 sztr\u00e1jk miatt a n\u00e9met l\u00e9gi fuvaroz\u00f3 c\u00e9g 3800 j\u00e1ratot t\u00f6r\u00f6lt, amely mintegy 425 ezer utast \u00e9rintett.<br \/>\nA Budapest Airport j\u00e1ratinform\u00e1ci\u00f3i szerint 22 p\u00e9nteki budapesti j\u00e1ratb\u00f3l 16-ot t\u00f6r\u00f6ltek, csak a reggeli, a kora d\u00e9lut\u00e1ni \u00e9s az esti m\u00fcncheni j\u00e1rat fog \u00fczemelni, a frankfurti \u00e9s d\u00fcsseldorfi g\u00e9pek k\u00f6z\u00fcl egyik sem. A h\u00e1rom nap alatt a Lufthansa \u00f6sszesen 52 budapesti j\u00e1ratot t\u00f6r\u00f6lt.<br \/>\nA Lufthansa honlapj\u00e1n l\u00e9v\u0151 inform\u00e1ci\u00f3k szerint a p\u00e9ntek \u00e9jf\u00e9lig tart\u00f3 sztr\u00e1jk miatt szombaton reggelig 41, vas\u00e1rnap egy, h\u00e9tf\u0151n pedig tov\u00e1bbi n\u00e9gy j\u00e1ratot t\u00f6r\u00f6ltek.(MTI)<\/p>\n","protected":false},"excerpt":{"rendered":"<p>A h\u00e1romnapos Lufthansa-sztr\u00e1jkot k\u00f6vet\u0151en a c\u00e9g diszkont le\u00e1nyv\u00e1llalata, a Germanwings j\u00e1ratai szombaton m\u00e1r a menetrend szerint k\u00f6zlekednek &#8211; k\u00f6z\u00f6lte a l\u00e9git\u00e1rsas\u00e1g p\u00e9nteken az MTI-vel.<\/p>\n","protected":false},"author":1,"featured_media":0,"comment_status":"open","ping_status":"closed","sticky":false,"template":"","format":"standard","meta":[],"categories":[12],"tags":[],"_links":{"self":[{"href":"https:\/\/gazdasagportal.hu\/index.php\/wp-json\/wp\/v2\/posts\/31749"}],"collection":[{"href":"https:\/\/gazdasagportal.hu\/index.php\/wp-json\/wp\/v2\/posts"}],"about":[{"href":"https:\/\/gazdasagportal.hu\/index.php\/wp-json\/wp\/v2\/types\/post"}],"author":[{"embeddable":true,"href":"https:\/\/gazdasagportal.hu\/index.php\/wp-json\/wp\/v2\/users\/1"}],"replies":[{"embeddable":true,"href":"https:\/\/gazdasagportal.hu\/index.php\/wp-json\/wp\/v2\/comments?post=31749"}],"version-history":[{"count":2,"href":"https:\/\/gazdasagportal.hu\/index.php\/wp-json\/wp\/v2\/posts\/31749\/revisions"}],"predecessor-version":[{"id":31751,"href":"https:\/\/gazdasagportal.hu\/index.php\/wp-json\/wp\/v2\/posts\/31749\/revisions\/31751"}],"wp:attachment":[{"href":"https:\/\/gazdasagportal.hu\/index.php\/wp-json\/wp\/v2\/media?parent=31749"}],"wp:term":[{"taxonomy":"category","embeddable":true,"href":"https:\/\/gazdasagportal.hu\/index.php\/wp-json\/wp\/v2\/categories?post=31749"},{"taxonomy":"post_tag","embeddable":true,"href":"https:\/\/gazdasagportal.hu\/index.php\/wp-json\/wp\/v2\/tags?post=31749"}],"curies":[{"name":"wp","href":"https:\/\/api.w.org\/{rel}","templated":true}]}}