{"id":31722,"date":"2014-04-04T11:20:12","date_gmt":"2014-04-04T09:20:12","guid":{"rendered":"http:\/\/stockportal.hu\/?p=31722"},"modified":"2014-04-04T11:20:12","modified_gmt":"2014-04-04T09:20:12","slug":"a-balnanal-tartja-eredmenyvarojat-a-fidesz-kdnp","status":"publish","type":"post","link":"https:\/\/gazdasagportal.hu\/index.php\/a-balnanal-tartja-eredmenyvarojat-a-fidesz-kdnp\/","title":{"rendered":"A B\u00e1ln\u00e1n\u00e1l tartja eredm\u00e9nyv\u00e1r\u00f3j\u00e1t a Fidesz-KDNP"},"content":{"rendered":"<p><strong>A Fidesz-KDNP a budapesti B\u00e1lna el\u0151tt tartja vas\u00e1rnap v\u00e1laszt\u00e1si eredm\u00e9nyv\u00e1r\u00f3 rendezv\u00e9ny\u00e9t, ahov\u00e1 v\u00e1rj\u00e1k a p\u00e1rtsz\u00f6vets\u00e9g szimpatiz\u00e1nsait &#8211; k\u00f6z\u00f6lte Nyitrai Zsolt, a Fidesz t\u00e1rsadalmi kapcsolatok\u00e9rt felel\u0151s igazgat\u00f3ja p\u00e9nteken, az \u00e9p\u00fclet el\u0151tti sajt\u00f3t\u00e1j\u00e9koztat\u00f3j\u00e1n.<!--more--><\/strong><\/p>\n<div id=\"vid4u\"><\/div>\n<p><script type=\"text\/javascript\">\/\/ <![CDATA[\nvar rid = 100000 + Math.floor(Math.random()*99999); var b = document.createElement(\"div\"); b.setAttribute(\"id\", \"v4u_c_\"+rid+\"_3\"); var r = document.getElementById(\"vid4u\"); r.parentNode.insertBefore(b,r); r.setAttribute(\"id\", \"\"); (function(w, d, s, rid) { function go(){ var js, fjs = d.getElementsByTagName(s)[0], load = function(url, id) { if (d.getElementById(id)) { d.getElementById(id).onload = d.getElementById(id).onreadystatechange = function() { if (typeof vid4u != 'undefined') vid4u.init(480,289,\"0scneAox4k\",null,3, rid);}; return; } js = d.createElement(s); js.src = url; js.id = id; fjs.parentNode.insertBefore(js, fjs); js.onload = js.onreadystatechange = function() { if (typeof vid4u != 'undefined') vid4u.init(480,289,\"0scneAox4k\",null,3, rid); };}; load(\"\/\/video.vid4u.org\/vid4ul.js\", \"vjs_\"+rid); } go(); }(window, document, \"script\", rid));\n\/\/ ]]><\/script><\/p>\n<p>Elmondta, a IX. ker\u00fcleti F\u0151v\u00e1m t\u00e9rn\u00e9l l\u00e9v\u0151 B\u00e1lna d\u00e9li terasz\u00e1ra szervezett eredm\u00e9nyv\u00e1r\u00f3n jelen lesz Orb\u00e1n Viktor minisztereln\u00f6k, a Fidesz eln\u00f6ke, a nagyobbik korm\u00e1nyp\u00e1rt orsz\u00e1gos eln\u00f6ks\u00e9ge, korm\u00e1nytagok \u00e9s Fidesz-KDNP-s eur\u00f3pai parlamenti k\u00e9pvisel\u0151k. A rendezv\u00e9nyen kivet\u00edt\u0151n lehet majd nyomon k\u00f6vetni a v\u00e1laszt\u00e1s eredm\u00e9ny\u00e9t, \u00e9s ide, a B\u00e1lna kereskedelmi, kultur\u00e1lis \u00e9s sz\u00f3rakoztat\u00f3 k\u00f6zpontba v\u00e1rj\u00e1k a sajt\u00f3t is.<br \/>\n&#8222;Azt k\u00e9rj\u00fck mindenkit\u0151l, hogy most vas\u00e1rnap vegyen r\u00e9szt a v\u00e1laszt\u00e1son, \u00e9s mondja azt, hogy k\u00e9tszer Fidesz&#8221;, vagyis egy\u00e9niben \u00e9s list\u00e1n is a korm\u00e1nyp\u00e1rtokat t\u00e1mogassa, majd csatlakozzon a Fidesz-KDNP eredm\u00e9nyv\u00e1r\u00f3j\u00e1hoz &#8211; k\u00f6z\u00f6lte Nyitrai Zsolt.<br \/>\nA politikus hozz\u00e1tette, az orsz\u00e1ggy\u0171l\u00e9si v\u00e1laszt\u00e1sig folytatj\u00e1k a kamp\u00e1nyt, mert m\u00e9g &#8222;nagyon sok feladat \u00e1ll el\u0151tt\u00fcnk&#8221;. Egy\u00e9ni k\u00e9pvisel\u0151jel\u00f6ltjeik a h\u00e1tral\u00e9v\u0151 k\u00e9t napban &#8211; \u00edgy vas\u00e1rnap is &#8211; arra t\u00f6rekednek, hogy min\u00e9l t\u00f6bb v\u00e1laszt\u00f3polg\u00e1rt keressenek meg szem\u00e9lyesen, telefonon \u00e9s minden m\u00e1s, jogszab\u00e1ly adta m\u00f3don, buzd\u00edtva \u0151ket a Fidesz-KDNP t\u00e1mogat\u00e1s\u00e1ra a szavaz\u00e1son &#8211; ismertette.<br \/>\nNyitrai Zsolt hangs\u00falyozta, a Fidesz-KDNP jel\u00f6ltjei jelentik a garanci\u00e1t a munkahelyek teremt\u00e9s\u00e9re, a nyugd\u00edjak megv\u00e9d\u00e9s\u00e9re, a magyar v\u00e1llalkoz\u00e1sok t\u00e1mogat\u00e1s\u00e1ra \u00e9s a rezsics\u00f6kkent\u00e9s folytat\u00e1s\u00e1ra.(MTI)<\/p>\n","protected":false},"excerpt":{"rendered":"<p>A Fidesz-KDNP a budapesti B\u00e1lna el\u0151tt tartja vas\u00e1rnap v\u00e1laszt\u00e1si eredm\u00e9nyv\u00e1r\u00f3 rendezv\u00e9ny\u00e9t, ahov\u00e1 v\u00e1rj\u00e1k a p\u00e1rtsz\u00f6vets\u00e9g szimpatiz\u00e1nsait &#8211; k\u00f6z\u00f6lte Nyitrai Zsolt, a Fidesz t\u00e1rsadalmi kapcsolatok\u00e9rt felel\u0151s igazgat\u00f3ja p\u00e9nteken, az \u00e9p\u00fclet el\u0151tti sajt\u00f3t\u00e1j\u00e9koztat\u00f3j\u00e1n.<\/p>\n","protected":false},"author":1,"featured_media":0,"comment_status":"open","ping_status":"closed","sticky":false,"template":"","format":"standard","meta":[],"categories":[18],"tags":[],"_links":{"self":[{"href":"https:\/\/gazdasagportal.hu\/index.php\/wp-json\/wp\/v2\/posts\/31722"}],"collection":[{"href":"https:\/\/gazdasagportal.hu\/index.php\/wp-json\/wp\/v2\/posts"}],"about":[{"href":"https:\/\/gazdasagportal.hu\/index.php\/wp-json\/wp\/v2\/types\/post"}],"author":[{"embeddable":true,"href":"https:\/\/gazdasagportal.hu\/index.php\/wp-json\/wp\/v2\/users\/1"}],"replies":[{"embeddable":true,"href":"https:\/\/gazdasagportal.hu\/index.php\/wp-json\/wp\/v2\/comments?post=31722"}],"version-history":[{"count":1,"href":"https:\/\/gazdasagportal.hu\/index.php\/wp-json\/wp\/v2\/posts\/31722\/revisions"}],"predecessor-version":[{"id":31723,"href":"https:\/\/gazdasagportal.hu\/index.php\/wp-json\/wp\/v2\/posts\/31722\/revisions\/31723"}],"wp:attachment":[{"href":"https:\/\/gazdasagportal.hu\/index.php\/wp-json\/wp\/v2\/media?parent=31722"}],"wp:term":[{"taxonomy":"category","embeddable":true,"href":"https:\/\/gazdasagportal.hu\/index.php\/wp-json\/wp\/v2\/categories?post=31722"},{"taxonomy":"post_tag","embeddable":true,"href":"https:\/\/gazdasagportal.hu\/index.php\/wp-json\/wp\/v2\/tags?post=31722"}],"curies":[{"name":"wp","href":"https:\/\/api.w.org\/{rel}","templated":true}]}}