{"id":3142,"date":"2013-02-18T14:57:35","date_gmt":"2013-02-18T13:57:35","guid":{"rendered":"http:\/\/stockportal.hu\/?p=3142"},"modified":"2013-02-18T14:57:35","modified_gmt":"2013-02-18T13:57:35","slug":"fidesz-magyarorszag-a-keleti-nyitassal-a-vilaggazdasag-valtozasahoz-alkalmazkodik","status":"publish","type":"post","link":"https:\/\/gazdasagportal.hu\/index.php\/fidesz-magyarorszag-a-keleti-nyitassal-a-vilaggazdasag-valtozasahoz-alkalmazkodik\/","title":{"rendered":"Fidesz: Magyarorsz\u00e1g a keleti nyit\u00e1ssal a vil\u00e1ggazdas\u00e1g v\u00e1ltoz\u00e1s\u00e1hoz alkalmazkodik"},"content":{"rendered":"<p><strong>Magyarorsz\u00e1g a keleti nyit\u00e1s politik\u00e1j\u00e1val a glob\u00e1lis vil\u00e1ggazdas\u00e1g v\u00e1ltoz\u00e1s\u00e1hoz alkalmazkodik &#8211; reag\u00e1lt az MTI-hez eljuttatott k\u00f6zlem\u00e9ny\u00e9ben a szocialista Szanyi Tibor h\u00e9tf\u0151i szavaira Balla Mih\u00e1ly, az Orsz\u00e1ggy\u0171l\u00e9s K\u00fcl\u00fcgyi bizotts\u00e1g\u00e1nak fideszes eln\u00f6ke.<!--more--><\/strong><\/p>\n<p>Az MSZP-s politikus h\u00e9tf\u0151i sajt\u00f3t\u00e1j\u00e9koztat\u00f3j\u00e1n azt mondta, hogy a keleti nyit\u00e1s politik\u00e1ja semmilyen k\u00e9zzel foghat\u00f3 eredm\u00e9nyt nem hozott a korm\u00e1nyv\u00e1lt\u00e1s \u00f3ta.<br \/>\nBalla Mih\u00e1ly erre v\u00e1laszul azt \u00edrta, hogy ami a szocialist\u00e1k sz\u00e1m\u00e1ra &#8222;semmi&#8221;, az m\u00e1snak a meg\u00e9lhet\u00e9st \u00e9s a munkahelyet jelenti. Szemben a baloldal &#8222;bank\u00e1r t\u00edpus\u00fa korm\u00e1nyz\u00e1s\u00e1val, amely a k\u00fclf\u00f6ldi t\u0151ke sz\u00e1m\u00e1ra tett felt\u00e9tel n\u00e9lk\u00fcli gesztusokat \u00e9s t\u00f6nkretette a magyar v\u00e1llalkoz\u00e1sokat&#8221;, a Fidesz gazdas\u00e1gpolitik\u00e1ja a nemzeti \u00e9rdek \u00e9rv\u00e9nyes\u00edt\u00e9s\u00e9r\u0151l \u00e9s a hazai v\u00e1llalkoz\u00e1sok versenyk\u00e9pess\u00e9g\u00e9nek n\u00f6vel\u00e9se melletti elk\u00f6telezetts\u00e9gr\u0151l sz\u00f3l &#8211; k\u00f6z\u00f6lte.<br \/>\nArra is kit\u00e9rt, hogy minden olyan piacot kihaszn\u00e1lnak, legyen az nyugaton vagy keleten, amely a magyar v\u00e1llalkoz\u00e1sok sz\u00e1m\u00e1ra kedvez\u0151 lehet, amellyel t\u00f6bb magyar term\u00e9ket tudnak eladni \u00e9s t\u00f6bb munkahelyet tudnak teremteni. Hangs\u00falyozta, hogy ennek k\u00f6sz\u00f6nhet\u0151en egyre t\u00f6bb magyar v\u00e1llalat ker\u00fcl helyzetbe k\u00fclf\u00f6ld\u00f6n. (MTI)<\/p>\n","protected":false},"excerpt":{"rendered":"<p>Magyarorsz\u00e1g a keleti nyit\u00e1s politik\u00e1j\u00e1val a glob\u00e1lis vil\u00e1ggazdas\u00e1g v\u00e1ltoz\u00e1s\u00e1hoz alkalmazkodik &#8211; reag\u00e1lt az MTI-hez eljuttatott k\u00f6zlem\u00e9ny\u00e9ben a szocialista Szanyi Tibor h\u00e9tf\u0151i szavaira Balla Mih\u00e1ly, az Orsz\u00e1ggy\u0171l\u00e9s K\u00fcl\u00fcgyi bizotts\u00e1g\u00e1nak fideszes eln\u00f6ke.<\/p>\n","protected":false},"author":1,"featured_media":0,"comment_status":"closed","ping_status":"open","sticky":false,"template":"","format":"standard","meta":[],"categories":[19,18],"tags":[],"_links":{"self":[{"href":"https:\/\/gazdasagportal.hu\/index.php\/wp-json\/wp\/v2\/posts\/3142"}],"collection":[{"href":"https:\/\/gazdasagportal.hu\/index.php\/wp-json\/wp\/v2\/posts"}],"about":[{"href":"https:\/\/gazdasagportal.hu\/index.php\/wp-json\/wp\/v2\/types\/post"}],"author":[{"embeddable":true,"href":"https:\/\/gazdasagportal.hu\/index.php\/wp-json\/wp\/v2\/users\/1"}],"replies":[{"embeddable":true,"href":"https:\/\/gazdasagportal.hu\/index.php\/wp-json\/wp\/v2\/comments?post=3142"}],"version-history":[{"count":2,"href":"https:\/\/gazdasagportal.hu\/index.php\/wp-json\/wp\/v2\/posts\/3142\/revisions"}],"predecessor-version":[{"id":3144,"href":"https:\/\/gazdasagportal.hu\/index.php\/wp-json\/wp\/v2\/posts\/3142\/revisions\/3144"}],"wp:attachment":[{"href":"https:\/\/gazdasagportal.hu\/index.php\/wp-json\/wp\/v2\/media?parent=3142"}],"wp:term":[{"taxonomy":"category","embeddable":true,"href":"https:\/\/gazdasagportal.hu\/index.php\/wp-json\/wp\/v2\/categories?post=3142"},{"taxonomy":"post_tag","embeddable":true,"href":"https:\/\/gazdasagportal.hu\/index.php\/wp-json\/wp\/v2\/tags?post=3142"}],"curies":[{"name":"wp","href":"https:\/\/api.w.org\/{rel}","templated":true}]}}