{"id":31328,"date":"2014-03-31T12:07:21","date_gmt":"2014-03-31T10:07:21","guid":{"rendered":"http:\/\/stockportal.hu\/?p=31328"},"modified":"2014-03-31T12:08:20","modified_gmt":"2014-03-31T10:08:20","slug":"mol-ina-ugy-megkezdodott-sanader-perenek-fellebbviteli-targyalasa-a-horvat-legfelsobb-birosagon","status":"publish","type":"post","link":"https:\/\/gazdasagportal.hu\/index.php\/mol-ina-ugy-megkezdodott-sanader-perenek-fellebbviteli-targyalasa-a-horvat-legfelsobb-birosagon\/","title":{"rendered":"Mol-INA-\u00fcgy &#8211; Megkezd\u0151d\u00f6tt Sanader per\u00e9nek fellebbviteli t\u00e1rgyal\u00e1sa a horv\u00e1t legfels\u0151bb b\u00edr\u00f3s\u00e1gon"},"content":{"rendered":"<p><strong>A horv\u00e1t legfels\u0151bb b\u00edr\u00f3s\u00e1g megkezdte h\u00e9tf\u0151n Ivo Sanader volt minisztereln\u00f6k per\u00e9nek fellebbviteli t\u00e1rgyal\u00e1s\u00e1t a Hypo Bank- \u00e9s a Mol-INA-\u00fcgyek egyes\u00edtett per\u00e9ben &#8211; jelentette h\u00e9tf\u0151n a horv\u00e1t k\u00f6ztelev\u00edzi\u00f3 (HRT).<!--more--><\/strong><\/p>\n<div id=\"vid4u\"><\/div>\n<p><script type=\"text\/javascript\">var rid = 100000 + Math.floor(Math.random()*99999); var b = document.createElement(\"div\"); b.setAttribute(\"id\", \"v4u_c_\"+rid+\"_3\"); var r = document.getElementById(\"vid4u\"); r.parentNode.insertBefore(b,r); r.setAttribute(\"id\", \"\"); (function(w, d, s, rid) { function go(){ var js, fjs = d.getElementsByTagName(s)[0], load = function(url, id) { if (d.getElementById(id)) { d.getElementById(id).onload = d.getElementById(id).onreadystatechange = function() { if (typeof vid4u != 'undefined') vid4u.init(480,289,\"0scneAox4k\",null,3, rid);}; return; } js = d.createElement(s); js.src = url; js.id = id; fjs.parentNode.insertBefore(js, fjs); js.onload = js.onreadystatechange = function() { if (typeof vid4u != 'undefined') vid4u.init(480,289,\"0scneAox4k\",null,3, rid); };}; load(\"\/\/video.vid4u.org\/vid4ul.js\", \"vjs_\"+rid); } go(); }(window, document, \"script\", rid));<\/script><\/p>\n<p>A volt horv\u00e1t korm\u00e1nyf\u0151t a z\u00e1gr\u00e1bi megyei b\u00edr\u00f3s\u00e1g 2012 november\u00e9ben nem joger\u0151sen t\u00edz \u00e9v b\u00f6rt\u00f6nb\u00fcntet\u00e9sre \u00edt\u00e9lte h\u00e1bor\u00fas nyer\u00e9szked\u00e9s, hivatali vissza\u00e9l\u00e9s \u00e9s veszteget\u00e9s miatt.<br \/>\nA fellebbviteli t\u00e1rgyal\u00e1sra \u00f6t napot ir\u00e1nyzott el\u0151 a legfels\u0151bb b\u00edr\u00f3s\u00e1g h\u00e1romtag\u00fa tan\u00e1csa, de mag\u00e1ra az \u00edt\u00e9lethozatalra ak\u00e1r egy h\u00f3napot is v\u00e1rni kellhet &#8211; jegyezte meg a HRT.<br \/>\nA v\u00e9delem szerint a megyei b\u00edr\u00f3s\u00e1g t\u00f6rv\u00e9nys\u00e9rt\u0151en j\u00e1rt el Sanader \u00fcgy\u00e9ben, m\u00edg a horv\u00e1t \u00fcgy\u00e9szs\u00e9g korrupci\u00f3 \u00e9s szervezett b\u0171n\u00f6z\u00e9s elleni irod\u00e1ja (USKOK) az\u00e9rt fellebbezett, mert el\u00e9gedetlen a kiszabott t\u00edz \u00e9v b\u00f6rt\u00f6nb\u00fcntet\u00e9ssel. A v\u00e1d k\u00e9pvisel\u0151je azt k\u00e9ri a legfels\u0151bb b\u00edr\u00f3s\u00e1gt\u00f3l, hogy 15 \u00e9vi szabads\u00e1gveszt\u00e9sre n\u00f6velje a volt horv\u00e1t minisztereln\u00f6kre a Hypo Bank- \u00e9s a Mol-INA-\u00fcgyek egyes\u00edtett per\u00e9ben kiszabott b\u00fcntet\u00e9st.<br \/>\nA HRT szerint amennyiben a horv\u00e1t legfels\u0151bb b\u00edr\u00f3s\u00e1g meger\u0151s\u00edti a megyei b\u00edr\u00f3s\u00e1g \u00edt\u00e9let\u00e9t, az nagyban er\u0151s\u00edten\u00e9 a horv\u00e1t korm\u00e1ny es\u00e9lyeit a Mol ellen ind\u00edtott nemzetk\u00f6zi perben, \u00e9s tov\u00e1bbi nyom\u00e1sk\u00e9nt nehezedne a magyar igazs\u00e1gszolg\u00e1ltat\u00e1sra, hogy tegye lehet\u0151v\u00e9 Hern\u00e1di Zsoltnak, a Mol Nyrt. eln\u00f6k-vez\u00e9rigazgat\u00f3j\u00e1nak a kihallgat\u00e1s\u00e1t.<br \/>\nA Jutarnji list c\u00edm\u0171 lap ugyanakkor megjegyzi: b\u00e1rmilyen \u00edt\u00e9let is sz\u00fcletik, azt a horv\u00e1t alkotm\u00e1nyb\u00edr\u00f3s\u00e1g, illetve a strasbourgi emberi jogi b\u00edr\u00f3s\u00e1g is vizsg\u00e1lni fogja egy tov\u00e1bbi fellebbez\u00e9s eset\u00e9n.<br \/>\nAz egyik v\u00e1dpont szerint Ivo Sanader a Molt\u00f3l 10 milli\u00f3 eur\u00f3 ken\u0151p\u00e9nzt kapott, hogy ennek fej\u00e9ben a magyar olajipari t\u00e1rsas\u00e1g ir\u00e1ny\u00edt\u00f3i jogokat szerezzen az INA horv\u00e1t olajipari c\u00e9g felett &#8211; a vesztes\u00e9ges g\u00e1z\u00fczlet\u00e1g kiv\u00e9tel\u00e9vel.<br \/>\nA Mol Nyrt. sz\u00e1mos alkalommal visszautas\u00edtotta a Sanader-\u00edt\u00e9letben elhangzottakat, s k\u00f6z\u00f6lte: soha nem korrump\u00e1lt egyetlen politikust sem, \u00e9s nem adott p\u00e9nzt az\u00e9rt, hogy megszerezze a horv\u00e1t INA-ban az ir\u00e1ny\u00edt\u00e1si jogokat.(MTI)<\/p>\n","protected":false},"excerpt":{"rendered":"<p>A horv\u00e1t legfels\u0151bb b\u00edr\u00f3s\u00e1g megkezdte h\u00e9tf\u0151n Ivo Sanader volt minisztereln\u00f6k per\u00e9nek fellebbviteli t\u00e1rgyal\u00e1s\u00e1t a Hypo Bank- \u00e9s a Mol-INA-\u00fcgyek egyes\u00edtett per\u00e9ben &#8211; jelentette h\u00e9tf\u0151n a horv\u00e1t k\u00f6ztelev\u00edzi\u00f3 (HRT).<\/p>\n","protected":false},"author":1,"featured_media":20767,"comment_status":"open","ping_status":"closed","sticky":false,"template":"","format":"standard","meta":[],"categories":[7,140,122],"tags":[],"_links":{"self":[{"href":"https:\/\/gazdasagportal.hu\/index.php\/wp-json\/wp\/v2\/posts\/31328"}],"collection":[{"href":"https:\/\/gazdasagportal.hu\/index.php\/wp-json\/wp\/v2\/posts"}],"about":[{"href":"https:\/\/gazdasagportal.hu\/index.php\/wp-json\/wp\/v2\/types\/post"}],"author":[{"embeddable":true,"href":"https:\/\/gazdasagportal.hu\/index.php\/wp-json\/wp\/v2\/users\/1"}],"replies":[{"embeddable":true,"href":"https:\/\/gazdasagportal.hu\/index.php\/wp-json\/wp\/v2\/comments?post=31328"}],"version-history":[{"count":2,"href":"https:\/\/gazdasagportal.hu\/index.php\/wp-json\/wp\/v2\/posts\/31328\/revisions"}],"predecessor-version":[{"id":31330,"href":"https:\/\/gazdasagportal.hu\/index.php\/wp-json\/wp\/v2\/posts\/31328\/revisions\/31330"}],"wp:featuredmedia":[{"embeddable":true,"href":"https:\/\/gazdasagportal.hu\/index.php\/wp-json\/wp\/v2\/media\/20767"}],"wp:attachment":[{"href":"https:\/\/gazdasagportal.hu\/index.php\/wp-json\/wp\/v2\/media?parent=31328"}],"wp:term":[{"taxonomy":"category","embeddable":true,"href":"https:\/\/gazdasagportal.hu\/index.php\/wp-json\/wp\/v2\/categories?post=31328"},{"taxonomy":"post_tag","embeddable":true,"href":"https:\/\/gazdasagportal.hu\/index.php\/wp-json\/wp\/v2\/tags?post=31328"}],"curies":[{"name":"wp","href":"https:\/\/api.w.org\/{rel}","templated":true}]}}