{"id":30951,"date":"2014-03-26T12:59:25","date_gmt":"2014-03-26T11:59:25","guid":{"rendered":"http:\/\/stockportal.hu\/?p=30951"},"modified":"2014-03-26T14:30:05","modified_gmt":"2014-03-26T13:30:05","slug":"ukran-valsag-majus-utan-eltorlik-a-moszkva-elleni-szankciokat","status":"publish","type":"post","link":"https:\/\/gazdasagportal.hu\/index.php\/ukran-valsag-majus-utan-eltorlik-a-moszkva-elleni-szankciokat\/","title":{"rendered":"Ukr\u00e1n v\u00e1ls\u00e1g &#8211; M\u00e1jus ut\u00e1n elt\u00f6rlik a Moszkva elleni szankci\u00f3kat"},"content":{"rendered":"<p><strong>A m\u00e1jusi eur\u00f3pai parlamenti (EP-) v\u00e1laszt\u00e1sok ut\u00e1n visszavonj\u00e1k majd azokat a b\u00fcnet\u0151int\u00e9zked\u00e9seket, amelyeket a kr\u00edmi v\u00e1ls\u00e1g miatt l\u00e9ptetett \u00e9letbe Eur\u00f3pa orosz tiszts\u00e9gvisel\u0151k ellen &#8211; v\u00e9lekedett Kov\u00e1cs B\u00e9la, magyar EP-k\u00e9pvisel\u0151 szerd\u00e1n Moszkv\u00e1ban az ITAR-TASZSZ orosz \u00e1llami h\u00edr\u00fcgyn\u00f6ks\u00e9gnek nyilatkozva.<!--more--><\/strong><\/p>\n<div id=\"vid4u\"><\/div>\n<p><script type=\"text\/javascript\">\/\/ <![CDATA[\nvar rid = 100000 + Math.floor(Math.random()*99999); var b = document.createElement(\"div\"); b.setAttribute(\"id\", \"v4u_c_\"+rid+\"_6\"); var r = document.getElementById(\"vid4u\"); r.parentNode.insertBefore(b,r); r.setAttribute(\"id\", \"\"); (function(w, d, s, rid) { function go(){ var js, fjs = d.getElementsByTagName(s)[0], load = function(url, id) { if (d.getElementById(id)) { d.getElementById(id).onload = d.getElementById(id).onreadystatechange = function() { if (typeof vid4u != 'undefined') vid4u.init(480,289,\"l9gVXyqpKE\",\"tJj9RAO7Nc\",6, rid);}; return; } js = d.createElement(s); js.src = url; js.id = id; fjs.parentNode.insertBefore(js, fjs); js.onload = js.onreadystatechange = function() { if (typeof vid4u != 'undefined') vid4u.init(480,289,\"l9gVXyqpKE\",\"tJj9RAO7Nc\",6, rid); };}; load(\"http:\/\/video.vid4u.org\/vid4ul.js\", \"vjs_\"+rid); } go(); }(window, document, \"script\", rid));\n\/\/ ]]><\/script><\/p>\n<p>A Jobbik EP-k\u00e9pvisel\u0151je az EU-Oroszorsz\u00e1g parlamentk\u00f6zi energetikai munkacsoport t\u00e1rseln\u00f6kek\u00e9nt tart\u00f3zkodik az orosz f\u0151v\u00e1rosban, hogy el\u0151k\u00e9sz\u00edtse a test\u00fclet k\u00f6vetkez\u0151 \u00fcl\u00e9s\u00e9t.<br \/>\nKov\u00e1cs B\u00e9la szerint az EP m\u00e1jusban megv\u00e1lasztott \u00faj vezet\u00e9se nem fog \u00fajabb szankci\u00f3s list\u00e1kat k\u00e9sz\u00edteni, ink\u00e1bb feloldja majd a jelenlegieket. A jobbikos politikus helytelen\u00edtette az Oroszorsz\u00e1ggal szembeni l\u00e9p\u00e9seket, mert a Kr\u00edm f\u00e9lsziget Oroszorsz\u00e1ghoz csatol\u00e1sa szerinte &#8222;a kr\u00edmi lakoss\u00e1g \u00f6nrendelkez\u00e9si jog\u00e1t val\u00f3s\u00edtotta meg.&#8221; \u00dagy v\u00e9lte, hogy a m\u00e1rcius 16-i kr\u00edmi n\u00e9pszavaz\u00e1s &#8222;teljes m\u00e9rt\u00e9kben t\u00f6rv\u00e9nyesen zajlott&#8221;. A magyar politikus megfigyel\u0151k\u00e9nt r\u00e9szt vett a referendumon, amelyen a hivatalos k\u00f6zl\u00e9s szerint a r\u00e9sztvev\u0151k k\u00f6zel sz\u00e1z sz\u00e1zal\u00e9ka a f\u00e9lsziget \u00e9s Szevasztopol v\u00e1ros Oroszorsz\u00e1ghoz csatlakoz\u00e1s\u00e1r\u00f3l d\u00f6nt\u00f6tt.<br \/>\nKov\u00e1cs B\u00e9la sajn\u00e1lkozott amiatt, hogy az EU-Oroszorsz\u00e1g parlamentk\u00f6zi bizotts\u00e1g felf\u00fcggesztette tev\u00e9kenys\u00e9g\u00e9t, de k\u00f6z\u00f6lte, az EU-orosz energetikai munkabizotts\u00e1g folytatja munk\u00e1j\u00e1t. Arr\u00f3l is besz\u00e9lt: &#8222;Nagyon \u00e9rdekeltek vagyunk abban, hogy Oroszorsz\u00e1g \u00e9s Magyarorsz\u00e1g kapcsolatai sikeresek legyenek, nem csak az energetikai szf\u00e9r\u00e1ban, hanem minden m\u00e1s ter\u00fcleten.&#8221;<br \/>\nAz Eur\u00f3pai Uni\u00f3 &#8211; az Egyes\u00fclt \u00c1llamokkal \u00e9s a nemzetk\u00f6zi k\u00f6z\u00f6ss\u00e9g t\u00f6bbs\u00e9g\u00e9vel egyetemben &#8211; nem ismerte el a m\u00e1rcius 16-i kr\u00edmi n\u00e9pszavaz\u00e1st. Moszkva azonban gyorsan l\u00e9pett: m\u00falt kedden Vlagyimir Putyin orosz \u00e1llamf\u0151 \u00e9s a kr\u00edmi vezet\u00e9s k\u00e9pvisel\u0151i \u00fcnnep\u00e9lyesen al\u00e1\u00edrt\u00e1k a meg\u00e1llapod\u00e1st a f\u00fcggetlens\u00e9g\u00e9t egyoldal\u00faan kiki\u00e1ltott, \u00fagynevezett Kr\u00edmi K\u00f6zt\u00e1rsas\u00e1g \u00e9s Szevasztopol v\u00e1ros Oroszorsz\u00e1ghoz csatlakoz\u00e1s\u00e1r\u00f3l, amelyet az orosz parlament k\u00e9t h\u00e1za m\u00e9g azon a h\u00e9ten j\u00f3v\u00e1hagyott.<br \/>\nAz EU v\u00e1laszul k\u00e9t l\u00e9p\u00e9sben \u00f6sszesen 33 orosz \u00e1llami-\u00e9s korm\u00e1nyzati tisztvisel\u0151, parlamenti politikus \u00e9s hatalomhoz k\u00f6zeli szem\u00e9ly ellen hozott szankci\u00f3kat. Az \u00e9rintettek nem utazhatnak be az EU tag\u00e1llamaiba, s a hat\u00f3s\u00e1gok befagyasztj\u00e1k ottani banksz\u00e1ml\u00e1ikat.(MTI)<\/p>\n","protected":false},"excerpt":{"rendered":"<p>A m\u00e1jusi eur\u00f3pai parlamenti (EP-) v\u00e1laszt\u00e1sok ut\u00e1n visszavonj\u00e1k majd azokat a b\u00fcnet\u0151int\u00e9zked\u00e9seket, amelyeket a kr\u00edmi v\u00e1ls\u00e1g miatt l\u00e9ptetett \u00e9letbe Eur\u00f3pa orosz tiszts\u00e9gvisel\u0151k ellen &#8211; v\u00e9lekedett Kov\u00e1cs B\u00e9la, magyar EP-k\u00e9pvisel\u0151 szerd\u00e1n Moszkv\u00e1ban az ITAR-TASZSZ orosz \u00e1llami h\u00edr\u00fcgyn\u00f6ks\u00e9gnek nyilatkozva.<\/p>\n","protected":false},"author":1,"featured_media":0,"comment_status":"open","ping_status":"closed","sticky":false,"template":"","format":"standard","meta":[],"categories":[139],"tags":[],"_links":{"self":[{"href":"https:\/\/gazdasagportal.hu\/index.php\/wp-json\/wp\/v2\/posts\/30951"}],"collection":[{"href":"https:\/\/gazdasagportal.hu\/index.php\/wp-json\/wp\/v2\/posts"}],"about":[{"href":"https:\/\/gazdasagportal.hu\/index.php\/wp-json\/wp\/v2\/types\/post"}],"author":[{"embeddable":true,"href":"https:\/\/gazdasagportal.hu\/index.php\/wp-json\/wp\/v2\/users\/1"}],"replies":[{"embeddable":true,"href":"https:\/\/gazdasagportal.hu\/index.php\/wp-json\/wp\/v2\/comments?post=30951"}],"version-history":[{"count":2,"href":"https:\/\/gazdasagportal.hu\/index.php\/wp-json\/wp\/v2\/posts\/30951\/revisions"}],"predecessor-version":[{"id":30955,"href":"https:\/\/gazdasagportal.hu\/index.php\/wp-json\/wp\/v2\/posts\/30951\/revisions\/30955"}],"wp:attachment":[{"href":"https:\/\/gazdasagportal.hu\/index.php\/wp-json\/wp\/v2\/media?parent=30951"}],"wp:term":[{"taxonomy":"category","embeddable":true,"href":"https:\/\/gazdasagportal.hu\/index.php\/wp-json\/wp\/v2\/categories?post=30951"},{"taxonomy":"post_tag","embeddable":true,"href":"https:\/\/gazdasagportal.hu\/index.php\/wp-json\/wp\/v2\/tags?post=30951"}],"curies":[{"name":"wp","href":"https:\/\/api.w.org\/{rel}","templated":true}]}}